{"id":33749,"date":"2021-12-04T16:56:16","date_gmt":"2021-12-04T16:56:16","guid":{"rendered":"https:\/\/www.ole.com.ar\/river-plate\/river-defensa-racha-liga-profesional_0_jmQ1yBo8M.html"},"modified":"2021-12-04T16:56:16","modified_gmt":"2021-12-04T16:56:16","slug":"river-vs-defensa-un-duelo-con-dos-tremendas-rachas-en-juego","status":"publish","type":"post","link":"http:\/\/hoycordobaweb.com\/index.php\/2021\/12\/04\/river-vs-defensa-un-duelo-con-dos-tremendas-rachas-en-juego\/","title":{"rendered":"River vs. Defensa, un duelo con dos tremendas rachas en juego"},"content":{"rendered":"<p><img src=\"http:\/\/hoycordobaweb.com\/wp-content\/uploads\/2021\/12\/river-vs-defensa-un-duelo-con-dos-tremendas-rachas-en-juego.jpg\"><\/p>\n<p>Los ingredientes est\u00e1n sobre la mesa y el plato promete ser rico, jugoso, para saborear cada bocado al m\u00e1ximo y por qu\u00e9 no, cuando se termine, llamar al mozo para repetir. Los mesa est\u00e1 servida: 72.054 personas en las tribunas, una alfombra verde en el Monumental y dos propuestas seductoras. En una silla se sentar\u00e1 <strong><a alt=\"river-plate\" class=\"slug\" href=\"https:\/\/www.ole.com.ar\/tema\/river-plate.html\" target=\"_blank\" title=\"river-plate\" rel=\"noopener noreferrer\">River<\/a><\/strong>, el campe\u00f3n. En la otra, el sorprendente <strong><a alt=\"defensa-y-justicia\" class=\"slug\" href=\"https:\/\/www.ole.com.ar\/tema\/defensa-y-justicia.html\" target=\"_blank\" title=\"defensa-y-justicia\" rel=\"noopener noreferrer\">Defensa<\/a><\/strong> de <strong><a alt=\"sebastian-beccacece\" class=\"slug\" href=\"https:\/\/www.ole.com.ar\/tema\/sebastian-beccacece.html\" target=\"_blank\" title=\"sebastian-beccacece\" rel=\"noopener noreferrer\">Beccacece<\/a><\/strong>. Dos equipos que pondr\u00e1n en juego las mejores rachas de la <strong><a alt=\"liga-profesional\" class=\"slug\" href=\"https:\/\/www.ole.com.ar\/tema\/liga-profesional.html\" target=\"_blank\" title=\"liga-profesional\" rel=\"noopener noreferrer\">Liga Profesional<\/a><\/strong>.<\/p>\n<div class=\"sp__SM\">\n<div class=\"content-new \">\n<span class=\"tit-mobile\">Mir\u00e1 tambi\u00e9n<\/span><\/p>\n<div class=\"mg\">\n<div class=\"wrap-figure\">\n<picture>\n<a href=\"https:\/\/www.ole.com.ar\/river-plate\/elecciones-river-vota-monumental_0_A_YXlqdRZ.html\" target=\"_self\" rel=\"noopener noreferrer\"><br \/>\n<img class=\"img-responsive\" alt=\"Elecciones en River: ya votaron los candidatos en el Monumental\" src=\"http:\/\/hoycordobaweb.com\/wp-content\/uploads\/2021\/12\/river-vs-defensa-un-duelo-con-dos-tremendas-rachas-en-juego-2.jpg\" loading=\"lazy\"><br \/>\n<\/a>\n<\/picture>\n<\/div>\n<\/div><\/div>\n<\/div>\n<p>El equipo de <strong><a alt=\"marcelo-gallardo\" class=\"slug\" href=\"https:\/\/www.ole.com.ar\/tema\/marcelo-gallardo.html\" target=\"_blank\" title=\"marcelo-gallardo\" rel=\"noopener noreferrer\">Marcelo Gallardo<\/a><\/strong> meti\u00f3 un tremendo volantazo post eliminaci\u00f3n de la Copa Libertadores ante Atl\u00e9tico Mineiro y fue enhebrando un tremendo invicto, con hilos fuertes para soportar las bajas por lesiones y convocados a las selecciones.<strong> Con 17 partidos sin conocer la derrota, alcanz\u00f3 a lograr ocho triunfos al hilo -alegr\u00eda ante Boca incluida-<\/strong> y esa arrasadora seguidilla le permiti\u00f3 ponerse la corona y<strong> dar la vuelta con tres fechas de antelaci\u00f3n.<\/strong><\/p>\n<div class=\"sp__SM\">\n<div class=\"content-new \">\n<span class=\"tit-mobile\">Mir\u00e1 tambi\u00e9n<\/span><\/p>\n<div class=\"mg\">\n<div class=\"wrap-figure\">\n<picture>\n<a href=\"https:\/\/www.ole.com.ar\/river-plate\/probable-equipo-river-defensa-justicia_0_LNHXIieMw.html\" target=\"_self\" rel=\"noopener noreferrer\"><br \/>\n<img class=\"img-responsive\" alt=\"El probable 11 de River para recibir al Halc\u00f3n\" src=\"http:\/\/hoycordobaweb.com\/wp-content\/uploads\/2021\/12\/river-vs-defensa-un-duelo-con-dos-tremendas-rachas-en-juego-3.jpg\" loading=\"lazy\"><br \/>\n<\/a>\n<\/picture>\n<\/div>\n<\/div><\/div>\n<\/div>\n<div class=\"sp__Normal\">\n<div class=\"image-embeb image-trigger\" readability=\"6\">\n<picture><source media=\"(min-width: 720px)\" srcset=\"http:\/\/hoycordobaweb.com\/wp-content\/uploads\/2021\/12\/river-vs-defensa-un-duelo-con-dos-tremendas-rachas-en-juego-4.jpg\"><img itemprop=\"image\" src=\"http:\/\/hoycordobaweb.com\/wp-content\/uploads\/2021\/12\/river-vs-defensa-un-duelo-con-dos-tremendas-rachas-en-juego-4.jpg\" loading=\"lazy\" alt=\"Marcelo Gallardo con la copa ganada\">\n<\/picture><figcaption readability=\"2\">\n<p>Marcelo Gallardo con la copa ganada\n<\/p>\n<\/figcaption><\/div>\n<\/div>\n<p>Es cierto que este River intimida, pero el Halc\u00f3n viene volando bien alto y como buen depredador, est\u00e1 al acecho. <strong>Despu\u00e9s del CARP, el conjunto de Varela es el equipo de Primera Divisi\u00f3n que conserva el mejor invicto.<\/strong> Las estad\u00edsticas marcan que <strong>de los \u00faltimos 10 encuentros gan\u00f3 ocho partidos y empat\u00f3 dos<\/strong>, mientras que <strong>entre las fechas 18 y 22 sum\u00f3 15 de 15<\/strong> hasta que Col\u00f3n le puso un freno en el 1-1 bajo un diluvio en Varela.<\/p>\n<div class=\"sp__SM\">\n<div class=\"content-new \">\n<span class=\"tit-mobile\">Mir\u00e1 tambi\u00e9n<\/span><\/p>\n<div class=\"mg\">\n<div class=\"wrap-figure\">\n<picture>\n<a href=\"https:\/\/www.ole.com.ar\/river-plate\/quintero-river-gallardo_0_6dgR6pVUk.html\" target=\"_self\" rel=\"noopener noreferrer\"><br \/>\n<img class=\"img-responsive\" alt=\"Quintero y sus ganas reales de volver a River\" src=\"http:\/\/hoycordobaweb.com\/wp-content\/uploads\/2021\/12\/river-vs-defensa-un-duelo-con-dos-tremendas-rachas-en-juego-5.jpg\" loading=\"lazy\"><br \/>\n<\/a>\n<\/picture>\n<\/div>\n<\/div><\/div>\n<\/div>\n<p>A pesar de no contar con figuras de renombre, esos resultados&nbsp;lo catapultaron al tercer puesto de la tabla y a zona de clasificaci\u00f3n a la pr\u00f3xima Copa Sudamericana. Con piezas s\u00f3lidas en todas las l\u00edneas y <strong>arriba disfruta del uruguayo Miguel Merentiel (nueve goles en el torneo) y de Walter Bou (ocho)<\/strong>, dos que. como dato curioso, <strong>suman la misma cantidad de gritos que acumula Juli\u00e1n \u00c1lvarez en lo que va de la Liga (17).<\/strong><\/p>\n<div class=\"sp__SM\">\n<div class=\"content-new \">\n<span class=\"tit-mobile\">Mir\u00e1 tambi\u00e9n<\/span><\/p>\n<div class=\"mg\">\n<div class=\"wrap-figure\">\n<picture>\n<a href=\"https:\/\/www.ole.com.ar\/river-plate\/ole-calchin-julian-alvarez-river_0_qKu_rGG5X.html\" target=\"_self\" rel=\"noopener noreferrer\"><br \/>\n<img class=\"img-responsive\" alt=\"Exclusivo: la tierra de Juli\u00e1n \u00c1lvarez, desde adentro\" src=\"http:\/\/hoycordobaweb.com\/wp-content\/uploads\/2021\/12\/river-vs-defensa-un-duelo-con-dos-tremendas-rachas-en-juego-6.jpg\" loading=\"lazy\"><br \/>\n<\/a>\n<\/picture>\n<\/div>\n<\/div><\/div>\n<\/div>\n<div class=\"sp__Normal\">\n<div class=\"image-embeb image-trigger\" readability=\"6\">\n<picture><source media=\"(min-width: 720px)\" srcset=\"http:\/\/hoycordobaweb.com\/wp-content\/uploads\/2021\/12\/river-vs-defensa-un-duelo-con-dos-tremendas-rachas-en-juego-7.jpg\"><img itemprop=\"image\" src=\"http:\/\/hoycordobaweb.com\/wp-content\/uploads\/2021\/12\/river-vs-defensa-un-duelo-con-dos-tremendas-rachas-en-juego-7.jpg\" loading=\"lazy\" alt=\"Beccacece frente al desaf\u00edo de bajar al River de Gallardo. Fotobaires\">\n<\/picture><figcaption readability=\"2\">\n<p>Beccacece frente al desaf\u00edo de bajar al River de Gallardo. Fotobaires\n<\/p>\n<\/figcaption><\/div>\n<\/div>\n<p>Con la misma intensidad que Beccacece camina de un lado al otro en el banco de suplentes, <strong>Defensa fue construyendo&nbsp;un estilo de juego&nbsp;atractivo, semejante al que pregona Gallardo. <\/strong>Y eso llev\u00f3 a que el Halc\u00f3n en los \u00faltimos a\u00f1os sea como una especie de filial de River por los pasos auspiciosos, por ejemplo, de Enzo Fern\u00e1ndez y David Mart\u00ednez.&nbsp;<\/p>\n<div class=\"sp__SM\">\n<div class=\"content-new \">\n<span class=\"tit-mobile\">Mir\u00e1 tambi\u00e9n<\/span><\/p>\n<div class=\"mg\">\n<div class=\"wrap-figure\">\n<picture>\n<a href=\"https:\/\/www.ole.com.ar\/futbol-primera\/fecha-24-tabla-posiciones-fecha-24_0_4KvCwovAP.html\" target=\"_self\" rel=\"noopener noreferrer\"><br \/>\n<img class=\"img-responsive\" alt=\"Liga Profesional: as\u00ed qued\u00f3 la tabla con el empate de V\u00e9lez y c\u00f3mo sigue la fecha\" src=\"http:\/\/hoycordobaweb.com\/wp-content\/uploads\/2021\/12\/river-vs-defensa-un-duelo-con-dos-tremendas-rachas-en-juego-8.jpg\" loading=\"lazy\"><br \/>\n<\/a>\n<\/picture>\n<\/div>\n<\/div><\/div>\n<\/div>\n<p><a target=\"_blank\" href=\"https:\/\/www.ole.com.ar\/defensa-y-justicia\/beccacece-river-puntero-liga-profesional_0_U1Wk9dXBU.html\" rel=\"noopener noreferrer\"><strong>\u00abRiver tiene un seleccionado sudamericano. Por ah\u00ed es normal que marque la diferencia en una sola competencia\u00bb<\/strong><\/a>, asegur\u00f3 hace un tiempo Becca al referirse a la supremac\u00eda del CARP en el torneo. Y si bien tambi\u00e9n remarc\u00f3 que <strong>\u00abes muy d\u00edficil competirle hoy a River\u00bb<\/strong>, destac\u00f3 que el resto <strong>\u00abvenimos desde la escasez con ganas y entusiasmo por mejorar\u00bb.<\/strong><\/p>\n<div class=\"sp__SM\">\n<div class=\"content-new \">\n<span class=\"tit-mobile\">Mir\u00e1 tambi\u00e9n<\/span><\/p>\n<div class=\"mg\">\n<div class=\"wrap-figure\">\n<picture>\n<a href=\"https:\/\/www.ole.com.ar\/futbol-primera\/ruggeri-passarella-river-descenso_0_U8vMuXrK1.html\" target=\"_self\" rel=\"noopener noreferrer\"><br \/>\n<img class=\"img-responsive\" alt=\"De Ruggeri a Passarella cuando descendi\u00f3 River\" src=\"http:\/\/hoycordobaweb.com\/wp-content\/uploads\/2021\/12\/river-vs-defensa-un-duelo-con-dos-tremendas-rachas-en-juego-9.jpg\" loading=\"lazy\"><br \/>\n<\/a>\n<\/picture>\n<\/div>\n<\/div><\/div>\n<\/div>\n<p>As\u00ed, mientras en N\u00fa\u00f1ez&nbsp;seguir\u00e1n festejando el t\u00edtulo en otra&nbsp;noche de gala que marcar\u00e1 la despedida del a\u00f1o del Monumental,<strong> el homenaje a Leonardo Ponzio <\/strong>y el \u00faltimo grito del a\u00f1o para pedirle a Napole\u00f3n que siga en el barco en 2022, <strong>Defensa tiene el tenedor y el cuchillo listo para intentar robarse el postre en un choque que en la previa promete. <\/strong>Y mucho.<\/p>\n<div class=\"sp__SM\">\n<div class=\"content-new \">\n<span class=\"tit-mobile\">Mir\u00e1 tambi\u00e9n<\/span><\/p>\n<div class=\"mg\">\n<div class=\"wrap-figure\">\n<picture>\n<a href=\"https:\/\/www.ole.com.ar\/river-plate\/river-lista-convocados-defensa-justicia_0_ZFdPZ0-uL.html\" target=\"_self\" rel=\"noopener noreferrer\"><br \/>\n<img class=\"img-responsive\" alt=\"Gallardo repite la lista de convocados vs. Defensa y Justicia\" src=\"http:\/\/hoycordobaweb.com\/wp-content\/uploads\/2021\/12\/river-vs-defensa-un-duelo-con-dos-tremendas-rachas-en-juego-10.jpg\" loading=\"lazy\"><br \/>\n<\/a>\n<\/picture>\n<\/div>\n<\/div><\/div>\n<\/div>\n<h2><strong>El apretado historial entre River y Defensa por el torneo local<\/strong><\/h2>\n<p>2014: River 3 &#8211; Defensa y Justicia 0<br \/>2015: Defensa y Justicia 1 &#8211; River 0<br \/>2016: Defensa y Justicia 3 &#8211; River 3<br \/>2018: Defensa y Justicia 1 &#8211; River 3<br \/>2019: River 0 &#8211; Defensa y Justicia 1<br \/>2020: River 1 &#8211; Defensa y Justicia 1<\/p>\n<p>Adem\u00e1s, por octavos de la Copa Argentina 2017, River gan\u00f3 3-0 y en la B Nacional se enfrentaron en dos ocasiones y ambos fueron empates (2-2 y 3-3).<\/p>\n<h2><strong>Los goles del \u00faltimo enfrentamiento<\/strong><\/h2>\n<div class=\"entry-tags\">\n<h2>TEMAS QUE APARECEN EN ESTA NOTA<\/h2>\n<\/p><\/div>\n","protected":false},"excerpt":{"rendered":"<p>Los ingredientes est\u00e1n sobre la mesa y el plato promete ser rico, jugoso, para saborear cada bocado al m\u00e1ximo y por qu\u00e9 no, cuando se termine, llamar al mozo para repetir. Los mesa est\u00e1 servida: 72.054 personas en las tribunas, una alfombra verde en el Monumental y dos propuestas seductoras. En una silla se sentar\u00e1 [&hellip;]<\/p>\n","protected":false},"author":1,"featured_media":33750,"comment_status":"open","ping_status":"closed","sticky":false,"template":"","format":"standard","meta":[],"categories":[16],"tags":[],"_links":{"self":[{"href":"http:\/\/hoycordobaweb.com\/index.php\/wp-json\/wp\/v2\/posts\/33749"}],"collection":[{"href":"http:\/\/hoycordobaweb.com\/index.php\/wp-json\/wp\/v2\/posts"}],"about":[{"href":"http:\/\/hoycordobaweb.com\/index.php\/wp-json\/wp\/v2\/types\/post"}],"author":[{"embeddable":true,"href":"http:\/\/hoycordobaweb.com\/index.php\/wp-json\/wp\/v2\/users\/1"}],"replies":[{"embeddable":true,"href":"http:\/\/hoycordobaweb.com\/index.php\/wp-json\/wp\/v2\/comments?post=33749"}],"version-history":[{"count":0,"href":"http:\/\/hoycordobaweb.com\/index.php\/wp-json\/wp\/v2\/posts\/33749\/revisions"}],"wp:featuredmedia":[{"embeddable":true,"href":"http:\/\/hoycordobaweb.com\/index.php\/wp-json\/wp\/v2\/media\/33750"}],"wp:attachment":[{"href":"http:\/\/hoycordobaweb.com\/index.php\/wp-json\/wp\/v2\/media?parent=33749"}],"wp:term":[{"taxonomy":"category","embeddable":true,"href":"http:\/\/hoycordobaweb.com\/index.php\/wp-json\/wp\/v2\/categories?post=33749"},{"taxonomy":"post_tag","embeddable":true,"href":"http:\/\/hoycordobaweb.com\/index.php\/wp-json\/wp\/v2\/tags?post=33749"}],"curies":[{"name":"wp","href":"https:\/\/api.w.org\/{rel}","templated":true}]}}