{"id":33694,"date":"2021-12-03T17:25:50","date_gmt":"2021-12-03T17:25:50","guid":{"rendered":"https:\/\/www.ole.com.ar\/racing\/racing-correa-gago-huracan_0_qXrmKwU41.html"},"modified":"2021-12-03T17:25:50","modified_gmt":"2021-12-03T17:25:50","slug":"la-baja-para-gago-y-la-posible-formacion-de-racing","status":"publish","type":"post","link":"http:\/\/hoycordobaweb.com\/index.php\/2021\/12\/03\/la-baja-para-gago-y-la-posible-formacion-de-racing\/","title":{"rendered":"La baja para Gago y la posible formaci\u00f3n de Racing"},"content":{"rendered":"<p><img src=\"http:\/\/hoycordobaweb.com\/wp-content\/uploads\/2021\/12\/la-baja-para-gago-y-la-posible-formacion-de-racing.jpg\"><\/p>\n<p>Racing llega al partido con Hurac\u00e1n con el envi\u00f3n que le brind\u00f3 el triunfo por 3-1 sobre Lan\u00fas, clave en la lucha por clasificarse a la Copa Sudamericana 2022 Pero por otro lado, Fernando Gago sigue sufriendo una racha de bajas por&nbsp;diferentes razones. En esta ocasi\u00f3n, la noticia negativa la dio Javier Correa: seg\u00fan inform\u00f3 el parte m\u00e9dico del club, el delantero sufri\u00f3 una tendinopat\u00eda aquiliana izquierda y qued\u00f3 descartado para visitar a Hurac\u00e1n este s\u00e1bado, desde las 21.30.<\/p>\n<div class=\"sp__Normal\">\n<div class=\"image-embeb image-trigger\" readability=\"6.5\">\n<picture><source media=\"(min-width: 720px)\" srcset=\"http:\/\/hoycordobaweb.com\/wp-content\/uploads\/2021\/12\/la-baja-para-gago-y-la-posible-formacion-de-racing-2.jpg\"><img itemprop=\"image\" src=\"http:\/\/hoycordobaweb.com\/wp-content\/uploads\/2021\/12\/la-baja-para-gago-y-la-posible-formacion-de-racing-2.jpg\" loading=\"lazy\" alt=\"Licha L\u00f3pez se despedir\u00e1 de Racing en la \u00faltima fecha, ante Godoy Cruz. Foto: @RacingClub\">\n<\/picture><figcaption readability=\"3\">\n<p>Licha L\u00f3pez se despedir\u00e1 de Racing en la \u00faltima fecha, ante Godoy Cruz. Foto: @RacingClub\n<\/p>\n<\/figcaption><\/div>\n<\/div>\n<p>Sin este atacante, muy posiblemente Pintita arme la delantera con Enzo Copetti como referencia, con una l\u00ednea atr\u00e1s conformada por Carlos Alcaraz, Licha L\u00f3pez y Tom\u00e1s Chancalay. Es decir, igual que contra el Granate.<\/p>\n<div class=\"sp__SM\">\n<div class=\"content-new \">\n<span class=\"tit-mobile\">Mir\u00e1 tambi\u00e9n<\/span><\/p>\n<div class=\"mg\">\n<div class=\"wrap-figure\">\n<picture>\n<a href=\"https:\/\/www.ole.com.ar\/futbol-primera\/liga-profesional-penultima-fecha-juega_0_SrmHbw5wz.html\" target=\"_self\" rel=\"noopener noreferrer\"><br \/>\n<img class=\"img-responsive\" alt=\"Liga Profesional: qu\u00e9 se juega cada equipo en la pen\u00faltima fecha\" src=\"http:\/\/hoycordobaweb.com\/wp-content\/uploads\/2021\/12\/la-baja-para-gago-y-la-posible-formacion-de-racing-3.jpg\" loading=\"lazy\"><br \/>\n<\/a>\n<\/picture>\n<\/div>\n<\/div><\/div>\n<\/div>\n<h2><strong>LOS OTROS JUGADORES AUSENTES<\/strong><\/h2>\n<p>Correa se agreg\u00f3 a las bajas de An\u00edbal Moreno, Eugenio Mena, Mat\u00edas Rojas y Gabriel Arias. El primero cumplir\u00e1 una fecha de suspensi\u00f3n por haber acumulado cinco amarillas, mientras que el Chueco y el paraguayo se reponen de sendos desgarros, en un isquiotibial y un aductor, respectivamente. Ambos apuntan a llegar al partido de la \u00faltima fecha, ante Godoy Cruz, en el Cilindro, partido que marcar\u00e1 la despedida de Licha en la Academia.<\/p>\n<div class=\"sp__Normal\">\n<div class=\"image-embeb image-trigger\" readability=\"6.5\">\n<picture><source media=\"(min-width: 720px)\" srcset=\"http:\/\/hoycordobaweb.com\/wp-content\/uploads\/2021\/12\/la-baja-para-gago-y-la-posible-formacion-de-racing-4.jpg\"><img itemprop=\"image\" src=\"http:\/\/hoycordobaweb.com\/wp-content\/uploads\/2021\/12\/la-baja-para-gago-y-la-posible-formacion-de-racing-4.jpg\" loading=\"lazy\" alt=\"Arias ser\u00e1 operado este lunes de la grave lesi\u00f3n en la rodilla izquierda. REUTERS\/Agustin Marcarian\">\n<\/picture><figcaption readability=\"3\">\n<p>Arias ser\u00e1 operado este lunes de la grave lesi\u00f3n en la rodilla izquierda. REUTERS\/Agustin Marcarian\n<\/p>\n<\/figcaption><\/div>\n<\/div>\n<p>Arias, en tanto, este lunes ser\u00e1 operado de la rotura del ligamento cruzado anterior de la rodilla izquierda, lesi\u00f3n que le demandar\u00e1 entre seis y ocho meses afuera de las canchas. El arquero se averi\u00f3 durante el cl\u00e1sico vs. River, al chocar contra un palo cuando tras rechazar un c\u00f3rner de Juli\u00e1n \u00c1lvarez que llevaba destino de gol ol\u00edmpico. En Parque Patricios, entonces, volver\u00e1 a atajar Gast\u00f3n G\u00f3mez y en el banco se sentar\u00e1 Mat\u00edas Tagliamonte.<\/p>\n<div class=\"sp__SM\">\n<div class=\"content-new \">\n<span class=\"tit-mobile\">Mir\u00e1 tambi\u00e9n<\/span><\/p>\n<div class=\"mg\">\n<div class=\"wrap-figure\">\n<picture>\n<a href=\"https:\/\/www.ole.com.ar\/futbol-internacional\/saravia-inter-porto-brasileirao_0_uBGGQs2_g.html\" target=\"_self\" rel=\"noopener noreferrer\"><br \/>\n<img class=\"img-responsive\" alt=\"Saravia se va del Inter pero no vuelve a Porto\" src=\"http:\/\/hoycordobaweb.com\/wp-content\/uploads\/2021\/12\/la-baja-para-gago-y-la-posible-formacion-de-racing-5.jpg\" loading=\"lazy\"><br \/>\n<\/a>\n<\/picture>\n<\/div>\n<\/div><\/div>\n<\/div>\n<p>De los futbolistas con que Gago a\u00fan no pudo contar aparecer el extremo juvenil Gast\u00f3n Viera (esguince en el ligamento colateral medial de la rodilla derecha) y Ezequiel Schelotto (el lateral derecho se recupera de una operaci\u00f3n de rotura del ligamento cruzado anterior de la rodilla derecha).<\/p>\n<div class=\"sp__SM\">\n<div class=\"content-new \">\n<span class=\"tit-mobile\">Mir\u00e1 tambi\u00e9n<\/span><\/p>\n<div class=\"mg\">\n<div class=\"wrap-figure\">\n<picture>\n<a href=\"https:\/\/www.ole.com.ar\/racing\/racing-braida-gago-aldosivi_0_vYFCsJFp-.html\" target=\"_self\" rel=\"noopener noreferrer\"><br \/>\n<img class=\"img-responsive\" alt=\"El extremo que quiere Gago\" src=\"http:\/\/hoycordobaweb.com\/wp-content\/uploads\/2021\/12\/la-baja-para-gago-y-la-posible-formacion-de-racing-6.jpg\" loading=\"lazy\"><br \/>\n<\/a>\n<\/picture>\n<\/div>\n<\/div><\/div>\n<\/div>\n<h2><strong>LA POSIBLE ALINEACI\u00d3N DE LA ACADEMIA&nbsp;<\/strong><\/h2>\n<p>Si bien Gago les confirma el equipo a los jugadores apenas horas antes de cada partido, estos podr\u00edan ser los 11 elegidos por el DT ara ir al Tom\u00e1s Duc\u00f3: Gast\u00f3n G\u00f3mez; Iv\u00e1n Pillud, Leonardo Sigali, Nery Dom\u00ednguez, Fernando Prado; Leonel Miranda, Mauricio Mart\u00ednez; Carlos Alcaraz, Licha L\u00f3pez, Tom\u00e1s Chancalay; Enzo Copetti.<\/p>\n<p>Gago intentar\u00e1 que Racing repita parte de lo hecho en el primer tiempo ante Lan\u00fas, per\u00edodo en el que fue superior por protagonismo y b\u00fasqueda del arco rival Lo de la segunda etapa lo dej\u00f3 preocupado al DT, ya que el equipo se repleg\u00f3 demasiado y vivi\u00f3 momentos de zozobra previo al lindo gol de tiro libre de Alcaraz.<\/p>\n<div class=\"entry-tags\">\n<h2>TEMAS QUE APARECEN EN ESTA NOTA<\/h2>\n<\/p><\/div>\n","protected":false},"excerpt":{"rendered":"<p>Racing llega al partido con Hurac\u00e1n con el envi\u00f3n que le brind\u00f3 el triunfo por 3-1 sobre Lan\u00fas, clave en la lucha por clasificarse a la Copa Sudamericana 2022 Pero por otro lado, Fernando Gago sigue sufriendo una racha de bajas por&nbsp;diferentes razones. En esta ocasi\u00f3n, la noticia negativa la dio Javier Correa: seg\u00fan inform\u00f3 [&hellip;]<\/p>\n","protected":false},"author":1,"featured_media":33695,"comment_status":"open","ping_status":"closed","sticky":false,"template":"","format":"standard","meta":[],"categories":[16],"tags":[],"_links":{"self":[{"href":"http:\/\/hoycordobaweb.com\/index.php\/wp-json\/wp\/v2\/posts\/33694"}],"collection":[{"href":"http:\/\/hoycordobaweb.com\/index.php\/wp-json\/wp\/v2\/posts"}],"about":[{"href":"http:\/\/hoycordobaweb.com\/index.php\/wp-json\/wp\/v2\/types\/post"}],"author":[{"embeddable":true,"href":"http:\/\/hoycordobaweb.com\/index.php\/wp-json\/wp\/v2\/users\/1"}],"replies":[{"embeddable":true,"href":"http:\/\/hoycordobaweb.com\/index.php\/wp-json\/wp\/v2\/comments?post=33694"}],"version-history":[{"count":0,"href":"http:\/\/hoycordobaweb.com\/index.php\/wp-json\/wp\/v2\/posts\/33694\/revisions"}],"wp:featuredmedia":[{"embeddable":true,"href":"http:\/\/hoycordobaweb.com\/index.php\/wp-json\/wp\/v2\/media\/33695"}],"wp:attachment":[{"href":"http:\/\/hoycordobaweb.com\/index.php\/wp-json\/wp\/v2\/media?parent=33694"}],"wp:term":[{"taxonomy":"category","embeddable":true,"href":"http:\/\/hoycordobaweb.com\/index.php\/wp-json\/wp\/v2\/categories?post=33694"},{"taxonomy":"post_tag","embeddable":true,"href":"http:\/\/hoycordobaweb.com\/index.php\/wp-json\/wp\/v2\/tags?post=33694"}],"curies":[{"name":"wp","href":"https:\/\/api.w.org\/{rel}","templated":true}]}}