{"id":33674,"date":"2021-12-03T12:28:24","date_gmt":"2021-12-03T12:28:24","guid":{"rendered":"https:\/\/fono.fcm.unc.edu.ar\/?p=7963"},"modified":"2021-12-03T12:28:24","modified_gmt":"2021-12-03T12:28:24","slug":"3-de-diciembre-dia-de-las-y-los-medicos","status":"publish","type":"post","link":"http:\/\/hoycordobaweb.com\/index.php\/2021\/12\/03\/3-de-diciembre-dia-de-las-y-los-medicos\/","title":{"rendered":"3 de diciembre: D\u00eda de las y los M\u00e9dicos"},"content":{"rendered":"<h2 class=\"fusion-post-title\">3 de diciembre: D\u00eda de las y los M\u00e9dicos<\/h2>\n<div class=\"post-content\" readability=\"35\">\n<p><img loading=\"lazy\" class=\"alignright wp-image-7964 size-fusion-400\" src=\"https:\/\/fono.fcm.unc.edu.ar\/wp-content\/uploads\/sites\/14\/2021\/12\/dia-del-medico-400x400.jpeg\" alt width=\"400\" height=\"400\" srcset=\"https:\/\/fono.fcm.unc.edu.ar\/wp-content\/uploads\/sites\/14\/2021\/12\/dia-del-medico-66x66.jpeg 66w, https:\/\/fono.fcm.unc.edu.ar\/wp-content\/uploads\/sites\/14\/2021\/12\/dia-del-medico-150x150.jpeg 150w, https:\/\/fono.fcm.unc.edu.ar\/wp-content\/uploads\/sites\/14\/2021\/12\/dia-del-medico-200x200.jpeg 200w, https:\/\/fono.fcm.unc.edu.ar\/wp-content\/uploads\/sites\/14\/2021\/12\/dia-del-medico-300x300.jpeg 300w, https:\/\/fono.fcm.unc.edu.ar\/wp-content\/uploads\/sites\/14\/2021\/12\/dia-del-medico-400x400.jpeg 400w, https:\/\/fono.fcm.unc.edu.ar\/wp-content\/uploads\/sites\/14\/2021\/12\/dia-del-medico-600x600.jpeg 600w, https:\/\/fono.fcm.unc.edu.ar\/wp-content\/uploads\/sites\/14\/2021\/12\/dia-del-medico-768x768.jpeg 768w, https:\/\/fono.fcm.unc.edu.ar\/wp-content\/uploads\/sites\/14\/2021\/12\/dia-del-medico-800x800.jpeg 800w, https:\/\/fono.fcm.unc.edu.ar\/wp-content\/uploads\/sites\/14\/2021\/12\/dia-del-medico-1024x1024.jpeg 1024w, https:\/\/fono.fcm.unc.edu.ar\/wp-content\/uploads\/sites\/14\/2021\/12\/dia-del-medico.jpeg 1080w\" sizes=\"(max-width: 400px) 100vw, 400px\">Saludamos especialmente a quienes trabajan en la Escuela de Fonoaudiolog\u00eda y en la Facultad de Ciencias M\u00e9dicas, reconociendo su labor cotidiana y fundamentalmente en este complejo tiempo que atravesamos.<\/p>\n<p>\u00a1Feliz d\u00eda!<\/p>\n<\/p><\/div>\n","protected":false},"excerpt":{"rendered":"<p>3 de diciembre: D\u00eda de las y los M\u00e9dicos Saludamos especialmente a quienes trabajan en la Escuela de Fonoaudiolog\u00eda y en la Facultad de Ciencias M\u00e9dicas, reconociendo su labor cotidiana y fundamentalmente en este complejo tiempo que atravesamos. \u00a1Feliz d\u00eda!<\/p>\n","protected":false},"author":1,"featured_media":0,"comment_status":"closed","ping_status":"closed","sticky":false,"template":"","format":"standard","meta":[],"categories":[1],"tags":[],"_links":{"self":[{"href":"http:\/\/hoycordobaweb.com\/index.php\/wp-json\/wp\/v2\/posts\/33674"}],"collection":[{"href":"http:\/\/hoycordobaweb.com\/index.php\/wp-json\/wp\/v2\/posts"}],"about":[{"href":"http:\/\/hoycordobaweb.com\/index.php\/wp-json\/wp\/v2\/types\/post"}],"author":[{"embeddable":true,"href":"http:\/\/hoycordobaweb.com\/index.php\/wp-json\/wp\/v2\/users\/1"}],"replies":[{"embeddable":true,"href":"http:\/\/hoycordobaweb.com\/index.php\/wp-json\/wp\/v2\/comments?post=33674"}],"version-history":[{"count":0,"href":"http:\/\/hoycordobaweb.com\/index.php\/wp-json\/wp\/v2\/posts\/33674\/revisions"}],"wp:attachment":[{"href":"http:\/\/hoycordobaweb.com\/index.php\/wp-json\/wp\/v2\/media?parent=33674"}],"wp:term":[{"taxonomy":"category","embeddable":true,"href":"http:\/\/hoycordobaweb.com\/index.php\/wp-json\/wp\/v2\/categories?post=33674"},{"taxonomy":"post_tag","embeddable":true,"href":"http:\/\/hoycordobaweb.com\/index.php\/wp-json\/wp\/v2\/tags?post=33674"}],"curies":[{"name":"wp","href":"https:\/\/api.w.org\/{rel}","templated":true}]}}