{"id":33670,"date":"2021-12-02T16:54:00","date_gmt":"2021-12-02T16:54:00","guid":{"rendered":"http:\/\/hoycordobaweb.com\/index.php\/2021\/12\/02\/la-defensa-de-macri-prepara-la-apelacion-en-la-causa-de-espionaje-ilegal\/"},"modified":"2021-12-02T16:54:00","modified_gmt":"2021-12-02T16:54:00","slug":"la-defensa-de-macri-prepara-la-apelacion-en-la-causa-de-espionaje-ilegal","status":"publish","type":"post","link":"http:\/\/hoycordobaweb.com\/index.php\/2021\/12\/02\/la-defensa-de-macri-prepara-la-apelacion-en-la-causa-de-espionaje-ilegal\/","title":{"rendered":"La defensa de Macri prepara la apelaci\u00f3n en la causa de espionaje ilegal"},"content":{"rendered":"<p><img src=\"http:\/\/hoycordobaweb.com\/wp-content\/uploads\/2021\/12\/la-defensa-de-macri-prepara-la-apelacion-en-la-causa-de-espionaje-ilegal.jpg\"><\/p>\n<figure class=\"mb-3\"><img loading=\"lazy\" src=\"http:\/\/hoycordobaweb.com\/wp-content\/uploads\/2021\/12\/la-defensa-de-macri-prepara-la-apelacion-en-la-causa-de-espionaje-ilegal-2.jpg\" width=\"100%\" height=\"100%\" alt=\"La defensa de Mauricio Macri ultima detalles de la apelacin que presentar al procesamiento de Martn Bava en la causa que se le sigue al expresidente por presunto espionaje ilegal Foto Fernando Gens\"><figcaption> La defensa de Mauricio Macri ultima detalles de la apelaci\u00f3n que presentar\u00e1 al procesamiento de Mart\u00edn Bava en la causa que se le sigue al expresidente por presunto espionaje ilegal . Foto: Fernando Gens <\/figcaption><\/figure>\n<p>La defensa de Mauricio Macri ultima detalles de la apelaci\u00f3n que presentar\u00e1<a href=\"https:\/\/www.telam.com.ar\/notas\/202112\/576577-procesaron-a-mauricio-macri-por-espionaje.html\" target=\"_blank\" rel=\"noopener noreferrer\"> al procesamiento dictado el pasado mi\u00e9rcoles por el juez federal subrogante de Dolores Mart\u00edn Bava<\/a> en la causa que se le sigue al expresidente por presunto espionaje ilegal a los familiares de los tripulantes del submarino ARA San Juan.<\/p>\n<p>Fuentes del entorno del exjefe de Estado se\u00f1alaron a T\u00e9lam que <strong>el lunes vence el plazo para apelar esa decisi\u00f3n del magistrado<\/strong>, por lo cual se espera de aqu\u00ed a ese d\u00eda la presentaci\u00f3n judicial por medio de su abogado Pablo Lanusse.<\/p>\n<p>Macri fue procesado el pasado mi\u00e9rcoles sin prisi\u00f3n preventiva, <strong>pero con un embargo de 100 millones de pesos sobre sus bienes<\/strong>, por Bava, quien consider\u00f3 al l\u00edder de Juntos por el Cambio (JxC) como \u00abautor\u00bb de maniobras de espionaje ilegal contra los familiares de los marinos del submarino hundido en noviembre de 2017.<\/p>\n<p>El fallo se dio a conocer cuando el exmandatario estaba de viaje en Chile.<\/p>\n<p>Ya en la Argentina, <strong>el expresidente no podr\u00e1 salir del pa\u00eds<\/strong>, seg\u00fan lo establecido por el fallo, y adem\u00e1s \u00abno podr\u00e1 ausentarse de su lugar habitual de residencia por un t\u00e9rmino mayor a los diez d\u00edas sin previo aviso al tribunal\u00bb.<\/p>\n<blockquote class><p>\u00abEs una persecuci\u00f3n pol\u00edtica que termin\u00f3 en esto. Ya todos lo sab\u00edamos. M\u00e1s inc\u00f3modo para la propia Justicia argentina es tener jueces como el juez Bava\u00bb<cite class=\"author\">Mauricio Macri<\/cite><\/p><\/blockquote>\n<p>En declaraciones formuladas la noche del mi\u00e9rcoles, Macri calific\u00f3 como \u00abpersecuci\u00f3n pol\u00edtica\u00bb su procesamiento y adelant\u00f3 que cumplir\u00e1 el fallo \u00abcomo corresponde\u00bb.<\/p>\n<p>\u00abEs una persecuci\u00f3n pol\u00edtica que termin\u00f3 en esto. Ya todos lo sab\u00edamos. M\u00e1s inc\u00f3modo para la propia Justicia argentina es tener jueces como el juez (Mart\u00edn) Bava\u00bb, respondi\u00f3 tras la pregunta de una periodista del canal 24 Horas TVN.<\/p>\n<p>El expresidente se refiri\u00f3 adem\u00e1s al embargo que le trab\u00f3 el magistrado y dijo: \u00abLo cumpliremos como corresponde hasta que apelemos\u00bb.<\/p>\n<p>Consultado sobre \u00abla operaci\u00f3n de inteligencia dirigida contra las familias de las v\u00edctimas del ARA San Juan\u00bb, Macri respondi\u00f3: \u00abNi vos te lo crees\u00bb.<\/p>\n<p>Mientras tanto, el jefe del bloque del PRO en el Senado, Humberto Schiavoni, se sum\u00f3 a los dirigentes de PRO que salieron en defensa del expresidente.<\/p>\n<blockquote class=\"twitter-tweet\" readability=\"7.2233009708738\">\n<p lang=\"es\" dir=\"ltr\">Desde el momento en que lo citaron a declarar al ex presidente, la decisi\u00f3n de procesarlo estaba tomada. Ya no quedan dudas que el Gobierno Nacional usa a la Justicia para perseguir a los opositores. Mi solidaridad con <a href=\"https:\/\/twitter.com\/mauriciomacri?ref_src=twsrc%5Etfw\">@mauriciomacri<\/a> ante esta injusticia.<\/p>\n<p>\u2014 Humberto Schiavoni (@SchiavoniH) <a href=\"https:\/\/twitter.com\/SchiavoniH\/status\/1466143111743115267?ref_src=twsrc%5Etfw\">December 1, 2021<\/a><\/p><\/blockquote>\n<p>\u00abAdem\u00e1s de que las pruebas son inconsistentes hay una serie de acontecimientos que marcaron este procesamiento que claramente nos indican que es un procesamiento pol\u00edtico\u00bb, expres\u00f3 el senador en declaraciones a radio Con Vos.<\/p>\n<p>Schiavoni indic\u00f3 que se arrib\u00f3 a este procesamiento <strong>\u00abcon pocas evidencias\u00bb y asegur\u00f3 que el ex jefe del Estado \u00abno ha dado ninguna orden de espiar ni se le pas\u00f3 por la cabeza espiar\u00bb<\/strong> a los familiares de los tripulantes del submarino hundido en aguas del Mar Argentino.<\/p>\n<p>El legislador record\u00f3 como \u00abde golpe, sin mediar ning\u00fan hecho nuevo, el juez decidi\u00f3 llamar a indagatoria a Macri en medio de una campa\u00f1a electoral\u00bb cuando \u00abera de p\u00fablico conocimiento que hab\u00eda viajado al exterior por sus funciones en FIFA y le prohibi\u00f3 salir del pa\u00eds, lo cual ya le estaba dando la pauta que era una medida con m\u00e1s espectacularidad que efectividad\u00bb.<\/p>\n<p>Para el senador, \u00abhay demasiados condimentos extrajur\u00eddicos para sospechar que se trata de persecuci\u00f3n pol\u00edtica\u00bb por parte de \u00abun juez que es subrogante y no es competente\u00bb. <\/p>\n","protected":false},"excerpt":{"rendered":"<p>La defensa de Mauricio Macri ultima detalles de la apelaci\u00f3n que presentar\u00e1 al procesamiento de Mart\u00edn Bava en la causa que se le sigue al expresidente por presunto espionaje ilegal . Foto: Fernando Gens La defensa de Mauricio Macri ultima detalles de la apelaci\u00f3n que presentar\u00e1 al procesamiento dictado el pasado mi\u00e9rcoles por el juez [&hellip;]<\/p>\n","protected":false},"author":1,"featured_media":33671,"comment_status":"open","ping_status":"closed","sticky":false,"template":"","format":"standard","meta":[],"categories":[19],"tags":[],"_links":{"self":[{"href":"http:\/\/hoycordobaweb.com\/index.php\/wp-json\/wp\/v2\/posts\/33670"}],"collection":[{"href":"http:\/\/hoycordobaweb.com\/index.php\/wp-json\/wp\/v2\/posts"}],"about":[{"href":"http:\/\/hoycordobaweb.com\/index.php\/wp-json\/wp\/v2\/types\/post"}],"author":[{"embeddable":true,"href":"http:\/\/hoycordobaweb.com\/index.php\/wp-json\/wp\/v2\/users\/1"}],"replies":[{"embeddable":true,"href":"http:\/\/hoycordobaweb.com\/index.php\/wp-json\/wp\/v2\/comments?post=33670"}],"version-history":[{"count":0,"href":"http:\/\/hoycordobaweb.com\/index.php\/wp-json\/wp\/v2\/posts\/33670\/revisions"}],"wp:featuredmedia":[{"embeddable":true,"href":"http:\/\/hoycordobaweb.com\/index.php\/wp-json\/wp\/v2\/media\/33671"}],"wp:attachment":[{"href":"http:\/\/hoycordobaweb.com\/index.php\/wp-json\/wp\/v2\/media?parent=33670"}],"wp:term":[{"taxonomy":"category","embeddable":true,"href":"http:\/\/hoycordobaweb.com\/index.php\/wp-json\/wp\/v2\/categories?post=33670"},{"taxonomy":"post_tag","embeddable":true,"href":"http:\/\/hoycordobaweb.com\/index.php\/wp-json\/wp\/v2\/tags?post=33670"}],"curies":[{"name":"wp","href":"https:\/\/api.w.org\/{rel}","templated":true}]}}