{"id":33664,"date":"2021-12-02T16:30:13","date_gmt":"2021-12-02T16:30:13","guid":{"rendered":"https:\/\/www.trendencias.com\/shopping\/medias-termicas-hack-definitivo-para-llevar-vestidos-faldas-invierno-morirnos-frio"},"modified":"2021-12-02T16:30:13","modified_gmt":"2021-12-02T16:30:13","slug":"medias-termicas-el-hack-definitivo-para-llevar-vestidos-o-faldas-en-invierno-sin-morirnos-de-frio","status":"publish","type":"post","link":"http:\/\/hoycordobaweb.com\/index.php\/2021\/12\/02\/medias-termicas-el-hack-definitivo-para-llevar-vestidos-o-faldas-en-invierno-sin-morirnos-de-frio\/","title":{"rendered":"Medias t\u00e9rmicas, el hack definitivo para llevar vestidos o faldas en invierno sin morirnos de fr\u00edo"},"content":{"rendered":"<p>En alg\u00fan momento de nuestras vidas todas hemos escuchado la famosa frase de que \u00ab<em>para presumir hay que sufrir<\/em>\u00bb y nosotras no estamos de acuerdo con ella, por lo menos no del todo. Porque est\u00e1 claro que nadie va evitarnos el dolor al <a href=\"https:\/\/www.trendencias.com\/tendencias\/cinco-piercings-que-se-piden-ahora\">hacernos ese piercing que tanto queremos<\/a>, pero <strong>no tenemos por qu\u00e9 sufrir al llevar vestidos o faldas en invierno<\/strong>. Ya no.<\/p>\n<p><!-- BREAK 1 --><\/p>\n<div class=\"article-asset article-asset-normal article-asset-center\">\n<div class=\"desvio-container\">\n<div class=\"desvio\">\n<div class=\"desvio-figure js-desvio-figure\"> <a href=\"https:\/\/www.trendencias.com\/propuestas-y-consejos\/estas-11-medias-elevan-tu-look-noche-a-otro-nivel-a-tus-sandalias-fiesta-favoritas-no-podemos-resistirnos-a-ellas\"> <img alt=\"11 medias para llevar con sandalias y elevar tu look de noche a otro nivel\" src=\"http:\/\/hoycordobaweb.com\/wp-content\/uploads\/2021\/12\/medias-termicas-el-hack-definitivo-para-llevar-vestidos-o-faldas-en-invierno-sin-morirnos-de-frio.jpg\"> <\/a> <\/div><\/div><\/div>\n<\/div>\n<p>Porque quienes se\u00e1is unas <a href=\"https:\/\/www.trendencias.com\/tendencias\/ocho-estilos-vestidos-que-seran-tendencia-esta-temporada-otono-invierno-2021-h-m\">incondicionales de los vestidos y faldas durante todo el a\u00f1o<\/a> sabr\u00e9is el fr\u00edo que se pasa llev\u00e1ndolos en invierno y esa sensaci\u00f3n tan caracter\u00edstica de sentir cuchillos o agujas en los muslos. Pero es que quedan tan bien que <strong>no podemos -ni queremos- dejar de llevarlos<\/strong>, mucho menos ahora que <a href=\"https:\/\/www.trendencias.com\/propuestas-y-consejos\/no-sabes-que-ponerte-para-cena-navidad-empresa-estos-estilismos-podrian-inspirarte\">se acercan las Navidades y todas sus cenas<\/a>.<\/p>\n<p><!-- BREAK 2 --> <\/p>\n<div class=\"article-asset-image article-asset-normal article-asset-center\">\n<div class=\"asset-content\">\n<div class=\"base-wrapper-image\"> <img class=\"sf-lazy centro_sinmarco\" data-sf-srcset=\"http:\/\/hoycordobaweb.com\/wp-content\/uploads\/2021\/12\/medias-termicas-el-hack-definitivo-para-llevar-vestidos-o-faldas-en-invierno-sin-morirnos-de-frio-1.jpg 450w, http:\/\/hoycordobaweb.com\/wp-content\/uploads\/2021\/12\/medias-termicas-el-hack-definitivo-para-llevar-vestidos-o-faldas-en-invierno-sin-morirnos-de-frio-5.jpg 681w,http:\/\/hoycordobaweb.com\/wp-content\/uploads\/2021\/12\/medias-termicas-el-hack-definitivo-para-llevar-vestidos-o-faldas-en-invierno-sin-morirnos-de-frio-6.jpg 1024w, http:\/\/hoycordobaweb.com\/wp-content\/uploads\/2021\/12\/medias-termicas-el-hack-definitivo-para-llevar-vestidos-o-faldas-en-invierno-sin-morirnos-de-frio-7.jpg 1366w,\" data-sf-src=\"http:\/\/hoycordobaweb.com\/wp-content\/uploads\/2021\/12\/medias-termicas-el-hack-definitivo-para-llevar-vestidos-o-faldas-en-invierno-sin-morirnos-de-frio-1.jpg\" alt=\"Dulceida Medias\"> <noscript><img alt=\"Dulceida Medias\" class=\"centro_sinmarco\" src=\"http:\/\/hoycordobaweb.com\/wp-content\/uploads\/2021\/12\/medias-termicas-el-hack-definitivo-para-llevar-vestidos-o-faldas-en-invierno-sin-morirnos-de-frio-1.jpg\"><\/noscript> <\/div><\/div>\n<\/div>\n<p>As\u00ed que en nombre de <a href=\"https:\/\/www.trendencias.com\/shopping\/guia-practica-para-protegernos-frio-mananas-tener-que-ir-cargadas-todo-dia\">todas las que estamos hartas de pasar un fr\u00edo que pela<\/a> cada vez que nos ponemos uno, nos dispusimos a encontrar una <strong>soluci\u00f3n<\/strong> <strong>para evitar quedarnos pajarito este a\u00f1o<\/strong>. Y s\u00ed, la hemos encontrado y es bastante simple: ponernos debajo de las cl\u00e1sicas medias negras de baja densidad unas <strong>medias t\u00e9rmicas<\/strong>.<\/p>\n<p><!-- BREAK 3 --><\/p>\n<p>Es un truco sencillo pero efectivo. La clave est\u00e1 en escoger unas <strong>medias t\u00e9rmicas de color carne<\/strong>, que har\u00e1n un<strong> efecto \u00absegunda piel\u00bb<\/strong> y adem\u00e1s nos mantendr\u00e1n calentitas imitando. Luego <strong>encima de estas medias nos pondremos las cl\u00e1sicas medias negras de densidad baja<\/strong> que utilizamos al llevar faldas o vestidos y listas.<\/p>\n<p><!-- BREAK 4 --><\/p>\n<div class=\"article-asset article-asset-normal article-asset-center\">\n<div class=\"desvio-container\">\n<div class=\"desvio\">\n<div class=\"desvio-figure js-desvio-figure\"> <a href=\"https:\/\/www.trendencias.com\/shopping\/guia-practica-para-protegernos-frio-mananas-tener-que-ir-cargadas-todo-dia\"> <img alt=\"Gu\u00eda pr\u00e1ctica para protegernos del fr\u00edo por las ma\u00f1anas sin tener que ir cargadas todo el d\u00eda\" src=\"http:\/\/hoycordobaweb.com\/wp-content\/uploads\/2021\/12\/medias-termicas-el-hack-definitivo-para-llevar-vestidos-o-faldas-en-invierno-sin-morirnos-de-frio-2.jpg\"> <\/a> <\/div><\/div><\/div>\n<\/div>\n<p><strong>Tambi\u00e9n tenemos la opci\u00f3n de utilizar exclusivamente las medias t\u00e9rmicas color carne<\/strong>, claro est\u00e1, pero eso ya depende de los gustos de cada una. Y de entre los modelos que hemos visto, por sus <strong>buenas valoraciones<\/strong> y por estar incluidas en Amazon Prime (por lo que las podr\u00edamos tener incluso para el puente), este es el que m\u00e1s nos ha convencido:<\/p>\n<p><!-- BREAK 5 --><\/p>\n<div class=\"article-asset-image article-asset-normal article-asset-center\">\n<div class=\"asset-content\">\n<div class=\"base-wrapper-image\"> <img class=\"sf-lazy centro_sinmarco\" data-sf-srcset=\"http:\/\/hoycordobaweb.com\/wp-content\/uploads\/2021\/12\/medias-termicas-el-hack-definitivo-para-llevar-vestidos-o-faldas-en-invierno-sin-morirnos-de-frio-3.jpg 450w, http:\/\/hoycordobaweb.com\/wp-content\/uploads\/2021\/12\/medias-termicas-el-hack-definitivo-para-llevar-vestidos-o-faldas-en-invierno-sin-morirnos-de-frio-8.jpg 681w,http:\/\/hoycordobaweb.com\/wp-content\/uploads\/2021\/12\/medias-termicas-el-hack-definitivo-para-llevar-vestidos-o-faldas-en-invierno-sin-morirnos-de-frio-9.jpg 1024w, http:\/\/hoycordobaweb.com\/wp-content\/uploads\/2021\/12\/medias-termicas-el-hack-definitivo-para-llevar-vestidos-o-faldas-en-invierno-sin-morirnos-de-frio-10.jpg 1366w,\" data-sf-src=\"http:\/\/hoycordobaweb.com\/wp-content\/uploads\/2021\/12\/medias-termicas-el-hack-definitivo-para-llevar-vestidos-o-faldas-en-invierno-sin-morirnos-de-frio-3.jpg\" alt=\"Medias Termicas\"> <noscript><img alt=\"Medias Termicas\" class=\"centro_sinmarco\" src=\"http:\/\/hoycordobaweb.com\/wp-content\/uploads\/2021\/12\/medias-termicas-el-hack-definitivo-para-llevar-vestidos-o-faldas-en-invierno-sin-morirnos-de-frio-3.jpg\"><\/noscript> <\/div><\/div>\n<\/div>\n<p>Estas medias est\u00e1n disponible en dos tallas y aunque la media t\u00e9rmica llega hasta el tobillo (los pies son media normal) son perfectos para poner con botas y un calcet\u00edn gordito. Como podemos ver en la fotograf\u00eda por dentro <strong>est\u00e1n forradas de pelito<\/strong> y <a href=\"https:\/\/www.trendencias.com\/redirect?url=https%3A%2F%2Fwww.amazon.es%2Finvierno-terciopelo-pantimedias-leggings-Calcetines%2Fdp%2FB07KQVSM5T&amp;category=shopping\">cuestan 18,99 euros<\/a>.<\/p>\n<p><!-- BREAK 6 --><!-- PIVOT START --><\/p>\n<div class=\"pivot-ecommerce-container\">\n<div class=\"pivot-ecommerce\" readability=\"3.1636363636364\">\n<div class=\"pivot-ecommerce-figure\"> <img alt=\"Medias t\u00e9rmicas color carne\" src=\"http:\/\/hoycordobaweb.com\/wp-content\/uploads\/2021\/12\/medias-termicas-el-hack-definitivo-para-llevar-vestidos-o-faldas-en-invierno-sin-morirnos-de-frio.png\"> <\/div>\n<div class=\"pivot-ecommerce-summary\" readability=\"3.6909090909091\">\n<p class=\"pivot-ecommerce-desc\">Medias t\u00e9rmicas color carne<\/p>\n<\/p><\/div><\/div>\n<\/div>\n<p><!-- PIVOT END --><\/p>\n<div class=\"article-asset-image article-asset-normal article-asset-center\">\n<div class=\"asset-content\">\n<div class=\"base-wrapper-image\"> <img class=\"sf-lazy centro_sinmarco\" data-sf-srcset=\"http:\/\/hoycordobaweb.com\/wp-content\/uploads\/2021\/12\/medias-termicas-el-hack-definitivo-para-llevar-vestidos-o-faldas-en-invierno-sin-morirnos-de-frio-1.png 450w, http:\/\/hoycordobaweb.com\/wp-content\/uploads\/2021\/12\/medias-termicas-el-hack-definitivo-para-llevar-vestidos-o-faldas-en-invierno-sin-morirnos-de-frio-4.png 681w,http:\/\/hoycordobaweb.com\/wp-content\/uploads\/2021\/12\/medias-termicas-el-hack-definitivo-para-llevar-vestidos-o-faldas-en-invierno-sin-morirnos-de-frio-5.png 1024w, http:\/\/hoycordobaweb.com\/wp-content\/uploads\/2021\/12\/medias-termicas-el-hack-definitivo-para-llevar-vestidos-o-faldas-en-invierno-sin-morirnos-de-frio-6.png 1366w,\" data-sf-src=\"http:\/\/hoycordobaweb.com\/wp-content\/uploads\/2021\/12\/medias-termicas-el-hack-definitivo-para-llevar-vestidos-o-faldas-en-invierno-sin-morirnos-de-frio-1.png\" alt=\"Medias Negras Termicas\"> <noscript><img alt=\"Medias Negras Termicas\" class=\"centro_sinmarco\" src=\"http:\/\/hoycordobaweb.com\/wp-content\/uploads\/2021\/12\/medias-termicas-el-hack-definitivo-para-llevar-vestidos-o-faldas-en-invierno-sin-morirnos-de-frio-1.png\"><\/noscript> <\/div><\/div>\n<\/div>\n<p>Tambi\u00e9n est\u00e1n disponibles en color negro pero el <strong>acabado es m\u00e1s parecido a los cl\u00e1sicos <\/strong><em><strong>leggings<\/strong><\/em><strong> t\u00e9rmicos<\/strong> que estamos acostumbradas a usar desde peque\u00f1as. Por lo que nosotras seguimos prefiriendo la opci\u00f3n de media t\u00e9rmica carne + media negra. Tambi\u00e9n <a href=\"https:\/\/www.trendencias.com\/redirect?url=https%3A%2F%2Fwww.amazon.es%2Fdp%2FB07KQVG3PX&amp;category=shopping\">cuestan 18,99 euros<\/a>.<\/p>\n<p><!-- BREAK 7 --><!-- PIVOT START --><\/p>\n<div class=\"pivot-ecommerce-container\">\n<div class=\"pivot-ecommerce\">\n<div class=\"pivot-ecommerce-figure\"> <img alt=\"Medias t\u00e9rmicas negras\" src=\"http:\/\/hoycordobaweb.com\/wp-content\/uploads\/2021\/12\/medias-termicas-el-hack-definitivo-para-llevar-vestidos-o-faldas-en-invierno-sin-morirnos-de-frio-2.png\"> <\/div>\n<div class=\"pivot-ecommerce-summary\">\n<p class=\"pivot-ecommerce-desc\">Medias t\u00e9rmicas negras<\/p>\n<\/p><\/div><\/div>\n<\/div>\n<p><!-- PIVOT END --><\/p>\n<div class=\"article-asset-image article-asset-small article-asset-center\">\n<div class=\"asset-content\">\n<div class=\"base-wrapper-image\"> <a href=\"https:\/\/t.me\/trendenciasshopping\"> <img class=\"sf-lazy centro_sinmarco\" data-sf-srcset=\"http:\/\/hoycordobaweb.com\/wp-content\/uploads\/2021\/12\/medias-termicas-el-hack-definitivo-para-llevar-vestidos-o-faldas-en-invierno-sin-morirnos-de-frio-3.png 450w, http:\/\/hoycordobaweb.com\/wp-content\/uploads\/2021\/12\/medias-termicas-el-hack-definitivo-para-llevar-vestidos-o-faldas-en-invierno-sin-morirnos-de-frio-7.png 681w,http:\/\/hoycordobaweb.com\/wp-content\/uploads\/2021\/12\/medias-termicas-el-hack-definitivo-para-llevar-vestidos-o-faldas-en-invierno-sin-morirnos-de-frio-8.png 1024w, http:\/\/hoycordobaweb.com\/wp-content\/uploads\/2021\/12\/medias-termicas-el-hack-definitivo-para-llevar-vestidos-o-faldas-en-invierno-sin-morirnos-de-frio-9.png 1366w,\" data-sf-src=\"http:\/\/hoycordobaweb.com\/wp-content\/uploads\/2021\/12\/medias-termicas-el-hack-definitivo-para-llevar-vestidos-o-faldas-en-invierno-sin-morirnos-de-frio-3.png\" alt=\"Trendencias Telegram\"> <noscript><img alt=\"Trendencias Telegram\" class=\"centro_sinmarco\" src=\"http:\/\/hoycordobaweb.com\/wp-content\/uploads\/2021\/12\/medias-termicas-el-hack-definitivo-para-llevar-vestidos-o-faldas-en-invierno-sin-morirnos-de-frio-3.png\"><\/noscript> <\/a> <\/div><\/div>\n<\/div>\n<p><em>Puedes estar al d\u00eda y en cada momento informado de las &nbsp;principales ofertas y novedades de Trendencias Shopping en nuestro canal &nbsp;de <\/em><a href=\"https:\/\/t.me\/s\/trendenciasshopping\" rel=\"noopener noreferrer\" data-id=\"noopener noreferrer\"><em>Telegram<\/em><\/a><em> o en nuestros perfiles de <\/em><a href=\"https:\/\/www.instagram.com\/trendencias\/\" rel=\"noopener noreferrer\" data-id=\"noopener noreferrer\"><em>Instagram<\/em><\/a><em>, <\/em><a href=\"https:\/\/www.facebook.com\/Trendencias\/\" rel=\"noopener noreferrer\" data-id=\"noopener noreferrer\"><em>Facebook<\/em><\/a><em> y la revista <\/em><a href=\"https:\/\/flipboard.com\/@Trendencias\" rel=\"noopener noreferrer\" data-id=\"noopener noreferrer\"><em>Flipboard<\/em><\/a><em>.<\/em><\/p>\n<p><!-- BREAK 8 --><\/p>\n<p><em>Nota: algunos de los enlaces aqu\u00ed publicados son de afiliados. A &nbsp;pesar de ello, ninguno de los art\u00edculos mencionados han sido propuestos &nbsp;ni por las marcas ni por las tiendas, siendo su introducci\u00f3n una &nbsp;decisi\u00f3n \u00fanica del equipo de editores.<\/em><\/p>\n<p><!-- BREAK 9 --><\/p>\n<p>Fotograf\u00eda de portada | @dulceida<\/p>\n<p>Fotos | Dulceida, Amazon<\/p>\n","protected":false},"excerpt":{"rendered":"<p>En alg\u00fan momento de nuestras vidas todas hemos escuchado la famosa frase de que \u00abpara presumir hay que sufrir\u00bb y nosotras no estamos de acuerdo con ella, por lo menos no del todo. Porque est\u00e1 claro que nadie va evitarnos el dolor al hacernos ese piercing que tanto queremos, pero no tenemos por qu\u00e9 sufrir [&hellip;]<\/p>\n","protected":false},"author":1,"featured_media":33665,"comment_status":"closed","ping_status":"closed","sticky":false,"template":"","format":"standard","meta":[],"categories":[1],"tags":[],"_links":{"self":[{"href":"http:\/\/hoycordobaweb.com\/index.php\/wp-json\/wp\/v2\/posts\/33664"}],"collection":[{"href":"http:\/\/hoycordobaweb.com\/index.php\/wp-json\/wp\/v2\/posts"}],"about":[{"href":"http:\/\/hoycordobaweb.com\/index.php\/wp-json\/wp\/v2\/types\/post"}],"author":[{"embeddable":true,"href":"http:\/\/hoycordobaweb.com\/index.php\/wp-json\/wp\/v2\/users\/1"}],"replies":[{"embeddable":true,"href":"http:\/\/hoycordobaweb.com\/index.php\/wp-json\/wp\/v2\/comments?post=33664"}],"version-history":[{"count":0,"href":"http:\/\/hoycordobaweb.com\/index.php\/wp-json\/wp\/v2\/posts\/33664\/revisions"}],"wp:featuredmedia":[{"embeddable":true,"href":"http:\/\/hoycordobaweb.com\/index.php\/wp-json\/wp\/v2\/media\/33665"}],"wp:attachment":[{"href":"http:\/\/hoycordobaweb.com\/index.php\/wp-json\/wp\/v2\/media?parent=33664"}],"wp:term":[{"taxonomy":"category","embeddable":true,"href":"http:\/\/hoycordobaweb.com\/index.php\/wp-json\/wp\/v2\/categories?post=33664"},{"taxonomy":"post_tag","embeddable":true,"href":"http:\/\/hoycordobaweb.com\/index.php\/wp-json\/wp\/v2\/tags?post=33664"}],"curies":[{"name":"wp","href":"https:\/\/api.w.org\/{rel}","templated":true}]}}