{"id":33614,"date":"2021-12-01T17:08:33","date_gmt":"2021-12-01T17:08:33","guid":{"rendered":"https:\/\/www.trendencias.com\/disenadores\/sothebys-anuncia-que-subastara-mas-1-000-lotes-pertenencias-karl-lagerfeld"},"modified":"2021-12-01T17:08:33","modified_gmt":"2021-12-01T17:08:33","slug":"sothebys-anuncia-que-subastara-mas-de-1-000-lotes-de-las-pertenencias-de-karl-lagerfeld","status":"publish","type":"post","link":"http:\/\/hoycordobaweb.com\/index.php\/2021\/12\/01\/sothebys-anuncia-que-subastara-mas-de-1-000-lotes-de-las-pertenencias-de-karl-lagerfeld\/","title":{"rendered":"Sothebys&#8217; anuncia que subastar\u00e1 ma\u00b4s de 1.000 lotes de las pertenencias de Karl Lagerfeld"},"content":{"rendered":"<p>Ha llegado el momento en que muchos coleccionistas del mundo del dise\u00f1o y la moda saquen sus talonarios. Sothebys&#8217; anuncia que sacar\u00e1 a la venta 1.000 lotes procedentes de sus residencias en Francia y M\u00f3naco.<\/p>\n<p><!-- BREAK 1 --><\/p>\n<div class=\"article-asset article-asset-normal article-asset-center\">\n<div class=\"desvio-container\">\n<div class=\"desvio\">\n<div class=\"desvio-figure js-desvio-figure\"> <a href=\"https:\/\/www.trendencias.com\/noticias-de-la-industria\/karl-lagerfeld-ha-fallecido-a-sus-85-anos\"> <img alt=\"Karl Lagerfeld ha fallecido a los 85 a\u00f1os\" src=\"http:\/\/hoycordobaweb.com\/wp-content\/uploads\/2021\/12\/sothebys-anuncia-que-subastara-mas-de-1-000-lotes-de-las-pertenencias-de-karl-lagerfeld.jpg\"> <\/a> <\/div><\/div><\/div>\n<\/div>\n<p><strong>Karl Lagerfeld,<\/strong> que ha sido <a href=\"https:\/\/www.trendencias.com\/series-de-television\/disney-anuncia-que-trabaja-kaiser-karl-serie-dramatica-karl-lagerfeld\">uno de los personajes m\u00e1s fascinantes del siglo<\/a> pasado y de este, adem\u00e1s era un &nbsp;coleccionista insaciable de obras de arte, &nbsp;fotograf\u00eda, antig\u00fcedades y dise\u00f1o. Su modernidad y su buen ojo le llevaron a atener una de las colecciones m\u00e1s importantes que se conocen. peor es que adem\u00e1s, el hecho de que hayan sido suyas, y han formado parte de sus audaces mansiones, son ya un valor en s\u00ed mismas.<\/p>\n<p><!-- BREAK 2 --> <\/p>\n<div class=\"video-boost-container article-asset-normal\"> <span class=\"video-boost-title\">Lily Rose Depp para Chanel Beauty<\/span>\n<\/div>\n<p>Siempre gust\u00f3 del dise\u00f1o italiano, colorista y l\u00fadico, del grupo Memphis durante los a\u00f1os ochenta. Luego lleg\u00f3 una gran fijaci\u00f3n por las artes decorativas francesas del siglo XVIII. A principios de los a\u00f1os 70 fu\u00e9 el Art Dec\u00f3, el objeto de su deseo.<\/p>\n<p><!-- BREAK 3 --><\/p>\n<div class=\"article-asset-image article-asset-normal article-asset-center\">\n<div class=\"asset-content\">\n<div class=\"base-wrapper-image\"> <img class=\"sf-lazy centro_sinmarco\" data-sf-srcset=\"http:\/\/hoycordobaweb.com\/wp-content\/uploads\/2021\/12\/sothebys-anuncia-que-subastara-mas-de-1-000-lotes-de-las-pertenencias-de-karl-lagerfeld.png 450w, http:\/\/hoycordobaweb.com\/wp-content\/uploads\/2021\/12\/sothebys-anuncia-que-subastara-mas-de-1-000-lotes-de-las-pertenencias-de-karl-lagerfeld-2.png 681w,http:\/\/hoycordobaweb.com\/wp-content\/uploads\/2021\/12\/sothebys-anuncia-que-subastara-mas-de-1-000-lotes-de-las-pertenencias-de-karl-lagerfeld-3.png 1024w, http:\/\/hoycordobaweb.com\/wp-content\/uploads\/2021\/12\/sothebys-anuncia-que-subastara-mas-de-1-000-lotes-de-las-pertenencias-de-karl-lagerfeld-4.png 1366w,\" data-sf-src=\"http:\/\/hoycordobaweb.com\/wp-content\/uploads\/2021\/12\/sothebys-anuncia-que-subastara-mas-de-1-000-lotes-de-las-pertenencias-de-karl-lagerfeld.png\" alt=\"Obra de salida 24.00 euros\"> <noscript><img alt=\"Obra de salida 24.00 euros\" class=\"centro_sinmarco\" src=\"http:\/\/hoycordobaweb.com\/wp-content\/uploads\/2021\/12\/sothebys-anuncia-que-subastara-mas-de-1-000-lotes-de-las-pertenencias-de-karl-lagerfeld.png\"><\/noscript> <\/div><\/div>\n<\/div>\n<p>Sin embargo durante los \u00faltimos veinte a\u00f1os de su vida, quiso abrazar la modernidad y compr\u00f3 numerosas obras de Mark Newson, Martin Szekely y Ronan y Erwan Bouroullec. A muchos sorprender\u00e1 que en su \u00faltima residencia a\u00f1adi\u00f3 muebles dise\u00f1ados por Bruno Paul y carteles de publicidad alemana de principios del siglo XX.<\/p>\n<p><!-- BREAK 4 --><\/p>\n<p>En los lotes encontramos tambi\u00e9n obra dedicada a Karl Lagerfeld: su retrato realizado por Takashi Murakami y sus mu\u00f1ecos de Tokidoki. O un John Baldesari que sale por 7.500 euros. Aunque hay obras de mucho m\u00e1s valor art\u00edstico e hist\u00f3rico.<\/p>\n<p><!-- BREAK 5 --><\/p>\n<div class=\"article-asset article-asset-normal article-asset-center\">\n<div class=\"desvio-container\">\n<div class=\"desvio\">\n<div class=\"desvio-figure js-desvio-figure\"> <a href=\"https:\/\/www.trendencias.com\/general\/fallecimiento-karl-laguerfeld-parece-que-hay-quien-excusa-quiere-sacar-dinero-no-todo-vale\"> <img alt=\"Tras el fallecimiento de Karl Lagerfeld, parece que hay qui\u00e9n con la excusa quiere sacar dinero (y no todo vale)\" src=\"http:\/\/hoycordobaweb.com\/wp-content\/uploads\/2021\/12\/sothebys-anuncia-que-subastara-mas-de-1-000-lotes-de-las-pertenencias-de-karl-lagerfeld-1.jpg\"> <\/a> <\/div><\/div><\/div>\n<\/div>\n<div class=\"article-asset-image article-asset-normal article-asset-center\">\n<div class=\"asset-content\">\n<div class=\"base-wrapper-image\"> <img class=\"sf-lazy centro_sinmarco\" data-sf-srcset=\"http:\/\/hoycordobaweb.com\/wp-content\/uploads\/2021\/12\/sothebys-anuncia-que-subastara-mas-de-1-000-lotes-de-las-pertenencias-de-karl-lagerfeld-1.png 450w, http:\/\/hoycordobaweb.com\/wp-content\/uploads\/2021\/12\/sothebys-anuncia-que-subastara-mas-de-1-000-lotes-de-las-pertenencias-de-karl-lagerfeld-5.png 681w,http:\/\/hoycordobaweb.com\/wp-content\/uploads\/2021\/12\/sothebys-anuncia-que-subastara-mas-de-1-000-lotes-de-las-pertenencias-de-karl-lagerfeld-6.png 1024w, http:\/\/hoycordobaweb.com\/wp-content\/uploads\/2021\/12\/sothebys-anuncia-que-subastara-mas-de-1-000-lotes-de-las-pertenencias-de-karl-lagerfeld-7.png 1366w,\" data-sf-src=\"http:\/\/hoycordobaweb.com\/wp-content\/uploads\/2021\/12\/sothebys-anuncia-que-subastara-mas-de-1-000-lotes-de-las-pertenencias-de-karl-lagerfeld-1.png\" alt=\"Obra Karl Laguerfeld\"> <noscript><img alt=\"Obra Karl Laguerfeld\" class=\"centro_sinmarco\" src=\"http:\/\/hoycordobaweb.com\/wp-content\/uploads\/2021\/12\/sothebys-anuncia-que-subastara-mas-de-1-000-lotes-de-las-pertenencias-de-karl-lagerfeld-1.png\"><\/noscript> <\/div><\/div>\n<\/div>\n<p>El modisto y coleccionista de arte nos dej\u00f3 el 19 de febrero de 2019, no ten\u00eda hijos y <a href=\"https:\/\/www.trendencias.com\/general\/asi-como-choupette-querida-gata-karl-lagerfeld-podria-haber-heredado-parte-fortuna-kaiser-moda\">la herencia ha sido un misterio<\/a> que todav\u00eda no se ha acabado de aclarar publicamente. Los lotes son tantos que se har\u00e1 la venta desde tres ciudades distintas d\u00f3nde la casa Sothebys&#8217; tiene casa de subastas. Mientras no podemos dejar de <a href=\"https:\/\/www.sothebys.com\/en\/buy\/auction\/2021\/karl-karl-lagerfelds-estate-4?locale=en\">mirar la web<\/a> y los distintos lotes imaginando cu\u00e1ndo y c\u00f3mo compro esa pieza este gran maestro (y so\u00f1ando con que nos toque la loter\u00eda).<\/p>\n<p><!-- BREAK 6 --><\/p>\n<p>Im\u00e1genes| Sothebys&#8217;<\/p>\n","protected":false},"excerpt":{"rendered":"<p>Ha llegado el momento en que muchos coleccionistas del mundo del dise\u00f1o y la moda saquen sus talonarios. Sothebys&#8217; anuncia que sacar\u00e1 a la venta 1.000 lotes procedentes de sus residencias en Francia y M\u00f3naco. Karl Lagerfeld, que ha sido uno de los personajes m\u00e1s fascinantes del siglo pasado y de este, adem\u00e1s era un [&hellip;]<\/p>\n","protected":false},"author":1,"featured_media":33615,"comment_status":"closed","ping_status":"closed","sticky":false,"template":"","format":"standard","meta":[],"categories":[1],"tags":[],"_links":{"self":[{"href":"http:\/\/hoycordobaweb.com\/index.php\/wp-json\/wp\/v2\/posts\/33614"}],"collection":[{"href":"http:\/\/hoycordobaweb.com\/index.php\/wp-json\/wp\/v2\/posts"}],"about":[{"href":"http:\/\/hoycordobaweb.com\/index.php\/wp-json\/wp\/v2\/types\/post"}],"author":[{"embeddable":true,"href":"http:\/\/hoycordobaweb.com\/index.php\/wp-json\/wp\/v2\/users\/1"}],"replies":[{"embeddable":true,"href":"http:\/\/hoycordobaweb.com\/index.php\/wp-json\/wp\/v2\/comments?post=33614"}],"version-history":[{"count":0,"href":"http:\/\/hoycordobaweb.com\/index.php\/wp-json\/wp\/v2\/posts\/33614\/revisions"}],"wp:featuredmedia":[{"embeddable":true,"href":"http:\/\/hoycordobaweb.com\/index.php\/wp-json\/wp\/v2\/media\/33615"}],"wp:attachment":[{"href":"http:\/\/hoycordobaweb.com\/index.php\/wp-json\/wp\/v2\/media?parent=33614"}],"wp:term":[{"taxonomy":"category","embeddable":true,"href":"http:\/\/hoycordobaweb.com\/index.php\/wp-json\/wp\/v2\/categories?post=33614"},{"taxonomy":"post_tag","embeddable":true,"href":"http:\/\/hoycordobaweb.com\/index.php\/wp-json\/wp\/v2\/tags?post=33614"}],"curies":[{"name":"wp","href":"https:\/\/api.w.org\/{rel}","templated":true}]}}