{"id":33522,"date":"2021-11-30T15:59:00","date_gmt":"2021-11-30T15:59:00","guid":{"rendered":"http:\/\/hoycordobaweb.com\/index.php\/2021\/11\/30\/europa-ya-podria-tener-circulacion-local-de-la-variante-omicron\/"},"modified":"2021-11-30T15:59:00","modified_gmt":"2021-11-30T15:59:00","slug":"europa-ya-podria-tener-circulacion-local-de-la-variante-omicron","status":"publish","type":"post","link":"http:\/\/hoycordobaweb.com\/index.php\/2021\/11\/30\/europa-ya-podria-tener-circulacion-local-de-la-variante-omicron\/","title":{"rendered":"Europa ya podr\u00eda tener circulaci\u00f3n local de la variante \u00d3micron"},"content":{"rendered":"<p><img src=\"http:\/\/hoycordobaweb.com\/wp-content\/uploads\/2021\/11\/europa-ya-podria-tener-circulacion-local-de-la-variante-omicron.jpg\"><\/p>\n<figure class=\"mb-3\"><img loading=\"lazy\" src=\"http:\/\/hoycordobaweb.com\/wp-content\/uploads\/2021\/11\/europa-ya-podria-tener-circulacion-local-de-la-variante-omicron-2.jpg\" width=\"100%\" height=\"100%\" alt=\"Alemania enfrenta desde hace semanas su peor pico de contagios de toda la pandemia Foto AFP\"><figcaption> Alemania enfrenta desde hace semanas su peor pico de contagios de toda la pandemia. Foto: AFP <\/figcaption><\/figure>\n<p>Pa\u00edses Bajos anunci\u00f3 este martes que la variante \u00d3micron del coronavirus ya estaba en la naci\u00f3n antes de que Sud\u00e1frica comunicara su descubrimiento, la semana pasada, y Alemania inform\u00f3 de un caso en una persona que no viaj\u00f3 al extranjero ni estuvo en contacto con nadie que lo hubiera hecho, reforzando temores de que la temida mutaci\u00f3n ya circule de manera local en Europa.<\/p>\n<p>Los anuncios llegan un d\u00eda despu\u00e9s de que autoridades de Escocia, Reino Unido, anunciaran que entre sus primeros casos de \u00d3micron <strong>hab\u00eda personas que no hab\u00edan viajado<\/strong> y dijeran que \u00abya podr\u00eda haber algo de transmisi\u00f3n comunitaria de esta variante\u00bb, y de que en Portugal se descubriera que 13 jugadores de un club de f\u00fatbol de primera divisi\u00f3n estaba infectados y que solo uno de ellos hab\u00eda estado en Sud\u00e1frica.<\/p>\n<p>La autoridad sanitaria de Pa\u00edses Bajos -la ex-Holanda-, el Instituto de Salud y Medio Ambiente (RIVM), dijo que <strong>encontr\u00f3 la variante \u00d3micron<\/strong> en muestras de dos personas tomadas el 19 y el 23 de noviembre.<\/p>\n<blockquote class><p>\u00abYa podr\u00eda haber algo de transmisi\u00f3n comunitaria de esta variante\u00bb<cite class=\"author\">Autoridades de Pa\u00edses Bajos<\/cite><\/p><\/blockquote>\n<p>La Organizaci\u00f3n Mundial de la Salud (OMS) dijo que <a href=\"http:\/\/La%20variante%20%C3%93micron%20estaba%20presente%20en%20Pa%C3%ADses%20Bajos%20antes%20de%20identificarse%20en%20Sud%C3%A1frica\" target=\"_blank\" rel=\"noopener noreferrer\">Sud\u00e1frica le inform\u00f3 de la detecci\u00f3n de la variante el 24 de noviembre. Dos d\u00edas despu\u00e9s, el viernes pasado, cient\u00edficos sudafricanos anunciaron el descubrimiento de la mutaci\u00f3n<\/a> en una conferencia de prensa.<\/p>\n<p>A\u00fan no est\u00e1 claro d\u00f3nde o cu\u00e1ndo surgi\u00f3 la variante, pero eso no ha evitado que muchos pa\u00edses, preocupados, se hayan apresurado a imponer restricciones de viaje, especialmente a personas procedentes del sur de \u00c1frica, donde se asumi\u00f3 que se hab\u00eda generado la nueva cepa.<\/p>\n<p><a href=\"https:\/\/www.telam.com.ar\/notas\/202111\/576296-oms-recomendo-no-cerrar-fronteras-por-la-variante-omicron.html\" target=\"_blank\" rel=\"noopener noreferrer\">Sud\u00e1frica critic\u00f3 esas restricciones de viaje y la OMS las desaconsej\u00f3<\/a>, argumentando que no solo tienen una eficacia limitada sino que adem\u00e1s afectan vidas y econom\u00edas.<\/p>\n<p>Todav\u00eda se conoce muy poco de \u00d3micron, aunque la OMS advirti\u00f3 el pasado lunes <a href=\"https:\/\/www.telam.com.ar\/notas\/202111\/576301-oms-variante-omicron-riesgo-muy-elevado.html\" target=\"_blank\" rel=\"noopener noreferrer\">que el riesgo que presenta para el mundo es \u00abmuy elevado\u00bb y que evidencia preliminar indica que podr\u00eda ser m\u00e1s contagiosa.<\/a><\/p>\n<div class=\"video_repositive\"><a class=\"video_sticky\" href=\"javascript:void();\" onclick=\"removeStuckVideo(true);\"><i class=\"far fa-window-close\"><\/i><\/a><\/p>\n<div id=\"rA3uUZDc-K8\" class=\"video_telam\" readability=\"6\">\n<div class=\"feature_article_inner\" readability=\"32\">\n<p><h2 class=\"text-center\">La organizaci\u00f3n Mundial de la Salud sobre la variante \u00d3micron<\/h2>\n<\/p>\n<\/div>\n<p>VER VIDEO <i class=\"fas fa-play\"><\/i><\/p>\n<\/div>\n<\/div>\n<p>Tambi\u00e9n se teme que pueda evadir la respuesta del sistema inmunol\u00f3gico y, por ende, la protecci\u00f3n de las vacunas.<\/p>\n<p><a href=\"https:\/\/www.telam.com.ar\/notas\/202111\/576236-paises-bajos-omicron.html\" target=\"_blank\" rel=\"noopener noreferrer\">El anuncio de Pa\u00edses Bajos profundiza la inc\u00f3gnita sobre cu\u00e1ndo apareci\u00f3 en realidad la variante.<\/a><\/p>\n<p>Hasta ahora, el Gobierno del pa\u00eds de la Uni\u00f3n Europea (UE) hab\u00eda dicho que los primeros casos de la variante detectados en su territorio eran de pasajeros que hab\u00edan llegado del sur de \u00c1frica el viernes pasado. Sin embargo, los dos casos anunciados hoy son anteriores a aquellos.<\/p>\n<p><a href=\"https:\/\/www.telam.com.ar\/notas\/202111\/576138-alemania-variante-omicron-coronavirus.html\" target=\"_blank\" rel=\"noopener noreferrer\">En Alemania, en tanto, autoridades de la oriental ciudad de Leipzig dijeron este martes que detectaron una infecci\u00f3n con la variante \u00d3micron<\/a> en un hombre de 39 a\u00f1os que no hab\u00eda viajado al extranjero ni hab\u00eda estado en contacto con alguien que lo hubiera hecho, inform\u00f3 la agencia de noticias alemana DPA.<\/p>\n<figure class=\"mb-3\"><img loading=\"lazy\" src=\"http:\/\/hoycordobaweb.com\/wp-content\/uploads\/2021\/11\/europa-ya-podria-tener-circulacion-local-de-la-variante-omicron-3.jpg\" width=\"100%\" height=\"100%\" alt=\"Pases Bajos anunci que la variante micron del coronavirus ya estaba en la nacin antes de que Sudfrica comunicara su descubrimiento Foto AFP\"><figcaption> Pa\u00edses Bajos anunci\u00f3 que la variante \u00d3micron del coronavirus ya estaba en la naci\u00f3n antes de que Sud\u00e1frica comunicara su descubrimiento. Foto: AFP <\/figcaption><\/figure>\n<p><a href=\"https:\/\/www.telam.com.ar\/notas\/202111\/576054-alemania-coronavirus-record-contagios.html\" target=\"_blank\" rel=\"noopener noreferrer\">Alemania enfrenta desde hace semanas su peor pico de contagios de toda la pandemia.<\/a><\/p>\n<p>Leipzig se ubica en el estado de Sajonia, que es el que tiene la mayor tasa de infecci\u00f3n de Covid-19 en Alemania.<\/p>\n<p>En tanto, <a href=\"https:\/\/www.telam.com.ar\/notas\/202111\/576403-japon-primer-caso-variante-omicron-coronavirus.html\" target=\"_blank\" rel=\"noopener noreferrer\">Jap\u00f3n anunci\u00f3 su primer casos de la variante<\/a>, y lo mismo hizo Francia, que dijo que la detect\u00f3 en su isla africana de Reuni\u00f3n, en el oc\u00e9ano \u00cdndico, en un hombre de 53 a\u00f1os que hab\u00eda viajado a Mozambique.<\/p>\n<p>Jap\u00f3n dijo que su caso es el de un hombre de unos 30 a\u00f1os que estuvo en Namibia.<\/p>\n<p>Pese a las preocupaciones en todo el mundo, doctores sudafricanos han informado que los pacientes infectados con \u00d3micron tienen s\u00edntomas leves y que en su mayor\u00eda son menores de 40.<\/p>\n<p>La variante ya ha sido detectada en pa\u00edses de todos los continentes, incluyendo Alemania, Reino Unido, Canad\u00e1 y Australia, entre otros. <\/p>\n","protected":false},"excerpt":{"rendered":"<p>Alemania enfrenta desde hace semanas su peor pico de contagios de toda la pandemia. Foto: AFP Pa\u00edses Bajos anunci\u00f3 este martes que la variante \u00d3micron del coronavirus ya estaba en la naci\u00f3n antes de que Sud\u00e1frica comunicara su descubrimiento, la semana pasada, y Alemania inform\u00f3 de un caso en una persona que no viaj\u00f3 al [&hellip;]<\/p>\n","protected":false},"author":1,"featured_media":33523,"comment_status":"open","ping_status":"closed","sticky":false,"template":"","format":"standard","meta":[],"categories":[24],"tags":[],"_links":{"self":[{"href":"http:\/\/hoycordobaweb.com\/index.php\/wp-json\/wp\/v2\/posts\/33522"}],"collection":[{"href":"http:\/\/hoycordobaweb.com\/index.php\/wp-json\/wp\/v2\/posts"}],"about":[{"href":"http:\/\/hoycordobaweb.com\/index.php\/wp-json\/wp\/v2\/types\/post"}],"author":[{"embeddable":true,"href":"http:\/\/hoycordobaweb.com\/index.php\/wp-json\/wp\/v2\/users\/1"}],"replies":[{"embeddable":true,"href":"http:\/\/hoycordobaweb.com\/index.php\/wp-json\/wp\/v2\/comments?post=33522"}],"version-history":[{"count":0,"href":"http:\/\/hoycordobaweb.com\/index.php\/wp-json\/wp\/v2\/posts\/33522\/revisions"}],"wp:featuredmedia":[{"embeddable":true,"href":"http:\/\/hoycordobaweb.com\/index.php\/wp-json\/wp\/v2\/media\/33523"}],"wp:attachment":[{"href":"http:\/\/hoycordobaweb.com\/index.php\/wp-json\/wp\/v2\/media?parent=33522"}],"wp:term":[{"taxonomy":"category","embeddable":true,"href":"http:\/\/hoycordobaweb.com\/index.php\/wp-json\/wp\/v2\/categories?post=33522"},{"taxonomy":"post_tag","embeddable":true,"href":"http:\/\/hoycordobaweb.com\/index.php\/wp-json\/wp\/v2\/tags?post=33522"}],"curies":[{"name":"wp","href":"https:\/\/api.w.org\/{rel}","templated":true}]}}