{"id":33436,"date":"2021-11-28T13:20:27","date_gmt":"2021-11-28T13:20:27","guid":{"rendered":"https:\/\/www.mujerhoy.com\/moda\/no-te-pierdas\/minifalda-top-lazo-gigante-nueva-coleccion-fiesta-hym-favorece-20211128141946-nt.html"},"modified":"2021-11-28T13:20:27","modified_gmt":"2021-11-28T13:20:27","slug":"no-busques-mas-tenemos-el-look-con-lazo-gigante-con-el-que-vas-a-arrasar-en-las-fiestas-de-diciembre","status":"publish","type":"post","link":"http:\/\/hoycordobaweb.com\/index.php\/2021\/11\/28\/no-busques-mas-tenemos-el-look-con-lazo-gigante-con-el-que-vas-a-arrasar-en-las-fiestas-de-diciembre\/","title":{"rendered":"No busques m\u00e1s: tenemos el look con lazo gigante con el que vas a arrasar en las fiestas de diciembre"},"content":{"rendered":"<p><!-- AUTHOR --><!-- COMPONENTS --><\/p>\n<p class=\"voc-paragraph\">Est\u00e1bamos deseando ver <a data-voc-vtm-id=\"in-text-traffic\" href=\"https:\/\/www.mujerhoy.com\/moda\/no-te-pierdas\/compras-zara-mango-stradivarius-vestidos-fiesta-baratos-abrigos-nueva-coleccion-20211119201638-ga.html\">esta colecci\u00f3n<\/a>, probablemente la primera que propone <a data-voc-vtm-id=\"in-text-traffic\" href=\"https:\/\/www.mujerhoy.com\/moda\/no-te-pierdas\/vestidos-fiesta-sientan-bien-nueva-coleccion-zara-bershka-20211107110527-ga.html\">looks de fiesta<\/a> con tejidos innovadores que pueden entrar en un proceso circular de sostenibilidad textil. Se trata de la<br \/>\n<strong> &#8216;Innovation Circular Design Story&#8217; de H&amp;M<\/strong>, un paso adelante para la marca sueca que nos permite vestir prendas que no van a ser nocivas para el medio ambiente porque van a poder entrar en la econom\u00eda circular. Sin embargo, no es solo lo eco lo que nos interesa, sino su propuesta est\u00e9tica. Se trata de una colecci\u00f3n dise\u00f1ada por <strong>lb Kamara, estilista de Madonna<\/strong>, que propone <a data-voc-vtm-id=\"in-text-traffic\" href=\"https:\/\/www.mujerhoy.com\/moda\/no-te-pierdas\/vestidos-fiesta-zara-negro-lentejuelas-agotados-baratos-instagram-20211103195243-nt.html\">vestidos de fiesta accesibles<\/a> con el esp\u00edritu de la alta costura. Y qu\u00e9 hay m\u00e1s alta costura que un gran<br \/>\n<strong> lazo gigante <\/strong>que nos remite, directamente, a <strong>Dior<\/strong>, <strong>Yves Saint Laurent<\/strong> y Par\u00eds.\n<\/p>\n<div class=\"voc-detail-photo-zoom\"><picture data-toggle=\"modal\" data-target=\"#photoZoomModal-134\" target=\"modal\">\n<div class=\"voc-img-icon-link\"><img loading=\"lazy\" data-original=\"\/\/static3.mujerhoy.com\/www\/multimedia\/202111\/19\/media\/cortadas\/minifalda-top-lazo-gigante-nueva-coleccion-fiesta-hym-1-kPqC--460x637@MujerHoy.jpg\" class=\"lazy\"><noscript><img src=\"http:\/\/hoycordobaweb.com\/wp-content\/uploads\/2021\/11\/no-busques-mas-tenemos-el-look-con-lazo-gigante-con-el-que-vas-a-arrasar-en-las-fiestas-de-diciembre.jpg\"><\/noscript><i class=\"voc-icons zoom voc-multimedia-box voc-ico-l\"><\/i><\/div><figcaption class=\"figure-caption\"><\/figcaption><\/picture><\/div>\n<div id=\"photoZoomModal-134\" class=\"voc-lightbox modal fade voc-lightbox--photo-zoom\" role=\"dialog\" data-voc-photozoom-lightbox>\n<div class=\"voc-lightbox__dialog\" role=\"document\">\n<div class=\"voc-lightbox__content\"><!-- Modal header --><!-- Modal content --><\/p>\n<div class=\"voc-lightbox__photo-container\"><picture class><img loading=\"lazy\" data-original=\"\/\/static3.mujerhoy.com\/www\/multimedia\/202111\/19\/media\/cortadas\/minifalda-top-lazo-gigante-nueva-coleccion-fiesta-hym-1-kPqC--460x637@MujerHoy.jpg\" class=\"lazy\"><noscript><img src=\"http:\/\/hoycordobaweb.com\/wp-content\/uploads\/2021\/11\/no-busques-mas-tenemos-el-look-con-lazo-gigante-con-el-que-vas-a-arrasar-en-las-fiestas-de-diciembre.jpg\"><\/noscript><\/picture><\/div>\n<\/div>\n<\/div>\n<\/div>\n<p class=\"voc-paragraph\">El <strong>estilista de Madonna, lb Kamara<\/strong>, ha logrado sintetizar algunas claves de los<br \/>\n<strong> dise\u00f1os de fiesta de alta costura <\/strong>en una colecci\u00f3n que te va a hacer suspirar de deseo. Todos los looks son preciosos y, adem\u00e1s, utilizan hilo desechable y recurren a un solo material,<br \/>\n<strong> la monofibra<\/strong>, para que puedan reciclarse perfectamente. Adem\u00e1s, podr\u00e1s comprobar que muchos de los dise\u00f1os tienen varios usos: chaquetas que son vestidos, pantalones que se hacen m\u00e1s anchos gracias a unas cremalleras, looks en dos piezas\u2026 Se trata de <strong>piezas que se conservan y se comparten<\/strong>, y que, con el tiempo, se heredan o transmiten.\n<\/p>\n<div class=\"voc-detail-photo-zoom\"><picture data-toggle=\"modal\" data-target=\"#photoZoomModal-750\" target=\"modal\">\n<div class=\"voc-img-icon-link\"><img loading=\"lazy\" data-original=\"\/\/static2.mujerhoy.com\/www\/multimedia\/202111\/19\/media\/cortadas\/minifalda-top-lazo-gigante-nueva-coleccion-fiesta-hym-4-kPqC--460x637@MujerHoy.jpg\" class=\"lazy\"><noscript><img src=\"http:\/\/hoycordobaweb.com\/wp-content\/uploads\/2021\/11\/no-busques-mas-tenemos-el-look-con-lazo-gigante-con-el-que-vas-a-arrasar-en-las-fiestas-de-diciembre.png\"><\/noscript><i class=\"voc-icons zoom voc-multimedia-box voc-ico-l\"><\/i><\/div><figcaption class=\"figure-caption\"><\/figcaption><\/picture><\/div>\n<div id=\"photoZoomModal-750\" class=\"voc-lightbox modal fade voc-lightbox--photo-zoom\" role=\"dialog\" data-voc-photozoom-lightbox>\n<div class=\"voc-lightbox__dialog\" role=\"document\">\n<div class=\"voc-lightbox__content\"><!-- Modal header --><!-- Modal content --><\/p>\n<div class=\"voc-lightbox__photo-container\"><picture class><img loading=\"lazy\" data-original=\"\/\/static2.mujerhoy.com\/www\/multimedia\/202111\/19\/media\/cortadas\/minifalda-top-lazo-gigante-nueva-coleccion-fiesta-hym-4-kPqC--460x637@MujerHoy.jpg\" class=\"lazy\"><noscript><img src=\"http:\/\/hoycordobaweb.com\/wp-content\/uploads\/2021\/11\/no-busques-mas-tenemos-el-look-con-lazo-gigante-con-el-que-vas-a-arrasar-en-las-fiestas-de-diciembre.png\"><\/noscript><\/picture><\/div>\n<\/div>\n<\/div>\n<\/div>\n<p class=\"voc-paragraph\">De toda la colecci\u00f3n nos quedamos, sin duda, con los vestidos y conjuntos adornados con <strong>un gran lazo frontal<\/strong>: no podemos resistirnos a este adorno XXL que abunda en la feminidad de los dise\u00f1os. <strong>Kaia Gerber<\/strong>, una de las supermodelos elegidas para presentar esta colecci\u00f3n tan especial, lleva en la campa\u00f1a nuestro dise\u00f1o favorito, que es <strong>un dos piezas, minifalda y top<\/strong>, en un tejido negro con brillo satinado y estampado de grandes c\u00edrculos. Juntos son una bomba de estilo y por separado siguen funcionando maravillosamente bien.\n<\/p>\n<div class=\"voc-detail-photo-zoom\"><picture data-toggle=\"modal\" data-target=\"#photoZoomModal-718\" target=\"modal\">\n<div class=\"voc-img-icon-link\"><img loading=\"lazy\" data-original=\"\/\/static1.mujerhoy.com\/www\/multimedia\/202111\/19\/media\/cortadas\/minifalda-top-lazo-gigante-nueva-coleccion-fiesta-hym-2-kPqC--460x637@MujerHoy.jpg\" class=\"lazy\"><noscript><img src=\"http:\/\/hoycordobaweb.com\/wp-content\/uploads\/2021\/11\/no-busques-mas-tenemos-el-look-con-lazo-gigante-con-el-que-vas-a-arrasar-en-las-fiestas-de-diciembre-1.png\"><\/noscript><i class=\"voc-icons zoom voc-multimedia-box voc-ico-l\"><\/i><\/div><figcaption class=\"figure-caption\"><\/figcaption><\/picture><\/div>\n<div id=\"photoZoomModal-718\" class=\"voc-lightbox modal fade voc-lightbox--photo-zoom\" role=\"dialog\" data-voc-photozoom-lightbox>\n<div class=\"voc-lightbox__dialog\" role=\"document\">\n<div class=\"voc-lightbox__content\"><!-- Modal header --><!-- Modal content --><\/p>\n<div class=\"voc-lightbox__photo-container\"><picture class><img loading=\"lazy\" data-original=\"\/\/static1.mujerhoy.com\/www\/multimedia\/202111\/19\/media\/cortadas\/minifalda-top-lazo-gigante-nueva-coleccion-fiesta-hym-2-kPqC--460x637@MujerHoy.jpg\" class=\"lazy\"><noscript><img src=\"http:\/\/hoycordobaweb.com\/wp-content\/uploads\/2021\/11\/no-busques-mas-tenemos-el-look-con-lazo-gigante-con-el-que-vas-a-arrasar-en-las-fiestas-de-diciembre-1.png\"><\/noscript><\/picture><\/div>\n<\/div>\n<\/div>\n<\/div>\n<p class=\"voc-paragraph\">Tres dise\u00f1os m\u00e1s utilizan el mismo<br \/>\n<strong> recurso al gran lazo<\/strong>: un conjunto igual que el que lleva Kaia Gerber pero en blanco, un<br \/>\n<strong> vestido rosa fucsia <\/strong>con un lazo transversal que lo cruza de arriba abajo espectacular y un<br \/>\n<strong> &#8216;little black dress&#8217; con un enorme lazo horizontal sobre el pecho<\/strong>. Atenta a este peque\u00f1o vestido negro, porque es una de esas compras que agradeces durante toda la vida: este dise\u00f1o puede convertirse en tu salvavidas<br \/>\n<strong> favorito del fondo de armario <\/strong>y para toda la vida. Atenta, porque se va a agotaren cuesti\u00f3n de minutos cuando salga, por fin, a venta. Ser\u00e1 el pr\u00f3ximo 9 de diciembre.\n<\/p>\n<div class=\"voc-detail__cmp voc-detail__cmp--pad-lr voc-detail__cmp--pad-lr--bdr\">\n<div class=\"voc-ficha-detail__wrapper\">\n<section class=\"voc-ficha-detail\">\n<h4 class=\"voc-ficha-detail-title voc-title-section\">Te recomendamos<\/h4>\n<\/section>\n<\/div>\n<\/div>\n<p><!-- TOPICS --><\/p>\n","protected":false},"excerpt":{"rendered":"<p>Est\u00e1bamos deseando ver esta colecci\u00f3n, probablemente la primera que propone looks de fiesta con tejidos innovadores que pueden entrar en un proceso circular de sostenibilidad textil. Se trata de la &#8216;Innovation Circular Design Story&#8217; de H&amp;M, un paso adelante para la marca sueca que nos permite vestir prendas que no van a ser nocivas para [&hellip;]<\/p>\n","protected":false},"author":1,"featured_media":33437,"comment_status":"closed","ping_status":"closed","sticky":false,"template":"","format":"standard","meta":[],"categories":[1],"tags":[],"_links":{"self":[{"href":"http:\/\/hoycordobaweb.com\/index.php\/wp-json\/wp\/v2\/posts\/33436"}],"collection":[{"href":"http:\/\/hoycordobaweb.com\/index.php\/wp-json\/wp\/v2\/posts"}],"about":[{"href":"http:\/\/hoycordobaweb.com\/index.php\/wp-json\/wp\/v2\/types\/post"}],"author":[{"embeddable":true,"href":"http:\/\/hoycordobaweb.com\/index.php\/wp-json\/wp\/v2\/users\/1"}],"replies":[{"embeddable":true,"href":"http:\/\/hoycordobaweb.com\/index.php\/wp-json\/wp\/v2\/comments?post=33436"}],"version-history":[{"count":0,"href":"http:\/\/hoycordobaweb.com\/index.php\/wp-json\/wp\/v2\/posts\/33436\/revisions"}],"wp:featuredmedia":[{"embeddable":true,"href":"http:\/\/hoycordobaweb.com\/index.php\/wp-json\/wp\/v2\/media\/33437"}],"wp:attachment":[{"href":"http:\/\/hoycordobaweb.com\/index.php\/wp-json\/wp\/v2\/media?parent=33436"}],"wp:term":[{"taxonomy":"category","embeddable":true,"href":"http:\/\/hoycordobaweb.com\/index.php\/wp-json\/wp\/v2\/categories?post=33436"},{"taxonomy":"post_tag","embeddable":true,"href":"http:\/\/hoycordobaweb.com\/index.php\/wp-json\/wp\/v2\/tags?post=33436"}],"curies":[{"name":"wp","href":"https:\/\/api.w.org\/{rel}","templated":true}]}}