{"id":33288,"date":"2021-11-26T10:31:20","date_gmt":"2021-11-26T10:31:20","guid":{"rendered":"https:\/\/fono.fcm.unc.edu.ar\/?p=7909"},"modified":"2021-11-26T10:31:20","modified_gmt":"2021-11-26T10:31:20","slug":"26-de-noviembre-dia-de-las-y-los-trabajadores-nodocentes","status":"publish","type":"post","link":"http:\/\/hoycordobaweb.com\/index.php\/2021\/11\/26\/26-de-noviembre-dia-de-las-y-los-trabajadores-nodocentes\/","title":{"rendered":"26 de noviembre: D\u00eda de las y los Trabajadores Nodocentes"},"content":{"rendered":"<p>Cada 26 de noviembre se celebra el D\u00eda de las y los Trabajadores Nodocentes Universitarios en conmemoraci\u00f3n del hist\u00f3rico Congreso Nacional de Horco Molle, realizado en Tucum\u00e1n en noviembre de 1973, en el cual se logr\u00f3 la unidad del Gremio No Docente y se declar\u00f3 <em>por unanimidad conmemorar el 26 de noviembre como el d\u00eda de los Trabajadores No Docentes de las Universidades Nacionales.<\/em><\/p>\n<p>Saludamos especialmente a nuestras y nuestros Nodocentes de la Escuela de Fonoaudiolog\u00eda y renovamos el agradecimiento por la labor realizada durante este a\u00f1o tan particular, a\u00fan en pandemia.<br \/>\u00a1\u00a1Feliz d\u00eda Nodocentes!!<br \/>Recordamos que hoy hay ASUETO ADMINISTRATIVO en la Escuela de Fonoaudiolog\u00eda.<\/p>\n","protected":false},"excerpt":{"rendered":"<p>Cada 26 de noviembre se celebra el D\u00eda de las y los Trabajadores Nodocentes Universitarios en conmemoraci\u00f3n del hist\u00f3rico Congreso Nacional de Horco Molle, realizado en Tucum\u00e1n en noviembre de 1973, en el cual se logr\u00f3 la unidad del Gremio No Docente y se declar\u00f3 por unanimidad conmemorar el 26 de noviembre como el d\u00eda [&hellip;]<\/p>\n","protected":false},"author":1,"featured_media":0,"comment_status":"closed","ping_status":"closed","sticky":false,"template":"","format":"standard","meta":[],"categories":[1],"tags":[],"_links":{"self":[{"href":"http:\/\/hoycordobaweb.com\/index.php\/wp-json\/wp\/v2\/posts\/33288"}],"collection":[{"href":"http:\/\/hoycordobaweb.com\/index.php\/wp-json\/wp\/v2\/posts"}],"about":[{"href":"http:\/\/hoycordobaweb.com\/index.php\/wp-json\/wp\/v2\/types\/post"}],"author":[{"embeddable":true,"href":"http:\/\/hoycordobaweb.com\/index.php\/wp-json\/wp\/v2\/users\/1"}],"replies":[{"embeddable":true,"href":"http:\/\/hoycordobaweb.com\/index.php\/wp-json\/wp\/v2\/comments?post=33288"}],"version-history":[{"count":0,"href":"http:\/\/hoycordobaweb.com\/index.php\/wp-json\/wp\/v2\/posts\/33288\/revisions"}],"wp:attachment":[{"href":"http:\/\/hoycordobaweb.com\/index.php\/wp-json\/wp\/v2\/media?parent=33288"}],"wp:term":[{"taxonomy":"category","embeddable":true,"href":"http:\/\/hoycordobaweb.com\/index.php\/wp-json\/wp\/v2\/categories?post=33288"},{"taxonomy":"post_tag","embeddable":true,"href":"http:\/\/hoycordobaweb.com\/index.php\/wp-json\/wp\/v2\/tags?post=33288"}],"curies":[{"name":"wp","href":"https:\/\/api.w.org\/{rel}","templated":true}]}}