{"id":3328,"date":"2020-10-13T23:32:00","date_gmt":"2020-10-13T23:32:00","guid":{"rendered":"https:\/\/fm-comunicar.com.ar\/contenido\/16270\/disminuyeron-los-casos-tras-dos-semanas-de-restricciones-horarias"},"modified":"2020-10-13T23:32:00","modified_gmt":"2020-10-13T23:32:00","slug":"disminuyeron-los-casos-tras-dos-semanas-de-restricciones-horarias","status":"publish","type":"post","link":"http:\/\/hoycordobaweb.com\/index.php\/2020\/10\/13\/disminuyeron-los-casos-tras-dos-semanas-de-restricciones-horarias\/","title":{"rendered":"\u00bfDisminuyeron los casos tras dos semanas de restricciones horarias?"},"content":{"rendered":"<p>Antes de la nueva cuarentena que estar\u00e1 vigente hasta el lunes 26, en C\u00f3rdoba, Sierras Chicas, Colonia Caroya y Jes\u00fas Mar\u00eda hubo 14 d\u00edas con limitaciones de trabajo en los comercios.<img src=\"http:\/\/hoycordobaweb.com\/wp-content\/uploads\/2020\/10\/disminuyeron-los-casos-tras-dos-semanas-de-restricciones-horarias.jpg\"><\/p>\n","protected":false},"excerpt":{"rendered":"<p>Antes de la nueva cuarentena que estar\u00e1 vigente hasta el lunes 26, en C\u00f3rdoba, Sierras Chicas, Colonia Caroya y Jes\u00fas Mar\u00eda hubo 14 d\u00edas con limitaciones de trabajo en los comercios.<\/p>\n","protected":false},"author":1,"featured_media":3329,"comment_status":"closed","ping_status":"closed","sticky":false,"template":"","format":"standard","meta":[],"categories":[18],"tags":[],"_links":{"self":[{"href":"http:\/\/hoycordobaweb.com\/index.php\/wp-json\/wp\/v2\/posts\/3328"}],"collection":[{"href":"http:\/\/hoycordobaweb.com\/index.php\/wp-json\/wp\/v2\/posts"}],"about":[{"href":"http:\/\/hoycordobaweb.com\/index.php\/wp-json\/wp\/v2\/types\/post"}],"author":[{"embeddable":true,"href":"http:\/\/hoycordobaweb.com\/index.php\/wp-json\/wp\/v2\/users\/1"}],"replies":[{"embeddable":true,"href":"http:\/\/hoycordobaweb.com\/index.php\/wp-json\/wp\/v2\/comments?post=3328"}],"version-history":[{"count":0,"href":"http:\/\/hoycordobaweb.com\/index.php\/wp-json\/wp\/v2\/posts\/3328\/revisions"}],"wp:featuredmedia":[{"embeddable":true,"href":"http:\/\/hoycordobaweb.com\/index.php\/wp-json\/wp\/v2\/media\/3329"}],"wp:attachment":[{"href":"http:\/\/hoycordobaweb.com\/index.php\/wp-json\/wp\/v2\/media?parent=3328"}],"wp:term":[{"taxonomy":"category","embeddable":true,"href":"http:\/\/hoycordobaweb.com\/index.php\/wp-json\/wp\/v2\/categories?post=3328"},{"taxonomy":"post_tag","embeddable":true,"href":"http:\/\/hoycordobaweb.com\/index.php\/wp-json\/wp\/v2\/tags?post=3328"}],"curies":[{"name":"wp","href":"https:\/\/api.w.org\/{rel}","templated":true}]}}