{"id":3326,"date":"2020-10-14T05:59:18","date_gmt":"2020-10-14T05:59:18","guid":{"rendered":"https:\/\/www.espinof.com\/actores-y-actrices\/muere-conchata-ferrell-gran-secundaria-dos-hombres-medio-a-77-anos"},"modified":"2020-10-14T05:59:18","modified_gmt":"2020-10-14T05:59:18","slug":"muere-conchata-ferrell-la-gran-secundaria-de-dos-hombres-y-medio-a-los-77-anos","status":"publish","type":"post","link":"http:\/\/hoycordobaweb.com\/index.php\/2020\/10\/14\/muere-conchata-ferrell-la-gran-secundaria-de-dos-hombres-y-medio-a-los-77-anos\/","title":{"rendered":"Muere Conchata Ferrell, la gran secundaria de &#8216;Dos hombres y medio&#8217;, a los 77 a\u00f1os"},"content":{"rendered":"<div readability=\"61.206793206793\">\n<p>Una vez m\u00e1s la televisi\u00f3n est\u00e1 de luto. Nos hemos enterado del fallecimiento de <strong>Conchata Ferrell por complicaciones de un ataque cardiaco<\/strong>. La actriz ten\u00eda 77 a\u00f1os y muri\u00f3 pac\u00edficamente rodeada de su familia este pasado lunes en el Sherman Oaks Hospital.<\/p>\n<p><!-- BREAK 1 --><\/p>\n<p>Con una carrera a sus espaldas de m\u00e1s de cuarenta a\u00f1os, Ferrell es quiz\u00e1s m\u00e1s conocida por su papel en &#8216;<a href=\"http:\/\/espinof.com\/tag\/dos-hombres-y-medio\">Dos hombres y medio<\/a>&#8216; (&#8216;Two and a Half Men&#8217;), sitcom en la que <strong>encarn\u00f3 durante m\u00e1s de doscientos episodios a Berta<\/strong>, la sarc\u00e1stica y algo grosera empleada del hogar de Charlie (Charlie Sheen).<\/p>\n<p><!-- BREAK 2 --> <\/p>\n<div class=\"article-asset article-asset-normal article-asset-center\">\n<div class=\"desvio-container\">\n<div class=\"desvio\">\n<div class=\"desvio-figure js-desvio-figure\"> <a href=\"https:\/\/www.espinof.com\/listas\/mejores-series-comedia-netflix-hbo-amazon-demas-plataformas-streaming\"> <img alt=\"Las 31 mejores series de comedia en Netflix, HBO, Amazon y dem\u00e1s plataformas de streaming\" src=\"http:\/\/hoycordobaweb.com\/wp-content\/uploads\/2020\/10\/muere-conchata-ferrell-la-gran-secundaria-de-dos-hombres-y-medio-a-los-77-anos.jpg\"> <\/a> <\/div><\/div><\/div>\n<\/div>\n<p>Sus compa\u00f1eros de reparto la recuerdan con mucho cari\u00f1o:<\/p>\n<blockquote class=\"twitter-tweet\" readability=\"9.4894366197183\">\n<p lang=\"en\" dir=\"ltr\">She was a beautiful human<\/p>\n<p>Berta\u2019s gruff exterior was an invention of the writers. Chatty\u2019s warmth and vulnerability were her real strengths. <\/p>\n<p>I\u2019m crying for the woman I\u2019ll miss, and the joy she brought so many. <a href=\"https:\/\/t.co\/SucL6gFaAR\">https:\/\/t.co\/SucL6gFaAR<\/a><\/p>\n<p>\u2014 Jon Cryer (@MrJonCryer) <a href=\"https:\/\/twitter.com\/MrJonCryer\/status\/1316111358945976320?ref_src=twsrc%5Etfw\">October 13, 2020<\/a><\/p><\/blockquote>\n<blockquote class=\"twitter-tweet\" readability=\"9.1370967741935\">\n<p lang=\"en\" dir=\"ltr\">an absolute sweetheart <br \/>a consummate pro<br \/>a genuine friend <br \/>a shocking and painful loss.<\/p>\n<p>Berta,<br \/>your housekeeping<br \/>was a tad suspect,<br \/>your \u00abpeople\u00bbkeeping was perfect.<\/p>\n<p>\ud83d\udc95\u00a9\ufe0f\ud83d\udc95 <a href=\"https:\/\/t.co\/cJMK8APgQV\">pic.twitter.com\/cJMK8APgQV<\/a><\/p>\n<p>\u2014 Charlie Sheen (@charliesheen) <a href=\"https:\/\/twitter.com\/charliesheen\/status\/1316117418876579841?ref_src=twsrc%5Etfw\">October 13, 2020<\/a><\/p><\/blockquote>\n<p>Un estupendo papel de r\u00e9plica de estos dos ga\u00f1anes <strong>por el que obtuvo dos nominaciones al Emmy<\/strong>. Nominaciones que se suman a la que tuvo por su papel de Susan Bloom en &#8216;La ley de Los Angeles&#8217; (&#8216;L.A. Law&#8217;).<\/p>\n<p><!-- BREAK 3 --><\/p>\n<p>Tras debutar en Off Broadway, su primer gran papel le vino en &#8216;Heartland&#8217;. Para el cine <strong>tambi\u00e9n particip\u00f3 en pel\u00edculas como &#8216;Network, un mundo implacable&#8217;<\/strong>. Su carrera televisiva ha estado plagada de papeles epis\u00f3dicos durante cuatro d\u00e9cadas.&nbsp;<\/p>\n<p><!-- BREAK 4 --><\/p>\n<p>Su primer gran trabajo como regular fue <strong>como la enfermera Joan Thor en la sitcom de \u00fanica temporada &#8216;E\/R&#8217;<\/strong>. Durante finales de los 80 y principios de los 90 aparecer\u00eda tambi\u00e9n en &#8216;A Peaceable Kingdom&#8217; y &#8216;Al senador, ni caso&#8217; (&#8216;Hearts afire&#8217;), entre muchos otros papeles.<\/p>\n<p><!-- BREAK 5 --><\/p>\n<p>Descanse en paz.<\/p>\n<\/p><\/div>\n<div readability=\"17.12\">\n<div class=\"article-social-share js-article-social-share m-in-links\" readability=\"25.968503937008\">\n<p> Compartir <q class=\"article-social-share-meta\"> Muere Conchata Ferrell, la gran secundaria de &#8216;Dos hombres y medio&#8217;, a los 77 a\u00f1os <\/q> <\/p>\n<\/p><\/div>\n<div class=\"article-topics-list\"> <span class=\"article-topic-desc\">Temas<\/span> <\/p>\n<ul class=\"article-topics-categories\">\n<li><a class=\"article-topic-link\" href=\"https:\/\/www.espinof.com\/categoria\/actores-y-actrices\">Actores y actrices<\/a><\/li>\n<\/ul><\/div><\/div>\n","protected":false},"excerpt":{"rendered":"<p>Una vez m\u00e1s la televisi\u00f3n est\u00e1 de luto. Nos hemos enterado del fallecimiento de Conchata Ferrell por complicaciones de un ataque cardiaco. La actriz ten\u00eda 77 a\u00f1os y muri\u00f3 pac\u00edficamente rodeada de su familia este pasado lunes en el Sherman Oaks Hospital. Con una carrera a sus espaldas de m\u00e1s de cuarenta a\u00f1os, Ferrell es [&hellip;]<\/p>\n","protected":false},"author":1,"featured_media":3327,"comment_status":"open","ping_status":"closed","sticky":false,"template":"","format":"standard","meta":[],"categories":[1],"tags":[],"_links":{"self":[{"href":"http:\/\/hoycordobaweb.com\/index.php\/wp-json\/wp\/v2\/posts\/3326"}],"collection":[{"href":"http:\/\/hoycordobaweb.com\/index.php\/wp-json\/wp\/v2\/posts"}],"about":[{"href":"http:\/\/hoycordobaweb.com\/index.php\/wp-json\/wp\/v2\/types\/post"}],"author":[{"embeddable":true,"href":"http:\/\/hoycordobaweb.com\/index.php\/wp-json\/wp\/v2\/users\/1"}],"replies":[{"embeddable":true,"href":"http:\/\/hoycordobaweb.com\/index.php\/wp-json\/wp\/v2\/comments?post=3326"}],"version-history":[{"count":0,"href":"http:\/\/hoycordobaweb.com\/index.php\/wp-json\/wp\/v2\/posts\/3326\/revisions"}],"wp:featuredmedia":[{"embeddable":true,"href":"http:\/\/hoycordobaweb.com\/index.php\/wp-json\/wp\/v2\/media\/3327"}],"wp:attachment":[{"href":"http:\/\/hoycordobaweb.com\/index.php\/wp-json\/wp\/v2\/media?parent=3326"}],"wp:term":[{"taxonomy":"category","embeddable":true,"href":"http:\/\/hoycordobaweb.com\/index.php\/wp-json\/wp\/v2\/categories?post=3326"},{"taxonomy":"post_tag","embeddable":true,"href":"http:\/\/hoycordobaweb.com\/index.php\/wp-json\/wp\/v2\/tags?post=3326"}],"curies":[{"name":"wp","href":"https:\/\/api.w.org\/{rel}","templated":true}]}}