{"id":33233,"date":"2021-11-25T12:20:19","date_gmt":"2021-11-25T12:20:19","guid":{"rendered":"https:\/\/www.espinof.com\/trailers\/primer-avance-sentimos-molestias-movistar-desvela-fecha-estreno-nueva-comedia-creadores-verguenza"},"modified":"2021-11-25T12:20:19","modified_gmt":"2021-11-25T12:20:19","slug":"primer-avance-de-sentimos-las-molestias-movistar-desvela-la-fecha-de-estreno-de-la-nueva-comedia-de-los-creadores-de-verguenza","status":"publish","type":"post","link":"http:\/\/hoycordobaweb.com\/index.php\/2021\/11\/25\/primer-avance-de-sentimos-las-molestias-movistar-desvela-la-fecha-de-estreno-de-la-nueva-comedia-de-los-creadores-de-verguenza\/","title":{"rendered":"Primer avance de &#8216;Sentimos las molestias&#8217;: Movistar+ desvela la fecha de estreno de la nueva comedia de los creadores de &#8216;Verg\u00fcenza&#8217;"},"content":{"rendered":"<p>Casi dos a\u00f1os despu\u00e9s de que <a href=\"https:\/\/www.espinof.com\/criticas\/verguenza-temporada-3-comedia-movistar-transforma-ridiculo-thriller-hilarante\">nos despidi\u00e9semos de la &#8216;Verg\u00fcenza&#8217;<\/a> de Jes\u00fas Guti\u00e9rrez y compa\u00f1\u00eda, los creadores de la comedia tienen nueva serie en Movistar+: se llama &#8216;<a href=\"https:\/\/www.espinof.com\/en-rodaje\/movistar-anuncia-sentimos-molestias-antonio-resines-miguel-rellan-protagonizan-nueva-serie-creadores-verguenza\">Sentimos las molestias<\/a>&#8216; y llegar\u00e1 a la plataforma el pr\u00f3ximo <strong>febrero de 2022 y ya podemos ver un primer adelanto<\/strong>.<\/p>\n<p><!-- BREAK 1 --><\/p>\n<p>Protagonizada por <strong>Miguel Rell\u00e1n y Antonio Resines,<\/strong> la comedia de seis episodios seguir\u00e1 a dos se\u00f1ores que han vivido tiempos mejores (uno como director de orquesta musical y el otro como rockero) que se ven ante el dilema de \u00abretirarse o reinventarse\u00bb ante la llegada de nuevas generaciones que les est\u00e1n echando a un lado del camino del \u00e9xito.<\/p>\n<p><!-- BREAK 2 --> <\/p>\n<div class=\"article-asset article-asset-normal article-asset-center\">\n<div class=\"desvio-container\">\n<div class=\"desvio\">\n<div class=\"desvio-figure js-desvio-figure\"> <a href=\"https:\/\/www.espinof.com\/listas\/mejores-series-espanolas-que-puedes-ver-netflix-hbo-amazon-movistar-otros-servicios-vod\"> <img alt=\"Las 34 mejores series espa\u00f1olas que puedes ver en Netflix, HBO, Amazon, Movistar+ y otras plataformas de VOD\" src=\"http:\/\/hoycordobaweb.com\/wp-content\/uploads\/2021\/11\/primer-avance-de-sentimos-las-molestias-movistar-desvela-la-fecha-de-estreno-de-la-nueva-comedia-de-los-creadores-de-verguenza.jpg\"> <\/a> <\/div><\/div><\/div>\n<\/div>\n<p>En este primer teaser, o adelanto, si nos ponemos algo estrictos, nos encontramos con una escena en la que M\u00fcller (Resines) luchando por comprender el mundo de los emojis de Whatsapp a la hora de ligar.<\/p>\n<p><!-- BREAK 3 --><\/p>\n<p>Junto a Resines y Rell\u00e1n, el reparto principal est\u00e1 formado por <strong>Fiorella Faltoyano,<\/strong> como Gloria, la mujer de M\u00fcller; <strong>Melina Matthews,<\/strong> como Victoria, una virtuosa del violonchelo de la orquesta de M\u00fcller, y <strong>Mar\u00eda Casal,<\/strong> como Elena, la abogada que gestiona el desahucio del edificio en el que vive el rockero<strong>.<\/strong><\/p>\n<p><!-- BREAK 4 --><\/p>\n<p>Juan Cavestany y \u00c1lvaro Fern\u00e1ndez-Armero son los creadores de la ficci\u00f3n que, en sus palabras:<\/p>\n<blockquote><p>\u00abTrata sobre m\u00fasica, la edad, las relaciones sentimentales, la enfermedad, y la amistad. Pretendemos hacer comedia con estos elementos y a la vez poner una mirada rigurosa sobre nuestros personajes en un contexto actual realista\u00bb<\/p><\/blockquote>\n","protected":false},"excerpt":{"rendered":"<p>Casi dos a\u00f1os despu\u00e9s de que nos despidi\u00e9semos de la &#8216;Verg\u00fcenza&#8217; de Jes\u00fas Guti\u00e9rrez y compa\u00f1\u00eda, los creadores de la comedia tienen nueva serie en Movistar+: se llama &#8216;Sentimos las molestias&#8216; y llegar\u00e1 a la plataforma el pr\u00f3ximo febrero de 2022 y ya podemos ver un primer adelanto. Protagonizada por Miguel Rell\u00e1n y Antonio Resines, [&hellip;]<\/p>\n","protected":false},"author":1,"featured_media":33234,"comment_status":"open","ping_status":"closed","sticky":false,"template":"","format":"standard","meta":[],"categories":[1],"tags":[],"_links":{"self":[{"href":"http:\/\/hoycordobaweb.com\/index.php\/wp-json\/wp\/v2\/posts\/33233"}],"collection":[{"href":"http:\/\/hoycordobaweb.com\/index.php\/wp-json\/wp\/v2\/posts"}],"about":[{"href":"http:\/\/hoycordobaweb.com\/index.php\/wp-json\/wp\/v2\/types\/post"}],"author":[{"embeddable":true,"href":"http:\/\/hoycordobaweb.com\/index.php\/wp-json\/wp\/v2\/users\/1"}],"replies":[{"embeddable":true,"href":"http:\/\/hoycordobaweb.com\/index.php\/wp-json\/wp\/v2\/comments?post=33233"}],"version-history":[{"count":0,"href":"http:\/\/hoycordobaweb.com\/index.php\/wp-json\/wp\/v2\/posts\/33233\/revisions"}],"wp:featuredmedia":[{"embeddable":true,"href":"http:\/\/hoycordobaweb.com\/index.php\/wp-json\/wp\/v2\/media\/33234"}],"wp:attachment":[{"href":"http:\/\/hoycordobaweb.com\/index.php\/wp-json\/wp\/v2\/media?parent=33233"}],"wp:term":[{"taxonomy":"category","embeddable":true,"href":"http:\/\/hoycordobaweb.com\/index.php\/wp-json\/wp\/v2\/categories?post=33233"},{"taxonomy":"post_tag","embeddable":true,"href":"http:\/\/hoycordobaweb.com\/index.php\/wp-json\/wp\/v2\/tags?post=33233"}],"curies":[{"name":"wp","href":"https:\/\/api.w.org\/{rel}","templated":true}]}}