{"id":33124,"date":"2021-11-23T13:01:15","date_gmt":"2021-11-23T13:01:15","guid":{"rendered":"https:\/\/www.espinof.com\/trailers\/trailer-ray-donovan-the-movie-anticipa-final-definitivo-serie-showtime-protagonizada-liev-schreider"},"modified":"2021-11-23T13:01:15","modified_gmt":"2021-11-23T13:01:15","slug":"el-trailer-de-ray-donovan-the-movie-anticipa-el-final-definitivo-de-la-serie-de-showtime-protagonizada-por-liev-schreider","status":"publish","type":"post","link":"http:\/\/hoycordobaweb.com\/index.php\/2021\/11\/23\/el-trailer-de-ray-donovan-the-movie-anticipa-el-final-definitivo-de-la-serie-de-showtime-protagonizada-por-liev-schreider\/","title":{"rendered":"El tr\u00e1iler de &#8216;Ray Donovan: The Movie&#8217; anticipa el final definitivo de la serie de Showtime protagonizada por Liev Schreider"},"content":{"rendered":"<p>A comienzos del pasado 2020, los fans de <a href=\"https:\/\/www.espinof.com\/tag\/ray-donovan\">&#8216;Ray Donovan&#8217;<\/a> recibieron un gran jarro de agua fr\u00eda cuando Showtime decidi\u00f3 <a href=\"https:\/\/www.espinof.com\/series-de-ficcion\/ray-donovan-cancelada-serie-se-queda-final-no-tendra-temporada-8\">cancelar<\/a> la serie protagonizada por Liev Schreiber despu\u00e9s de siete temporadas, dej\u00e1ndola sin final y <strong>sin la aparente posibilidad de una renovaci\u00f3n in extremis<\/strong> que diese a la producci\u00f3n un final a su prol\u00edfica andadura televisiva. <!--more--><\/p>\n<h2>A falta de octava temporada, buena es una pel\u00edcula<\/h2>\n<p>Un a\u00f1o despu\u00e9s, se obr\u00f3 el milagro, y la cadena de ViacomCBS decidi\u00f3 dar un cierre definitivo al feudo entre Ray y Mickey en <a href=\"https:\/\/www.espinof.com\/series-de-ficcion\/ray-donovan-resucita-pelicula-que-dara-final-a-serie-protagonizada-liev-schreiber\">un largometraje<\/a> que volver\u00e1 a reunir a Schreiber con Jon Voight, Eddie Marsan, Dash Mihok o Kerris Dorsey \u2014entre otros\u2014 bajo el t\u00edtulo de <strong>&#8216;Ray Donovan: The Movie&#8217;<\/strong>, y cuyo tr\u00e1iler pod\u00e9is ver obre estas l\u00edneas. Ojo, porque promete un fin de fiesta de lo m\u00e1s intenso.<\/p>\n<div class=\"article-asset article-asset-normal article-asset-center\">\n<div class=\"desvio-container\">\n<div class=\"desvio\">\n<div class=\"desvio-figure js-desvio-figure\"> <a href=\"https:\/\/www.espinof.com\/listas\/29-mejores-series-intriga-suspense-netflix-hbo-amazon-movistar\"> <img alt=\"Las 29 mejores series de intriga y suspense en Netflix, HBO, Amazon y Movistar\" src=\"http:\/\/hoycordobaweb.com\/wp-content\/uploads\/2021\/11\/el-trailer-de-ray-donovan-the-movie-anticipa-el-final-definitivo-de-la-serie-de-showtime-protagonizada-por-liev-schreider.jpg\"> <\/a> <\/div><\/div><\/div>\n<\/div>\n<p>La pel\u00edcula <strong>arrancar\u00e1 justo donde lo dej\u00f3 la s\u00e9ptima temporada<\/strong>, con Ray intentando dar con el paradero de Mickey para detenerle antes de que lleve a\u00fan m\u00e1s lejos las cosas, e <strong>intercalar\u00e1 presente y pasado<\/strong>, retrocediendo 30 a\u00f1os para explorar las historias de origen de ambos personajes.<\/p>\n<p><!-- BREAK 1 --><\/p>\n<p>&#8216;Ray Donovan: The Movie&#8217; est\u00e1 co-escrita a cuatro manos por el propio <strong>Liev Schreiber y David Hollander<\/strong>, showrunner de la serie, que tambi\u00e9n ha hecho las veces de director del filme. Su fecha de estreno est\u00e1 fijada en el pr\u00f3ximo <strong>viernes 14 de febrero de 2022<\/strong>.<\/p>\n<p><!-- BREAK 2 --> <\/p>\n","protected":false},"excerpt":{"rendered":"<p>A comienzos del pasado 2020, los fans de &#8216;Ray Donovan&#8217; recibieron un gran jarro de agua fr\u00eda cuando Showtime decidi\u00f3 cancelar la serie protagonizada por Liev Schreiber despu\u00e9s de siete temporadas, dej\u00e1ndola sin final y sin la aparente posibilidad de una renovaci\u00f3n in extremis que diese a la producci\u00f3n un final a su prol\u00edfica andadura [&hellip;]<\/p>\n","protected":false},"author":1,"featured_media":33125,"comment_status":"open","ping_status":"closed","sticky":false,"template":"","format":"standard","meta":[],"categories":[1],"tags":[],"_links":{"self":[{"href":"http:\/\/hoycordobaweb.com\/index.php\/wp-json\/wp\/v2\/posts\/33124"}],"collection":[{"href":"http:\/\/hoycordobaweb.com\/index.php\/wp-json\/wp\/v2\/posts"}],"about":[{"href":"http:\/\/hoycordobaweb.com\/index.php\/wp-json\/wp\/v2\/types\/post"}],"author":[{"embeddable":true,"href":"http:\/\/hoycordobaweb.com\/index.php\/wp-json\/wp\/v2\/users\/1"}],"replies":[{"embeddable":true,"href":"http:\/\/hoycordobaweb.com\/index.php\/wp-json\/wp\/v2\/comments?post=33124"}],"version-history":[{"count":0,"href":"http:\/\/hoycordobaweb.com\/index.php\/wp-json\/wp\/v2\/posts\/33124\/revisions"}],"wp:featuredmedia":[{"embeddable":true,"href":"http:\/\/hoycordobaweb.com\/index.php\/wp-json\/wp\/v2\/media\/33125"}],"wp:attachment":[{"href":"http:\/\/hoycordobaweb.com\/index.php\/wp-json\/wp\/v2\/media?parent=33124"}],"wp:term":[{"taxonomy":"category","embeddable":true,"href":"http:\/\/hoycordobaweb.com\/index.php\/wp-json\/wp\/v2\/categories?post=33124"},{"taxonomy":"post_tag","embeddable":true,"href":"http:\/\/hoycordobaweb.com\/index.php\/wp-json\/wp\/v2\/tags?post=33124"}],"curies":[{"name":"wp","href":"https:\/\/api.w.org\/{rel}","templated":true}]}}