{"id":33108,"date":"2021-11-22T13:31:27","date_gmt":"2021-11-22T13:31:27","guid":{"rendered":"https:\/\/www.mujerhoy.com\/moda\/tendencias\/jerseis-rayas-zara-originales-baratos-looks-otono-20211122142929-nt.html"},"modified":"2021-11-22T13:31:27","modified_gmt":"2021-11-22T13:31:27","slug":"los-jerseis-de-rayas-mas-originales-y-baratos-estan-en-zara-y-te-van-a-solucionar-tus-looks-de-otono","status":"publish","type":"post","link":"http:\/\/hoycordobaweb.com\/index.php\/2021\/11\/22\/los-jerseis-de-rayas-mas-originales-y-baratos-estan-en-zara-y-te-van-a-solucionar-tus-looks-de-otono\/","title":{"rendered":"Los jers\u00e9is de rayas m\u00e1s originales y baratos est\u00e1n en Zara y te van a solucionar tus looks de oto\u00f1o"},"content":{"rendered":"<p><!-- AUTHOR --><!-- COMPONENTS --><\/p>\n<p class=\"voc-paragraph\">Hemos encontrado en <a data-voc-vtm-id=\"in-text-traffic\" href=\"https:\/\/www.mujerhoy.com\/moda\/no-te-pierdas\/lourdes-montes-vestido-zara-negro-terciopelo-fiesta-navidad-barato-agotado-lista-espera-20211119123356-nt.html\">Zara<\/a> los <a data-voc-vtm-id=\"in-text-traffic\" href=\"https:\/\/www.mujerhoy.com\/moda\/no-te-pierdas\/jersey-punto-punos-efecto-pelo-barato-bonito-zara-20211118141440-nt.html\">jers\u00e9is<\/a> m\u00e1s <a data-voc-vtm-id=\"in-text-traffic\" href=\"https:\/\/www.mujerhoy.com\/moda\/no-te-pierdas\/zapatos-tacon-zara-bonitos-originales-baratos-copia-lujo-arrasan-influencers-tendencia-20211118113314-nt.html\">originales<\/a> de la temporada. Todos ellos son de punto y tienen un dise\u00f1o de rayas de varios colores. Adem\u00e1s, cuestan menos de 30 \u20ac, por lo que est\u00e1n al alcance de todos los bolsillos.\n<\/p>\n<p class=\"voc-paragraph\">Solo tienes que combinarlos <strong>con tus pantalones vaqueros favoritos<\/strong> y unas deportivas blancas. El resultado ser\u00e1 el look perfecto para las \u00faltimas semanas del oto\u00f1o y las primeras del invierno.\n<\/p>\n<div class=\"voc-detail__cmp\">\n<div class=\"voc-article-container\">\n<article class=\"voc-article voc-article--cmp-photo-text\" readability=\"26\">\n<div class=\"voc-img-container\" readability=\"7\"><picture>\n<div class=\"voc-horizontal voc-img-icon-link\"><img class=\"lazy\" loading=\"lazy\" data-original=\"\/\/static.mujerhoy.com\/www\/multimedia\/202111\/19\/media\/cortadas\/jersey-rayas-flecos-kATB--624x624@MujerHoy.jpg\" alt=\"El modelo con flecos est\u00e1 casi agotado\"><\/div>\n<\/picture>\n<p class=\"figure-caption \"> El modelo con flecos est\u00e1 casi agotado \/ <span class=\"voc-photo-author\"> Zara <\/span><\/p>\n<\/div>\n<\/article>\n<\/div>\n<\/div>\n<p class=\"voc-paragraph\">Empezamos con un modelo de <strong>tonos marrones<\/strong>, corte cropped, cuello redondo y manga larga. Tanto el bajo como las mangas tienen un acabado de flecos. El \u00fanico inconveniente es que<br \/>\n<strong> se agota mientras lees <\/strong>y ya no hay ninguna talla (S, M o L) disponible en la p\u00e1gina web de la marca. Cuesta 25,95 \u20ac.\n<\/p>\n<div class=\"voc-detail__cmp\">\n<div class=\"voc-article-container\">\n<article class=\"voc-article voc-article--cmp-photo-text\" readability=\"26\">\n<div class=\"voc-img-container\" readability=\"7\"><picture>\n<div class=\"voc-horizontal voc-img-icon-link\"><img class=\"lazy\" loading=\"lazy\" data-original=\"\/\/static2.mujerhoy.com\/www\/multimedia\/202111\/19\/media\/cortadas\/jersey-rayas-ochos-kATB--624x624@MujerHoy.jpg\" alt=\"El jersey con un dise\u00f1o de ochos tiene el cuello bobo\"><\/div>\n<\/picture>\n<p class=\"figure-caption \"> El jersey con un dise\u00f1o de ochos tiene el cuello bobo \/ <span class=\"voc-photo-author\"> Zara <\/span><\/p>\n<\/div>\n<\/article>\n<\/div>\n<\/div>\n<p class=\"voc-paragraph\">Otra buena opci\u00f3n es un jersey con un dise\u00f1o de ochos. La manga es larga y acabada en pu\u00f1o. Tiene el cuello bobo y un cierre frontal de botones. Ha sido fabricado con <strong>un material ligeramente el\u00e1stico<\/strong> que combina los colores rosa y verde. Est\u00e1 disponible en varias tallas (S, M y L) y su precio es de 29,95 \u20ac.\n<\/p>\n<div class=\"voc-detail__cmp\">\n<div class=\"voc-article-container\">\n<article class=\"voc-article voc-article--cmp-photo-text\" readability=\"26\">\n<div class=\"voc-img-container\" readability=\"7\"><picture>\n<div class=\"voc-horizontal voc-img-icon-link\"><img class=\"lazy\" loading=\"lazy\" data-original=\"\/\/static1.mujerhoy.com\/www\/multimedia\/202111\/19\/media\/cortadas\/jersey-rayas-multicolor-kATB--624x624@MujerHoy.jpg\" alt=\"Nuestro favorito es un modelo multicolor\"><\/div>\n<\/picture>\n<p class=\"figure-caption \"> Nuestro favorito es un modelo multicolor \/ <span class=\"voc-photo-author\"> Zara <\/span><\/p>\n<\/div>\n<\/article>\n<\/div>\n<\/div>\n<p class=\"voc-paragraph\">Nuestro favorito es un modelo con <strong>rayas de m\u00faltiples colores<\/strong> que tiene un dise\u00f1o de hombros ca\u00eddos. El cuello es redondo y la manga, larga. Est\u00e1 elaborado con un hilo 100% de algod\u00f3n que lo hace muy agradable al tacto. Puedes encontrarlo en las tallas S, M y L. En cuanto a su precio, es de 25,95 \u20ac.\n<\/p>\n<div class=\"voc-detail__cmp\">\n<div class=\"voc-article-container\">\n<article class=\"voc-article voc-article--cmp-photo-text\" readability=\"26\">\n<div class=\"voc-img-container\" readability=\"7\"><picture>\n<div class=\"voc-horizontal voc-img-icon-link\"><img class=\"lazy\" loading=\"lazy\" data-original=\"\/\/static2.mujerhoy.com\/www\/multimedia\/202111\/19\/media\/cortadas\/jersey-rayas-capucha-kATB--624x624@MujerHoy.jpg\" alt=\"El jersey de manga corta tiene capucha\"><\/div>\n<\/picture>\n<p class=\"figure-caption \"> El jersey de manga corta tiene capucha \/ <span class=\"voc-photo-author\"> Zara <\/span><\/p>\n<\/div>\n<\/article>\n<\/div>\n<\/div>\n<p class=\"voc-paragraph\">Terminamos con el \u00fanico de la selecci\u00f3n que es de manga corta. Tiene el escote en forma de pico, detalles con acabado de crochet y una capucha. Ha sido confeccionado con un tejido que contiene algod\u00f3n, por lo que resulta muy c\u00f3modo. Est\u00e1 disponible<br \/>\n<strong> en tres tallas<\/strong> (S, M y L) y tiene un precio de 29,95 \u20ac.\n<\/p>\n<div class=\"voc-detail__cmp voc-detail__cmp--pad-lr voc-detail__cmp--pad-lr--bdr\">\n<div class=\"voc-ficha-detail__wrapper\">\n<section class=\"voc-ficha-detail\">\n<h4 class=\"voc-ficha-detail-title voc-title-section\">Te recomendamos<\/h4>\n<\/section>\n<\/div>\n<\/div>\n<p><!-- TOPICS --><\/p>\n","protected":false},"excerpt":{"rendered":"<p>Hemos encontrado en Zara los jers\u00e9is m\u00e1s originales de la temporada. Todos ellos son de punto y tienen un dise\u00f1o de rayas de varios colores. Adem\u00e1s, cuestan menos de 30 \u20ac, por lo que est\u00e1n al alcance de todos los bolsillos. Solo tienes que combinarlos con tus pantalones vaqueros favoritos y unas deportivas blancas. El [&hellip;]<\/p>\n","protected":false},"author":1,"featured_media":33109,"comment_status":"closed","ping_status":"closed","sticky":false,"template":"","format":"standard","meta":[],"categories":[1],"tags":[],"_links":{"self":[{"href":"http:\/\/hoycordobaweb.com\/index.php\/wp-json\/wp\/v2\/posts\/33108"}],"collection":[{"href":"http:\/\/hoycordobaweb.com\/index.php\/wp-json\/wp\/v2\/posts"}],"about":[{"href":"http:\/\/hoycordobaweb.com\/index.php\/wp-json\/wp\/v2\/types\/post"}],"author":[{"embeddable":true,"href":"http:\/\/hoycordobaweb.com\/index.php\/wp-json\/wp\/v2\/users\/1"}],"replies":[{"embeddable":true,"href":"http:\/\/hoycordobaweb.com\/index.php\/wp-json\/wp\/v2\/comments?post=33108"}],"version-history":[{"count":0,"href":"http:\/\/hoycordobaweb.com\/index.php\/wp-json\/wp\/v2\/posts\/33108\/revisions"}],"wp:featuredmedia":[{"embeddable":true,"href":"http:\/\/hoycordobaweb.com\/index.php\/wp-json\/wp\/v2\/media\/33109"}],"wp:attachment":[{"href":"http:\/\/hoycordobaweb.com\/index.php\/wp-json\/wp\/v2\/media?parent=33108"}],"wp:term":[{"taxonomy":"category","embeddable":true,"href":"http:\/\/hoycordobaweb.com\/index.php\/wp-json\/wp\/v2\/categories?post=33108"},{"taxonomy":"post_tag","embeddable":true,"href":"http:\/\/hoycordobaweb.com\/index.php\/wp-json\/wp\/v2\/tags?post=33108"}],"curies":[{"name":"wp","href":"https:\/\/api.w.org\/{rel}","templated":true}]}}