{"id":3309,"date":"2020-10-13T18:43:00","date_gmt":"2020-10-13T18:43:00","guid":{"rendered":"http:\/\/hoycordobaweb.com\/index.php\/2020\/10\/13\/un-afinado-brasil-se-prueba-ante-peru-en-lima\/"},"modified":"2020-10-13T18:43:00","modified_gmt":"2020-10-13T18:43:00","slug":"un-afinado-brasil-se-prueba-ante-peru-en-lima","status":"publish","type":"post","link":"http:\/\/hoycordobaweb.com\/index.php\/2020\/10\/13\/un-afinado-brasil-se-prueba-ante-peru-en-lima\/","title":{"rendered":"Un afinado Brasil se prueba ante Per\u00fa en Lima"},"content":{"rendered":"<p><img src=\"http:\/\/hoycordobaweb.com\/wp-content\/uploads\/2020\/10\/un-afinado-brasil-se-prueba-ante-peru-en-lima.jpg\"><\/p>\n<div><img src=\"http:\/\/hoycordobaweb.com\/wp-content\/uploads\/2020\/10\/un-afinado-brasil-se-prueba-ante-peru-en-lima-2.jpg\" class=\"ff-og-image-inserted\"><\/div>\n<p><strong>Brasil tendr\u00e1 este martes un duro examen cuando visite al seleccionado de Per\u00fa, dirigido por el argentino Ricardo Gareca, despu\u00e9s de la soberbia goleada que le aplic\u00f3 a Bolivia (5-0)<\/strong> de local en el inicio de las Eliminatorias Sudamericanas rumbo al Mundial Qatar 2022.<\/p>\n<p>El partido, correspondiente a la segunda fecha, se jugar\u00e1 desde las 21 en Lima con arbitraje del chileno Julio Bascu\u00f1\u00e1n, que tendr\u00e1 de asistentes a sus compatriotas Jos\u00e9 Retamal y Ra\u00fal Orellana. El canal TyC Sports transmitir\u00e1 en directo.<\/p>\n<p>Por disposici\u00f3n del Gobierno peruano, el juego no tendr\u00e1 p\u00fablico en el Estadio Nacional tras rechazarse la propuesta del del Instituto Peruano del Deporte (IPD) y Federaci\u00f3n Peruana de F\u00fatbol (FPF) para que se jugara con aforo limitado.<\/p>\n<p>Los \u00faltimos campeones de Am\u00e9rica comenzaron la competencia haciendo gala de su poder\u00edo ofensivo ante uno de los rivales m\u00e1s d\u00e9biles del continente y pero este martes tendr\u00e1n enfrente a un rival que, a priori, supone una dificultad mayor.<\/p>\n<p>Per\u00fa fue finalista del torneo continental que los brasile\u00f1os ganaron el a\u00f1o pasado en condici\u00f3n de local y adem\u00e1s es serio aspirante a ocupar uno de los 4,5 lugares reservados para Qatar 2022, despu\u00e9s de su hist\u00f3rica clasificaci\u00f3n mundialista en Rusia 2018 tras 36 a\u00f1os de ausencia en Copas del Mundo.<\/p>\n<p>Desde la asunci\u00f3n del \u00abTigre\u00bb Gareca en marzo de 2015, Per\u00fa se convirti\u00f3 en uno de los equipos m\u00e1s regulares del f\u00fatbol sudamericano, capaz de poner en apuro a los grandes.<\/p>\n<p>Con esa misi\u00f3n, el t\u00e9cnico argentino trabaj\u00f3 despu\u00e9s del buen empate (2-2) que su equipo rescat\u00f3 ante Paraguay en Asunci\u00f3n en la primera fecha.<\/p>\n<p>\u00abEncierren a Neymar\u00bb, grafic\u00f3 el diario deportivo peruano L\u00edbero en relaci\u00f3n a la estrategia del conjunto \u00abincaico\u00bb para el juego de este martes. \u00abGareca alista un plan para anular a la estrella del PSG y frenar al poderoso Brasil\u00bb, asegura.<\/p>\n<p>La sociedad entre Neymar, Philippe Coutinho, Roberto Firmino y Everton representa una seria amenaza que el t\u00e9cnico argentino busca neutralizar sin renunciar a sus ambiciones.<\/p>\n<p>\u00abNosotros no presupuestamos perder con nadie. Creo en ganar. Es lo \u00fanico en que creo. Despu\u00e9s en un partido pueden pasar muchas cosas. Lo que no puede faltar es la entrega del equipo\u00bb, asumi\u00f3 Gareca en una conferencia de prensa que brind\u00f3 a 48 horas del partido.<\/p>\n<p>Per\u00fa comenz\u00f3 las Eliminatorias Sudamericanas con la baja de su m\u00e1ximo goleador hist\u00f3rico, Paolo Guerrero -rotura de ligamentos-, y este martes muy probablemente no pueda contar con el mediocampista ofensivo Christian Cuevas, que sufri\u00f3 molestias f\u00edsicas despu\u00e9s del partido con Paraguay.<\/p>\n<p>Aunque Gareca no lo descart\u00f3, es posible que en su lugar ingrese Christofer Gonzales, un volante de corte m\u00e1s batallador que ser\u00eda \u00fatil para la estrategia de bloquear el circuito ofensivo brasile\u00f1o.<\/p>\n<p>Tambi\u00e9n aguarda por una posibilidad en el equipo el experimentado delantero Jefferson Farf\u00e1n (35 a\u00f1os), que se ausent\u00f3 en el jueves pasado por una sobrecarga muscular.<\/p>\n<p>Las Eliminatorias Sudamericanas comenzaron el jueves pasado bajo el sistema de competencia todos contra todos, ida y vuelta, para definir las cuatro plazas directas a Qatar 2022 y una quinta para disputar un repechaje a definir.<\/p>\n<p>En noviembre pr\u00f3ximo (12 y 17) se jugar\u00e1n las \u00faltimas dos fechas del a\u00f1o, en las que Per\u00fa enfrentar\u00e1 a Chile (V) y Argentina <\/p>\n<div class=\"title-big clearfix\"><span>; y Brasil a Venezuela <\/span><\/div>\n<p> y Uruguay (V). <\/p>\n","protected":false},"excerpt":{"rendered":"<p>Brasil tendr\u00e1 este martes un duro examen cuando visite al seleccionado de Per\u00fa, dirigido por el argentino Ricardo Gareca, despu\u00e9s de la soberbia goleada que le aplic\u00f3 a Bolivia (5-0) de local en el inicio de las Eliminatorias Sudamericanas rumbo al Mundial Qatar 2022. El partido, correspondiente a la segunda fecha, se jugar\u00e1 desde las [&hellip;]<\/p>\n","protected":false},"author":1,"featured_media":3310,"comment_status":"open","ping_status":"closed","sticky":false,"template":"","format":"standard","meta":[],"categories":[19],"tags":[],"_links":{"self":[{"href":"http:\/\/hoycordobaweb.com\/index.php\/wp-json\/wp\/v2\/posts\/3309"}],"collection":[{"href":"http:\/\/hoycordobaweb.com\/index.php\/wp-json\/wp\/v2\/posts"}],"about":[{"href":"http:\/\/hoycordobaweb.com\/index.php\/wp-json\/wp\/v2\/types\/post"}],"author":[{"embeddable":true,"href":"http:\/\/hoycordobaweb.com\/index.php\/wp-json\/wp\/v2\/users\/1"}],"replies":[{"embeddable":true,"href":"http:\/\/hoycordobaweb.com\/index.php\/wp-json\/wp\/v2\/comments?post=3309"}],"version-history":[{"count":0,"href":"http:\/\/hoycordobaweb.com\/index.php\/wp-json\/wp\/v2\/posts\/3309\/revisions"}],"wp:featuredmedia":[{"embeddable":true,"href":"http:\/\/hoycordobaweb.com\/index.php\/wp-json\/wp\/v2\/media\/3310"}],"wp:attachment":[{"href":"http:\/\/hoycordobaweb.com\/index.php\/wp-json\/wp\/v2\/media?parent=3309"}],"wp:term":[{"taxonomy":"category","embeddable":true,"href":"http:\/\/hoycordobaweb.com\/index.php\/wp-json\/wp\/v2\/categories?post=3309"},{"taxonomy":"post_tag","embeddable":true,"href":"http:\/\/hoycordobaweb.com\/index.php\/wp-json\/wp\/v2\/tags?post=3309"}],"curies":[{"name":"wp","href":"https:\/\/api.w.org\/{rel}","templated":true}]}}