{"id":32981,"date":"2021-11-19T14:30:39","date_gmt":"2021-11-19T14:30:39","guid":{"rendered":"http:\/\/ladecimaweb.com\/?p=11995"},"modified":"2021-11-19T14:30:39","modified_gmt":"2021-11-19T14:30:39","slug":"recien-en-marzo-del-ano-proximo-se-elegirian-autoridades-vecinales-en-vel","status":"publish","type":"post","link":"http:\/\/hoycordobaweb.com\/index.php\/2021\/11\/19\/recien-en-marzo-del-ano-proximo-se-elegirian-autoridades-vecinales-en-vel\/","title":{"rendered":"Reci\u00e9n en marzo del a\u00f1o pr\u00f3ximo se elegir\u00edan autoridades vecinales en VEL"},"content":{"rendered":"<p><span style=\"vertical-align: inherit;\"><span style=\"vertical-align: inherit;\"><span style=\"vertical-align: inherit;\"><span style=\"vertical-align: inherit;\">Este mes de noviembre se venci\u00f3 el segundo mandato de la comisi\u00f3n vecinal de Villa El Libertador presidida por Aldo Ortega.<\/span><\/span><\/span><\/span><\/p>\n<p><span style=\"vertical-align: inherit;\"><span style=\"vertical-align: inherit;\"><span style=\"vertical-align: inherit;\"><span style=\"vertical-align: inherit;\">Ortega fue elegido por primera vez como titular del Centro Vecinal en el a\u00f1o 2017 y fue reelegido en el 2019. Seg\u00fan la ordenanza municipal, no se puede acceder a una segunda reelecci\u00f3n.<\/span><\/span><\/span><\/span><\/p>\n<p><span style=\"vertical-align: inherit;\"><span style=\"vertical-align: inherit;\"><span style=\"vertical-align: inherit;\"><span style=\"vertical-align: inherit;\">La D\u00e9cima consult\u00f3 a la Direcci\u00f3n de Centros Vecinales municipal cu\u00e1ndo se iniciar\u00eda el proceso electoral para el barrio y la respuesta fue que eso ocurrir\u00eda posiblemente en marzo del a\u00f1o pr\u00f3ximo. <\/span><\/span><\/span><\/span><\/p>\n<p><span style=\"vertical-align: inherit;\"><span style=\"vertical-align: inherit;\"><span style=\"vertical-align: inherit;\"><span style=\"vertical-align: inherit;\">Mientras tanto, las actuales autoridades seguir\u00e1n funcionando bajo el amparo legal de una pr\u00f3rroga otorgada por la Direcci\u00f3n. <\/span><span style=\"vertical-align: inherit;\">As\u00ed funciona en la actualidad con varios centros vecinales.\u00a0<\/span><\/span><\/span><\/span><\/p>\n<p><span style=\"vertical-align: inherit;\"><span style=\"vertical-align: inherit;\"><span style=\"vertical-align: inherit;\"><span style=\"vertical-align: inherit;\">&#8220;La pr\u00f3rroga cuya revisi\u00f3n es mensual ser\u00eda para sostener el status quo de que pueden seguir funcionando y gestionando&#8221;, dijo Adri\u00e1n Brito a La D\u00e9cima.<\/span><\/span><\/span><\/span><\/p>\n<p><span style=\"vertical-align: inherit;\"><span style=\"vertical-align: inherit;\"><span style=\"vertical-align: inherit;\"><span style=\"vertical-align: inherit;\">Brito explicado que &#8220;por resoluci\u00f3n nacional de la pandemia todos los mandatos referidos al llamado de elecciones o hacer las asambleas quedaron suspendidos. En este lapso de dos a\u00f1os no hubo elecciones en ning\u00fan lado, salvo la puesta en funciones de gestiones determinadas en el gobierno anterior &#8220;.<\/span><\/span><\/span><\/span><\/p>\n<p><span style=\"vertical-align: inherit;\"><span style=\"vertical-align: inherit;\"><span style=\"vertical-align: inherit;\"><span style=\"vertical-align: inherit;\">Pero levantado el decreto nacional, &#8220;estar\u00edamos presentando un cronograma electoral con una fecha generalizada para los 400 centros vecinales&#8221;. <\/span><\/span><\/span><span style=\"vertical-align: inherit;\"><span style=\"vertical-align: inherit;\"><span style=\"vertical-align: inherit;\">&#8220;O tambi\u00e9n podr\u00eda hacerse en tres tramos&#8221;, dijo sobre la organizaci\u00f3n del proceso electoral.<\/span><\/span><\/span><\/span><\/p>\n<p><span style=\"vertical-align: inherit;\"><span style=\"vertical-align: inherit;\"><span style=\"vertical-align: inherit;\"><span style=\"vertical-align: inherit;\">&#8220;Villa El Libertador va a entrar en el cronograma electoral pero va a tener dos meses de pr\u00f3rroga respetando el status quo para que no queden ac\u00e9falo&#8221;, afirm\u00f3 el funcionario llaryorista.<\/span><\/span><\/span><\/span><\/p>\n<p><span style=\"vertical-align: inherit;\"><span style=\"vertical-align: inherit;\"><span style=\"vertical-align: inherit;\"><span style=\"vertical-align: inherit;\">Por \u00faltimo, remarc\u00f3 la idea &#8220;de que el vecinalismo tenga un rol democr\u00e1tico sin bander\u00edas pol\u00edticas&#8221;.<\/span><\/span><\/span><\/span><\/p>\n<p><em><span style=\"vertical-align: inherit;\"><span style=\"vertical-align: inherit;\">Foto principal: Aldo Ortega votando en la \u00faltima elecci\u00f3n vecinal.\u00a0<\/span><\/span><\/em><\/p>\n<p>&nbsp;<\/p>\n<div class=\"ubm_banner\"><a href=\"https:\/\/youtu.be\/YAnjWjTh-xE\" target=\"_blank\" rel=\"dofollow noopener noreferrer\"><img src=\"http:\/\/hoycordobaweb.com\/wp-content\/uploads\/2021\/11\/recien-en-marzo-del-ano-proximo-se-elegirian-autoridades-vecinales-en-vel.gif\" alt=\"\"><\/a><\/div>\n<p>La entrada <a rel=\"nofollow\" href=\"https:\/\/ladecimaweb.com\/recien-en-marzo-del-ano-proximo-se-elegirian-autoridades-vecinales-en-vel\/\">Reci\u00e9n en marzo del a\u00f1o pr\u00f3ximo se elegir\u00edan autoridades vecinales en VEL<\/a> se public\u00f3 primero en <a rel=\"nofollow\" href=\"https:\/\/ladecimaweb.com\">LaDecima<\/a>.<\/p>\n","protected":false},"excerpt":{"rendered":"<p>Este mes de noviembre se venci\u00f3 el segundo mandato de la comisi\u00f3n vecinal de Villa El Libertador presidida por Aldo Ortega. Ortega fue elegido por primera vez como titular del Centro Vecinal en el a\u00f1o 2017 y fue reelegido en el 2019. Seg\u00fan la ordenanza municipal, no se puede acceder a una segunda reelecci\u00f3n. La [&hellip;]<\/p>\n","protected":false},"author":1,"featured_media":32982,"comment_status":"closed","ping_status":"closed","sticky":false,"template":"","format":"standard","meta":[],"categories":[19],"tags":[],"_links":{"self":[{"href":"http:\/\/hoycordobaweb.com\/index.php\/wp-json\/wp\/v2\/posts\/32981"}],"collection":[{"href":"http:\/\/hoycordobaweb.com\/index.php\/wp-json\/wp\/v2\/posts"}],"about":[{"href":"http:\/\/hoycordobaweb.com\/index.php\/wp-json\/wp\/v2\/types\/post"}],"author":[{"embeddable":true,"href":"http:\/\/hoycordobaweb.com\/index.php\/wp-json\/wp\/v2\/users\/1"}],"replies":[{"embeddable":true,"href":"http:\/\/hoycordobaweb.com\/index.php\/wp-json\/wp\/v2\/comments?post=32981"}],"version-history":[{"count":0,"href":"http:\/\/hoycordobaweb.com\/index.php\/wp-json\/wp\/v2\/posts\/32981\/revisions"}],"wp:featuredmedia":[{"embeddable":true,"href":"http:\/\/hoycordobaweb.com\/index.php\/wp-json\/wp\/v2\/media\/32982"}],"wp:attachment":[{"href":"http:\/\/hoycordobaweb.com\/index.php\/wp-json\/wp\/v2\/media?parent=32981"}],"wp:term":[{"taxonomy":"category","embeddable":true,"href":"http:\/\/hoycordobaweb.com\/index.php\/wp-json\/wp\/v2\/categories?post=32981"},{"taxonomy":"post_tag","embeddable":true,"href":"http:\/\/hoycordobaweb.com\/index.php\/wp-json\/wp\/v2\/tags?post=32981"}],"curies":[{"name":"wp","href":"https:\/\/api.w.org\/{rel}","templated":true}]}}