{"id":32965,"date":"2021-11-19T14:23:08","date_gmt":"2021-11-19T14:23:08","guid":{"rendered":"https:\/\/fono.fcm.unc.edu.ar\/?p=7845"},"modified":"2021-11-19T14:23:08","modified_gmt":"2021-11-19T14:23:08","slug":"comunicado","status":"publish","type":"post","link":"http:\/\/hoycordobaweb.com\/index.php\/2021\/11\/19\/comunicado\/","title":{"rendered":"Comunicado"},"content":{"rendered":"<h2 class=\"fusion-post-title\">Comunicado<\/h2>\n<div class=\"post-content\" readability=\"51\">\n<p><img loading=\"lazy\" class=\"alignright wp-image-7851 size-fusion-400\" src=\"https:\/\/fono.fcm.unc.edu.ar\/wp-content\/uploads\/sites\/14\/2021\/11\/WhatsApp-Image-2021-11-19-at-08.39.10-400x400.jpeg\" alt width=\"400\" height=\"400\" srcset=\"https:\/\/fono.fcm.unc.edu.ar\/wp-content\/uploads\/sites\/14\/2021\/11\/WhatsApp-Image-2021-11-19-at-08.39.10-66x66.jpeg 66w, https:\/\/fono.fcm.unc.edu.ar\/wp-content\/uploads\/sites\/14\/2021\/11\/WhatsApp-Image-2021-11-19-at-08.39.10-150x150.jpeg 150w, https:\/\/fono.fcm.unc.edu.ar\/wp-content\/uploads\/sites\/14\/2021\/11\/WhatsApp-Image-2021-11-19-at-08.39.10-200x200.jpeg 200w, https:\/\/fono.fcm.unc.edu.ar\/wp-content\/uploads\/sites\/14\/2021\/11\/WhatsApp-Image-2021-11-19-at-08.39.10-300x300.jpeg 300w, https:\/\/fono.fcm.unc.edu.ar\/wp-content\/uploads\/sites\/14\/2021\/11\/WhatsApp-Image-2021-11-19-at-08.39.10-400x400.jpeg 400w, https:\/\/fono.fcm.unc.edu.ar\/wp-content\/uploads\/sites\/14\/2021\/11\/WhatsApp-Image-2021-11-19-at-08.39.10-600x600.jpeg 600w, https:\/\/fono.fcm.unc.edu.ar\/wp-content\/uploads\/sites\/14\/2021\/11\/WhatsApp-Image-2021-11-19-at-08.39.10-768x768.jpeg 768w, https:\/\/fono.fcm.unc.edu.ar\/wp-content\/uploads\/sites\/14\/2021\/11\/WhatsApp-Image-2021-11-19-at-08.39.10-800x800.jpeg 800w, https:\/\/fono.fcm.unc.edu.ar\/wp-content\/uploads\/sites\/14\/2021\/11\/WhatsApp-Image-2021-11-19-at-08.39.10-1024x1024.jpeg 1024w, https:\/\/fono.fcm.unc.edu.ar\/wp-content\/uploads\/sites\/14\/2021\/11\/WhatsApp-Image-2021-11-19-at-08.39.10.jpeg 1080w\" sizes=\"(max-width: 400px) 100vw, 400px\">La fonoaudiolog\u00eda asume el servicio de la salud de las personas . Es una profesi\u00f3n que est\u00e1 respaldada por una formaci\u00f3n universitaria y una matriculaci\u00f3n para su ejercicio legal. Por tanto requiere de una formaci\u00f3n bajo est\u00e1ndares definidos ( cantidad de horas del plan de estudio, horas de formaci\u00f3n pr\u00e1ctica y contenidos m\u00ednimos exigibles) del art. 43 de la Ley de Educaci\u00f3n Superior. El t\u00edtulo habilitante y con el m\u00e1ximo de los alcances es el de Licenciada\/o en Fonoaudiolog\u00eda. El t\u00edtulo intermedio de Fonoaudi\u00f3logo es parte de la formaci\u00f3n del Plan no vigente pero activo RME N. 471\/2007 se ve superada por las nuevas exigencias de formaci\u00f3n y acreditaci\u00f3n en el \u00e1mbito universitario y en la salud.<\/p>\n<p>Cualquier formaci\u00f3n inferior a estos est\u00e1ndares y ajena a la universidad no garantiza que no ponga en riesgo la salud y que su pr\u00e1ctica sea profesional y legal.<\/p>\n<p>Este es un pronunciamiento de la Escuela de Fonoaudiolog\u00eda de la FCM de la Universidad Nacional de C\u00f3rdoba, acompa\u00f1ado por&nbsp; CIFUNyP ( Comisi\u00f3n Interuniversitaria de Fonoaudiolog\u00eda de Universidades Nacionales de Gesti\u00f3n P\u00fablica y Privada) de la que forma parte junto con: UNSL, UBA, UNR, USAL, ACONCAGUA, UFASTA, UCSE.<\/p>\n<\/p><\/div>\n","protected":false},"excerpt":{"rendered":"<p>Comunicado La fonoaudiolog\u00eda asume el servicio de la salud de las personas . Es una profesi\u00f3n que est\u00e1 respaldada por una formaci\u00f3n universitaria y una matriculaci\u00f3n para su ejercicio legal. Por tanto requiere de una formaci\u00f3n bajo est\u00e1ndares definidos ( cantidad de horas del plan de estudio, horas de formaci\u00f3n pr\u00e1ctica y contenidos m\u00ednimos exigibles) [&hellip;]<\/p>\n","protected":false},"author":1,"featured_media":0,"comment_status":"closed","ping_status":"closed","sticky":false,"template":"","format":"standard","meta":[],"categories":[1],"tags":[],"_links":{"self":[{"href":"http:\/\/hoycordobaweb.com\/index.php\/wp-json\/wp\/v2\/posts\/32965"}],"collection":[{"href":"http:\/\/hoycordobaweb.com\/index.php\/wp-json\/wp\/v2\/posts"}],"about":[{"href":"http:\/\/hoycordobaweb.com\/index.php\/wp-json\/wp\/v2\/types\/post"}],"author":[{"embeddable":true,"href":"http:\/\/hoycordobaweb.com\/index.php\/wp-json\/wp\/v2\/users\/1"}],"replies":[{"embeddable":true,"href":"http:\/\/hoycordobaweb.com\/index.php\/wp-json\/wp\/v2\/comments?post=32965"}],"version-history":[{"count":0,"href":"http:\/\/hoycordobaweb.com\/index.php\/wp-json\/wp\/v2\/posts\/32965\/revisions"}],"wp:attachment":[{"href":"http:\/\/hoycordobaweb.com\/index.php\/wp-json\/wp\/v2\/media?parent=32965"}],"wp:term":[{"taxonomy":"category","embeddable":true,"href":"http:\/\/hoycordobaweb.com\/index.php\/wp-json\/wp\/v2\/categories?post=32965"},{"taxonomy":"post_tag","embeddable":true,"href":"http:\/\/hoycordobaweb.com\/index.php\/wp-json\/wp\/v2\/tags?post=32965"}],"curies":[{"name":"wp","href":"https:\/\/api.w.org\/{rel}","templated":true}]}}