{"id":3289,"date":"2020-10-13T18:50:00","date_gmt":"2020-10-13T18:50:00","guid":{"rendered":"https:\/\/www.perfil.com\/noticias\/politica\/medio-cortocircuitos-alberto-fernandez-recibe-gobernador-mendoza-rodolfo-suarez-firmar-ayuda-3000-millones.phtml"},"modified":"2020-10-13T18:50:00","modified_gmt":"2020-10-13T18:50:00","slug":"alberto-fernandez-recibe-al-gobernador-suarez-que-se-resiste-a-poner-a-mendoza-en-fase-1","status":"publish","type":"post","link":"http:\/\/hoycordobaweb.com\/index.php\/2020\/10\/13\/alberto-fernandez-recibe-al-gobernador-suarez-que-se-resiste-a-poner-a-mendoza-en-fase-1\/","title":{"rendered":"Alberto Fern\u00e1ndez recibe al gobernador Su\u00e1rez, que se resiste a poner a Mendoza en fase 1"},"content":{"rendered":"<p><img src=\"http:\/\/hoycordobaweb.com\/wp-content\/uploads\/2020\/10\/alberto-fernandez-recibe-al-gobernador-suarez-que-se-resiste-a-poner-a-mendoza-en-fase-1.jpg\"><\/p>\n<div><img src=\"http:\/\/hoycordobaweb.com\/wp-content\/uploads\/2020\/10\/alberto-fernandez-recibe-al-gobernador-suarez-que-se-resiste-a-poner-a-mendoza-en-fase-1-2.jpg\" class=\"ff-og-image-inserted\"><\/div>\n<aside class=\"relatedPost\">\n<h3>Noticias Relacionadas<\/h3>\n<\/aside>\n<p>El presidente <strong>Alberto Fern\u00e1ndez<\/strong> recibir\u00e1 este martes en la Casa Rosada al gobernador de Mendoza, <a target=\"_blank\" href=\"https:\/\/www.perfil.com\/noticias\/politica\/rodolfo-suarez-se-niega-volver-fase-1-endurece-enfrentamiento-con-alberto-fernandez.phtml\" rel=\"noopener noreferrer\"><strong>Rodolfo Su\u00e1rez<\/strong><\/a>, quien suscribir\u00e1 un acuerdo con el Gobierno nacional en el marco del Fondo Fiduciario para el Desarrollo Provincial (FFDP), seg\u00fan informaron fuentes&nbsp;oficiales.<\/p>\n<p>La reuni\u00f3n est\u00e1 prevista para las 17 horas&nbsp;y participar\u00e1n el jefe de Gabinete,<strong> <\/strong><strong>Santiago Cafiero<\/strong>; y los ministros de Econom\u00eda, <strong>Mart\u00edn Guzm\u00e1n<\/strong>, y de Interior, <strong>Eduardo \u00abWado\u00bb de Pedro<\/strong>.<\/p>\n<p>El encuentro entre el jefe de Estado y el gobernador radical se dar\u00e1 luego de que este \u00faltimo se diferenciara del \u00faltimo mensaje del Gobierno, en el que se llam\u00f3 a volver a una cuarentena estricta, al asegurar que <strong>Mendoza no volver\u00eda a la Fase 1 <\/strong>pese al aumento de <strong>contagios de coronavirus.<\/strong><\/p>\n<p>Por ello, el&nbsp;<a target=\"_blank\" href=\"http:\/\/www.perfil.com\/tags\/gines-gonzalez-garcia\" rel=\"noopener noreferrer\"><strong>ministro de Salud de la Naci\u00f3n, Gin\u00e9s Gonz\u00e1lez Garc\u00eda<\/strong><\/a>, consider\u00f3 que le resulta \u00abdif\u00edcil&nbsp;entender la posici\u00f3n del gobernador de Mendoza\u00bb,&nbsp;y defendi\u00f3 al gobierno nacional diciendo que \u00abno hace pol\u00edtica con la pandemia\u00bb.<\/p>\n<p class=\"destacadoNota\"><a target=\"_blank\" href=\"https:\/\/www.perfil.com\/noticias\/salud\/gines-gonzalez-garcia-critico-al-gobierno-de-mendoza-por-no-endurecer-la-cuarentena.phtml\" rel=\"noopener noreferrer\">Gin\u00e9s Gonz\u00e1lez Garc\u00eda critic\u00f3 al gobierno de Mendoza por no endurecer la cuarentena<\/a><\/p>\n<p>El convenio, que se firma por segunda vez con Mendoza, est\u00e1 enmarcado en el programa de Asistencia a las Provincias, y otorga en este caso <strong>tres mil millones de pesos<\/strong> para enfrentar los desequilibrios financieros derivados de la pandemia.&nbsp;El pasado 26 de junio, el gobernador Su\u00e1rez suscribi\u00f3 con los ministros el mismo acuerdo, por <strong>1.900 millones<\/strong>.<\/p>\n<p>El FFDP, creado durante la pandemia por coronavirus, prev\u00e9 asistencia financiera por <strong>120.000 millones de pesos<\/strong> para todas las provincias dentro del Programa de Asistencia.<\/p>\n<p>J.D. \/&nbsp; CP<\/p>\n","protected":false},"excerpt":{"rendered":"<p>Noticias Relacionadas El presidente Alberto Fern\u00e1ndez recibir\u00e1 este martes en la Casa Rosada al gobernador de Mendoza, Rodolfo Su\u00e1rez, quien suscribir\u00e1 un acuerdo con el Gobierno nacional en el marco del Fondo Fiduciario para el Desarrollo Provincial (FFDP), seg\u00fan informaron fuentes&nbsp;oficiales. La reuni\u00f3n est\u00e1 prevista para las 17 horas&nbsp;y participar\u00e1n el jefe de Gabinete, Santiago [&hellip;]<\/p>\n","protected":false},"author":1,"featured_media":3290,"comment_status":"closed","ping_status":"closed","sticky":false,"template":"","format":"standard","meta":[],"categories":[1],"tags":[],"_links":{"self":[{"href":"http:\/\/hoycordobaweb.com\/index.php\/wp-json\/wp\/v2\/posts\/3289"}],"collection":[{"href":"http:\/\/hoycordobaweb.com\/index.php\/wp-json\/wp\/v2\/posts"}],"about":[{"href":"http:\/\/hoycordobaweb.com\/index.php\/wp-json\/wp\/v2\/types\/post"}],"author":[{"embeddable":true,"href":"http:\/\/hoycordobaweb.com\/index.php\/wp-json\/wp\/v2\/users\/1"}],"replies":[{"embeddable":true,"href":"http:\/\/hoycordobaweb.com\/index.php\/wp-json\/wp\/v2\/comments?post=3289"}],"version-history":[{"count":0,"href":"http:\/\/hoycordobaweb.com\/index.php\/wp-json\/wp\/v2\/posts\/3289\/revisions"}],"wp:featuredmedia":[{"embeddable":true,"href":"http:\/\/hoycordobaweb.com\/index.php\/wp-json\/wp\/v2\/media\/3290"}],"wp:attachment":[{"href":"http:\/\/hoycordobaweb.com\/index.php\/wp-json\/wp\/v2\/media?parent=3289"}],"wp:term":[{"taxonomy":"category","embeddable":true,"href":"http:\/\/hoycordobaweb.com\/index.php\/wp-json\/wp\/v2\/categories?post=3289"},{"taxonomy":"post_tag","embeddable":true,"href":"http:\/\/hoycordobaweb.com\/index.php\/wp-json\/wp\/v2\/tags?post=3289"}],"curies":[{"name":"wp","href":"https:\/\/api.w.org\/{rel}","templated":true}]}}