{"id":32799,"date":"2021-11-16T12:50:00","date_gmt":"2021-11-16T12:50:00","guid":{"rendered":"https:\/\/fm-comunicar.com.ar\/contenido\/18536\/comienzan-a-anotar-a-ninos-hasta-los-3-anos-para-las-sala-cuna-de-colonia-caroya"},"modified":"2021-11-16T12:50:00","modified_gmt":"2021-11-16T12:50:00","slug":"comienzan-a-anotar-a-ninas-y-ninos-hasta-los-3-anos-para-las-sala-cuna-de-colonia-caroya","status":"publish","type":"post","link":"http:\/\/hoycordobaweb.com\/index.php\/2021\/11\/16\/comienzan-a-anotar-a-ninas-y-ninos-hasta-los-3-anos-para-las-sala-cuna-de-colonia-caroya\/","title":{"rendered":"Comienzan a anotar a ni\u00f1as y ni\u00f1os hasta los 3 a\u00f1os para las Sala Cuna de Colonia Caroya"},"content":{"rendered":"<p>Las inscripciones son presenciales en el horario de funcionamiento de las cinco salas que existen en la ciudad. Hay tiempo hasta el 30 de noviembre.<img src=\"http:\/\/hoycordobaweb.com\/wp-content\/uploads\/2021\/11\/comienzan-a-anotar-a-ninas-y-ninos-hasta-los-3-anos-para-las-sala-cuna-de-colonia-caroya.jpg\"><\/p>\n","protected":false},"excerpt":{"rendered":"<p>Las inscripciones son presenciales en el horario de funcionamiento de las cinco salas que existen en la ciudad. Hay tiempo hasta el 30 de noviembre.<\/p>\n","protected":false},"author":1,"featured_media":32800,"comment_status":"closed","ping_status":"closed","sticky":false,"template":"","format":"standard","meta":[],"categories":[18],"tags":[],"_links":{"self":[{"href":"http:\/\/hoycordobaweb.com\/index.php\/wp-json\/wp\/v2\/posts\/32799"}],"collection":[{"href":"http:\/\/hoycordobaweb.com\/index.php\/wp-json\/wp\/v2\/posts"}],"about":[{"href":"http:\/\/hoycordobaweb.com\/index.php\/wp-json\/wp\/v2\/types\/post"}],"author":[{"embeddable":true,"href":"http:\/\/hoycordobaweb.com\/index.php\/wp-json\/wp\/v2\/users\/1"}],"replies":[{"embeddable":true,"href":"http:\/\/hoycordobaweb.com\/index.php\/wp-json\/wp\/v2\/comments?post=32799"}],"version-history":[{"count":0,"href":"http:\/\/hoycordobaweb.com\/index.php\/wp-json\/wp\/v2\/posts\/32799\/revisions"}],"wp:featuredmedia":[{"embeddable":true,"href":"http:\/\/hoycordobaweb.com\/index.php\/wp-json\/wp\/v2\/media\/32800"}],"wp:attachment":[{"href":"http:\/\/hoycordobaweb.com\/index.php\/wp-json\/wp\/v2\/media?parent=32799"}],"wp:term":[{"taxonomy":"category","embeddable":true,"href":"http:\/\/hoycordobaweb.com\/index.php\/wp-json\/wp\/v2\/categories?post=32799"},{"taxonomy":"post_tag","embeddable":true,"href":"http:\/\/hoycordobaweb.com\/index.php\/wp-json\/wp\/v2\/tags?post=32799"}],"curies":[{"name":"wp","href":"https:\/\/api.w.org\/{rel}","templated":true}]}}