{"id":32786,"date":"2021-11-16T15:28:00","date_gmt":"2021-11-16T15:28:00","guid":{"rendered":"http:\/\/hoycordobaweb.com\/index.php\/2021\/11\/16\/militares-polacos-reprimen-a-migrantes-que-intentan-cruzar-la-frontera-desde-bielorrusia\/"},"modified":"2021-11-16T15:28:00","modified_gmt":"2021-11-16T15:28:00","slug":"militares-polacos-reprimen-a-migrantes-que-intentan-cruzar-la-frontera-desde-bielorrusia","status":"publish","type":"post","link":"http:\/\/hoycordobaweb.com\/index.php\/2021\/11\/16\/militares-polacos-reprimen-a-migrantes-que-intentan-cruzar-la-frontera-desde-bielorrusia\/","title":{"rendered":"Militares polacos reprimen a migrantes que intentan cruzar la frontera desde Bielorrusia"},"content":{"rendered":"<p><img src=\"http:\/\/hoycordobaweb.com\/wp-content\/uploads\/2021\/11\/militares-polacos-reprimen-a-migrantes-que-intentan-cruzar-la-frontera-desde-bielorrusia.jpg\"><\/p>\n<figure class=\"mb-3\"><img src=\"http:\/\/hoycordobaweb.com\/wp-content\/uploads\/2021\/11\/militares-polacos-reprimen-a-migrantes-que-intentan-cruzar-la-frontera-desde-bielorrusia-2.jpg\" alt=\"El Gobierno polaco cifra en entre 3000 y 4000 el nmero de migrantes muchos de ellos kurdos iraques acampados a lo largo de su frontera aguantando temperaturas glaciales Foto AFP\"><figcaption> El Gobierno polaco cifra en entre 3.000 y 4.000 el n\u00famero de migrantes, muchos de ellos kurdos iraqu\u00edes, acampados a lo largo de su frontera, aguantando temperaturas glaciales. Foto: AFP. <\/figcaption><\/figure>\n<p>Militares polacos reprimieron este martes a un grupo de migrantes concentrado en la frontera entre Bielorrusa y Polonia que intentan ingresar la Uni\u00f3n Europea (UE), inform\u00f3 el Ministerio de Defensa polaco.<\/p>\n<p>\u00abLos migrantes atacaron a nuestros soldados y oficiales con piedras y est\u00e1n tratando de destruir la valla e ingresar en Polonia. Nuestras fuerzas utilizaron gases lacrim\u00f3genos para sofocar la agresi\u00f3n de los migrantes\u00bb, afirm\u00f3 el Ministerio de Defensa en Twitter.<\/p>\n<div class=\"video_repositive\"><a class=\"video_sticky\" href=\"javascript:void();\" onclick=\"removeStuckVideo(true);\"><i class=\"far fa-window-close\"><\/i><\/a><\/p>\n<div id=\"lrdii0SqJS4\" class=\"video_telam\" readability=\"6\">\n<div class=\"feature_article_inner\" readability=\"32\">\n<p><h2 class=\"text-center\">Militares polacos reprimen a migrantes que intentan cruzar la frontera desde Bielorrusia<\/h2>\n<\/p>\n<\/div>\n<p>VER VIDEO <i class=\"fas fa-play\"><\/i><\/p>\n<\/div>\n<\/div>\n<p><strong>La situaci\u00f3n se normaliz\u00f3 luego y los migrantes comenzaron a regresar a su improvisado campamento en territorio bielorruso.<\/strong><\/p>\n<p>El Gobierno polaco cifra en entre 3.000 y 4.000 el n\u00famero de migrantes, muchos de ellos kurdos iraqu\u00edes, acampados a lo largo de su frontera, aguantando temperaturas glaciales y bloqueados entre la presi\u00f3n de las fuerzas bielorrusas y la contenci\u00f3n de los soldados polacos.<\/p>\n<figure class=\"mb-3\"><img data-src=\"http:\/\/hoycordobaweb.com\/wp-content\/uploads\/2021\/11\/militares-polacos-reprimen-a-migrantes-que-intentan-cruzar-la-frontera-desde-bielorrusia-3.jpg\" src=\"https:\/\/www.telam.com.ar\/assets\/img\/not_image.png\" class=\" lazy \" alt=\"La situacin se normaliz luego y los migrantes comenzaron a regresar a su improvisado campamento en territorio bielorruso Foto AFP\"><figcaption> La situaci\u00f3n se normaliz\u00f3 luego y los migrantes comenzaron a regresar a su improvisado campamento en territorio bielorruso. Foto: AFP. <\/figcaption><\/figure>\n<p><strong>La crisis dispar\u00f3 la tensi\u00f3n entre la UE y Bielorrusia, respaldada por Mosc\u00fa.<\/strong><\/p>\n<p>El bloque comunitario acusa a Minsk de promover este flujo migratorio como represalia a las sanciones aprobadas desde Bruselas contra el Gobierno de Alexander Lukashenko tras su cuestionada reelecci\u00f3n en 2020 y la posterior represi\u00f3n contra la disidencia.<\/p>\n<figure class=\"mb-3\"><img data-src=\"http:\/\/hoycordobaweb.com\/wp-content\/uploads\/2021\/11\/militares-polacos-reprimen-a-migrantes-que-intentan-cruzar-la-frontera-desde-bielorrusia-4.jpg\" src=\"https:\/\/www.telam.com.ar\/assets\/img\/not_image.png\" class=\" lazy \" alt=\"Con un discurso duro contra la inmigracin el Gobierno polaco aprob el estado de emergencia en la frontera Foto AFP\"><figcaption> Con un discurso duro contra la inmigraci\u00f3n, el Gobierno polaco aprob\u00f3 el estado de emergencia en la frontera. Foto: AFP. <\/figcaption><\/figure>\n<p>Lukashenko inform\u00f3 que en una conversaci\u00f3n telef\u00f3nica que mantuvo este lunes con la canciller alemana, Angela Merkel, le propuso una v\u00eda de arreglo a la crisis migratoria en la frontera bielorruso-polaca y que \u00abella pidi\u00f3 tiempo para debatir con los miembros de la UE\u00bb.<\/p>\n<p>El l\u00edder bielorruso afirm\u00f3 que espera una segunda llamada de Merkel para seguir tratando una posible soluci\u00f3n.<\/p>\n<p>Con un discurso duro contra la inmigraci\u00f3n, el Gobierno polaco aprob\u00f3 el estado de emergencia en la frontera, despleg\u00f3 miles de soldados en la zona y prev\u00e9 la construcci\u00f3n de un muro entre ambos pa\u00edses. <\/p>\n","protected":false},"excerpt":{"rendered":"<p>El Gobierno polaco cifra en entre 3.000 y 4.000 el n\u00famero de migrantes, muchos de ellos kurdos iraqu\u00edes, acampados a lo largo de su frontera, aguantando temperaturas glaciales. Foto: AFP. Militares polacos reprimieron este martes a un grupo de migrantes concentrado en la frontera entre Bielorrusa y Polonia que intentan ingresar la Uni\u00f3n Europea (UE), [&hellip;]<\/p>\n","protected":false},"author":1,"featured_media":32787,"comment_status":"open","ping_status":"closed","sticky":false,"template":"","format":"standard","meta":[],"categories":[19],"tags":[],"_links":{"self":[{"href":"http:\/\/hoycordobaweb.com\/index.php\/wp-json\/wp\/v2\/posts\/32786"}],"collection":[{"href":"http:\/\/hoycordobaweb.com\/index.php\/wp-json\/wp\/v2\/posts"}],"about":[{"href":"http:\/\/hoycordobaweb.com\/index.php\/wp-json\/wp\/v2\/types\/post"}],"author":[{"embeddable":true,"href":"http:\/\/hoycordobaweb.com\/index.php\/wp-json\/wp\/v2\/users\/1"}],"replies":[{"embeddable":true,"href":"http:\/\/hoycordobaweb.com\/index.php\/wp-json\/wp\/v2\/comments?post=32786"}],"version-history":[{"count":0,"href":"http:\/\/hoycordobaweb.com\/index.php\/wp-json\/wp\/v2\/posts\/32786\/revisions"}],"wp:featuredmedia":[{"embeddable":true,"href":"http:\/\/hoycordobaweb.com\/index.php\/wp-json\/wp\/v2\/media\/32787"}],"wp:attachment":[{"href":"http:\/\/hoycordobaweb.com\/index.php\/wp-json\/wp\/v2\/media?parent=32786"}],"wp:term":[{"taxonomy":"category","embeddable":true,"href":"http:\/\/hoycordobaweb.com\/index.php\/wp-json\/wp\/v2\/categories?post=32786"},{"taxonomy":"post_tag","embeddable":true,"href":"http:\/\/hoycordobaweb.com\/index.php\/wp-json\/wp\/v2\/tags?post=32786"}],"curies":[{"name":"wp","href":"https:\/\/api.w.org\/{rel}","templated":true}]}}