{"id":32782,"date":"2021-11-16T15:30:55","date_gmt":"2021-11-16T15:30:55","guid":{"rendered":"https:\/\/www.trendencias.com\/belleza\/inspiracion-peinados-coletas-despeinadas"},"modified":"2021-11-16T15:30:55","modified_gmt":"2021-11-16T15:30:55","slug":"inspiracion-peinados-coletas-despeinadas","status":"publish","type":"post","link":"http:\/\/hoycordobaweb.com\/index.php\/2021\/11\/16\/inspiracion-peinados-coletas-despeinadas\/","title":{"rendered":"Inspiraci\u00f3n peinados: coletas despeinadas"},"content":{"rendered":"<p>Perder el tiempo pensando <strong>qu\u00e9 <\/strong><em><strong>outfit<\/strong><\/em><strong> escoger<\/strong> es algo habitual, sin embargo, (casi) nadie habla de la p\u00e9rdida de tiempo que puede resultar el querer <a href=\"https:\/\/www.trendencias.com\/belleza\/seis-peinados-tiktok-mega-virales-otono-2021-que-podemos-probar\">peinar nuestra melena de manera cool<\/a>, casual y f\u00e1cil. Por suerte, <strong>las chicas de moda nos muestran<\/strong> cinco maneras de <a href=\"https:\/\/www.trendencias.com\/belleza\/recogido-bonito-fantasia-hemos-encontrado-stradivarius\">apostar por una coleta con efecto despeinado<\/a> demostrando que esta <a href=\"https:\/\/www.trendencias.com\/belleza\/video-tres-peinados-para-vuelta-a-oficina-favoritos-peluquera-blanca-suarez\">opci\u00f3n es m\u00e1s vers\u00e1til<\/a> de lo que podamos pensar.<\/p>\n<p><!-- BREAK 1 --><\/p>\n<div class=\"article-asset article-asset-normal article-asset-center\">\n<div class=\"desvio-container\">\n<div class=\"desvio\">\n<div class=\"desvio-figure js-desvio-figure\"> <a href=\"https:\/\/www.trendencias.com\/belleza\/coleta-bubble-peinado-facil-bonito-para-navidad-estas-16rr-fotos-prueba\"> <img alt=\"La coleta bubble es el peinado m\u00e1s f\u00e1cil y bonito para Navidad y estas 16 fotos son la prueba\" src=\"http:\/\/hoycordobaweb.com\/wp-content\/uploads\/2021\/11\/inspiracion-peinados-coletas-despeinadas.jpg\"> <\/a> <\/div><\/div><\/div>\n<\/div>\n<h2>Una apuesta segura que jam\u00e1s defrauda<\/h2>\n<h3>Creando un efecto \u00f3ptico con un solo mech\u00f3n<\/h3>\n<p>Si eres de las que quiere a\u00f1adir un efecto<em> wow<\/em> al look final con peque\u00f1os detalles, he aqu\u00ed la soluci\u00f3n. Esconder el coletero bajo un mech\u00f3n enrollado, no es una novedad, sin embargo, Chiara Ferragni nos recuerda lo bien que sienta esta t\u00e9cnica.&nbsp;<\/p>\n<p><!-- BREAK 2 --> <\/p>\n<div class=\"article-asset-image article-asset-normal article-asset-center\">\n<div class=\"asset-content\">\n<div class=\"base-wrapper-image\"> <img class=\"sf-lazy centro_sinmarco\" data-sf-srcset=\"http:\/\/hoycordobaweb.com\/wp-content\/uploads\/2021\/11\/inspiracion-peinados-coletas-despeinadas-1.jpg 450w, http:\/\/hoycordobaweb.com\/wp-content\/uploads\/2021\/11\/inspiracion-peinados-coletas-despeinadas-7.jpg 681w,http:\/\/hoycordobaweb.com\/wp-content\/uploads\/2021\/11\/inspiracion-peinados-coletas-despeinadas-8.jpg 1024w, http:\/\/hoycordobaweb.com\/wp-content\/uploads\/2021\/11\/inspiracion-peinados-coletas-despeinadas-9.jpg 1366w,\" data-sf-src=\"http:\/\/hoycordobaweb.com\/wp-content\/uploads\/2021\/11\/inspiracion-peinados-coletas-despeinadas-1.jpg\" alt=\"Chiara Ferragni Coleta Despeinada 01\"> <noscript><img alt=\"Chiara Ferragni Coleta Despeinada 01\" class=\"centro_sinmarco\" src=\"http:\/\/hoycordobaweb.com\/wp-content\/uploads\/2021\/11\/inspiracion-peinados-coletas-despeinadas-1.jpg\"><\/noscript> <\/div><\/div>\n<\/div>\n<h3>Un peinado capaz de adaptarse a los eventos de etiqueta<\/h3>\n<p>Cuando hablamos de versatilidad, nos referimos a que la coleta despeinada puede acompa\u00f1arnos, incluso, en un evento de etiqueta. Lucy Hale as\u00ed nos lo demostr\u00f3 hace unos a\u00f1os en un evento organizado por Hollywood.&nbsp;<\/p>\n<p><!-- BREAK 3 --><\/p>\n<div class=\"article-asset-image article-asset-normal article-asset-center\">\n<div class=\"asset-content\">\n<div class=\"base-wrapper-image\"> <img class=\"sf-lazy centro_sinmarco\" data-sf-srcset=\"http:\/\/hoycordobaweb.com\/wp-content\/uploads\/2021\/11\/inspiracion-peinados-coletas-despeinadas-2.jpg 450w, http:\/\/hoycordobaweb.com\/wp-content\/uploads\/2021\/11\/inspiracion-peinados-coletas-despeinadas-10.jpg 681w,http:\/\/hoycordobaweb.com\/wp-content\/uploads\/2021\/11\/inspiracion-peinados-coletas-despeinadas-11.jpg 1024w, http:\/\/hoycordobaweb.com\/wp-content\/uploads\/2021\/11\/inspiracion-peinados-coletas-despeinadas-12.jpg 1366w,\" data-sf-src=\"http:\/\/hoycordobaweb.com\/wp-content\/uploads\/2021\/11\/inspiracion-peinados-coletas-despeinadas-2.jpg\" alt=\"Coleta Despeinada Inspiracion 01\"> <noscript><img alt=\"Coleta Despeinada Inspiracion 01\" class=\"centro_sinmarco\" src=\"http:\/\/hoycordobaweb.com\/wp-content\/uploads\/2021\/11\/inspiracion-peinados-coletas-despeinadas-2.jpg\"><\/noscript> <\/div><\/div>\n<\/div>\n<h3>Con flequillo para dar un toque distinto<\/h3>\n<p>Si quieres a\u00f1adir un toque juvenil al look final, ser\u00e1 mejor que acompa\u00f1es tu coleta con dos mechones a modo de flequillo.&nbsp;<\/p>\n<p><!-- BREAK 4 --><\/p>\n<div class=\"article-asset-image article-asset-normal article-asset-center\">\n<div class=\"asset-content\">\n<div class=\"base-wrapper-image\"> <img class=\"sf-lazy centro_sinmarco\" data-sf-srcset=\"http:\/\/hoycordobaweb.com\/wp-content\/uploads\/2021\/11\/inspiracion-peinados-coletas-despeinadas-3.jpg 450w, http:\/\/hoycordobaweb.com\/wp-content\/uploads\/2021\/11\/inspiracion-peinados-coletas-despeinadas-13.jpg 681w,http:\/\/hoycordobaweb.com\/wp-content\/uploads\/2021\/11\/inspiracion-peinados-coletas-despeinadas-14.jpg 1024w, http:\/\/hoycordobaweb.com\/wp-content\/uploads\/2021\/11\/inspiracion-peinados-coletas-despeinadas-15.jpg 1366w,\" data-sf-src=\"http:\/\/hoycordobaweb.com\/wp-content\/uploads\/2021\/11\/inspiracion-peinados-coletas-despeinadas-3.jpg\" alt=\"Coleta Despeinada Inspiracion 02\"> <noscript><img alt=\"Coleta Despeinada Inspiracion 02\" class=\"centro_sinmarco\" src=\"http:\/\/hoycordobaweb.com\/wp-content\/uploads\/2021\/11\/inspiracion-peinados-coletas-despeinadas-3.jpg\"><\/noscript> <\/div><\/div>\n<\/div>\n<h3>La mejor opci\u00f3n para entrenar<\/h3>\n<p>La coleta alta y despeinada puede vestirnos en eventos de etiqueta, en looks casual e incluso en el gimnasio. No hay nada m\u00e1s c\u00f3modo que este peinado para practicar deporte con estilo, palabra de Kim Kardashian.<\/p>\n<p><!-- BREAK 5 --><\/p>\n<div class=\"article-asset-image article-asset-normal article-asset-center\">\n<div class=\"asset-content\">\n<div class=\"base-wrapper-image\"> <img class=\"sf-lazy centro_sinmarco\" data-sf-srcset=\"http:\/\/hoycordobaweb.com\/wp-content\/uploads\/2021\/11\/inspiracion-peinados-coletas-despeinadas-4.jpg 450w, http:\/\/hoycordobaweb.com\/wp-content\/uploads\/2021\/11\/inspiracion-peinados-coletas-despeinadas-16.jpg 681w,http:\/\/hoycordobaweb.com\/wp-content\/uploads\/2021\/11\/inspiracion-peinados-coletas-despeinadas-17.jpg 1024w, http:\/\/hoycordobaweb.com\/wp-content\/uploads\/2021\/11\/inspiracion-peinados-coletas-despeinadas-18.jpg 1366w,\" data-sf-src=\"http:\/\/hoycordobaweb.com\/wp-content\/uploads\/2021\/11\/inspiracion-peinados-coletas-despeinadas-4.jpg\" alt=\"Coleta Despeinada Inspiracion 03\"> <noscript><img alt=\"Coleta Despeinada Inspiracion 03\" class=\"centro_sinmarco\" src=\"http:\/\/hoycordobaweb.com\/wp-content\/uploads\/2021\/11\/inspiracion-peinados-coletas-despeinadas-4.jpg\"><\/noscript> <\/div><\/div>\n<\/div>\n<h3>Para pisar el d\u00eda a d\u00eda con sencillez<\/h3>\n<p>Adem\u00e1s, si quieres potenciar el efecto despeinado, lo mejor ser\u00e1 que previamente ondules la melena. El resultado final es perfecto para a\u00f1adir estilo al d\u00eda a d\u00eda con mucha sencillez.&nbsp;<\/p>\n<p><!-- BREAK 6 --><\/p>\n<div class=\"article-asset-image article-asset-normal article-asset-center\">\n<div class=\"asset-content\">\n<div class=\"base-wrapper-image\"> <img class=\"sf-lazy centro_sinmarco\" data-sf-srcset=\"http:\/\/hoycordobaweb.com\/wp-content\/uploads\/2021\/11\/inspiracion-peinados-coletas-despeinadas-5.jpg 450w, http:\/\/hoycordobaweb.com\/wp-content\/uploads\/2021\/11\/inspiracion-peinados-coletas-despeinadas-19.jpg 681w,http:\/\/hoycordobaweb.com\/wp-content\/uploads\/2021\/11\/inspiracion-peinados-coletas-despeinadas-20.jpg 1024w, http:\/\/hoycordobaweb.com\/wp-content\/uploads\/2021\/11\/inspiracion-peinados-coletas-despeinadas-21.jpg 1366w,\" data-sf-src=\"http:\/\/hoycordobaweb.com\/wp-content\/uploads\/2021\/11\/inspiracion-peinados-coletas-despeinadas-5.jpg\" alt=\"Chiara Ferragni Coleta Despeinada 02\"> <noscript><img alt=\"Chiara Ferragni Coleta Despeinada 02\" class=\"centro_sinmarco\" src=\"http:\/\/hoycordobaweb.com\/wp-content\/uploads\/2021\/11\/inspiracion-peinados-coletas-despeinadas-5.jpg\"><\/noscript> <\/div><\/div>\n<\/div>\n<p>Fotos | Instagram <a href=\"https:\/\/www.instagram.com\/chiaraferragni\/\">@chiaraferragni<\/a>, <a href=\"https:\/\/www.instagram.com\/lucyhale\/\">@lucyhale<\/a>, <a href=\"https:\/\/www.instagram.com\/andreamirmusic\/\">@andreamirmusic<\/a>, <a href=\"https:\/\/www.instagram.com\/kimkardashian\/\">@kimkardashian<\/a>, <a href=\"https:\/\/theblondesalad.com\/en\/chiara-ferragni\/holes-and-stripes-fifth-look-of-mfw\/\">The Blonde Salad<\/a><\/p>\n<p><!-- BREAK 7 --> <\/p>\n","protected":false},"excerpt":{"rendered":"<p>Perder el tiempo pensando qu\u00e9 outfit escoger es algo habitual, sin embargo, (casi) nadie habla de la p\u00e9rdida de tiempo que puede resultar el querer peinar nuestra melena de manera cool, casual y f\u00e1cil. Por suerte, las chicas de moda nos muestran cinco maneras de apostar por una coleta con efecto despeinado demostrando que esta [&hellip;]<\/p>\n","protected":false},"author":1,"featured_media":32783,"comment_status":"closed","ping_status":"closed","sticky":false,"template":"","format":"standard","meta":[],"categories":[1],"tags":[],"_links":{"self":[{"href":"http:\/\/hoycordobaweb.com\/index.php\/wp-json\/wp\/v2\/posts\/32782"}],"collection":[{"href":"http:\/\/hoycordobaweb.com\/index.php\/wp-json\/wp\/v2\/posts"}],"about":[{"href":"http:\/\/hoycordobaweb.com\/index.php\/wp-json\/wp\/v2\/types\/post"}],"author":[{"embeddable":true,"href":"http:\/\/hoycordobaweb.com\/index.php\/wp-json\/wp\/v2\/users\/1"}],"replies":[{"embeddable":true,"href":"http:\/\/hoycordobaweb.com\/index.php\/wp-json\/wp\/v2\/comments?post=32782"}],"version-history":[{"count":0,"href":"http:\/\/hoycordobaweb.com\/index.php\/wp-json\/wp\/v2\/posts\/32782\/revisions"}],"wp:featuredmedia":[{"embeddable":true,"href":"http:\/\/hoycordobaweb.com\/index.php\/wp-json\/wp\/v2\/media\/32783"}],"wp:attachment":[{"href":"http:\/\/hoycordobaweb.com\/index.php\/wp-json\/wp\/v2\/media?parent=32782"}],"wp:term":[{"taxonomy":"category","embeddable":true,"href":"http:\/\/hoycordobaweb.com\/index.php\/wp-json\/wp\/v2\/categories?post=32782"},{"taxonomy":"post_tag","embeddable":true,"href":"http:\/\/hoycordobaweb.com\/index.php\/wp-json\/wp\/v2\/tags?post=32782"}],"curies":[{"name":"wp","href":"https:\/\/api.w.org\/{rel}","templated":true}]}}