{"id":32739,"date":"2021-11-15T13:19:00","date_gmt":"2021-11-15T13:19:00","guid":{"rendered":"https:\/\/fm-comunicar.com.ar\/contenido\/18533\/martin-rolan-y-los-hijos-del-cuarteto-cerraran-la-fiesta-del-salame-a-puro-baile"},"modified":"2021-11-15T13:19:00","modified_gmt":"2021-11-15T13:19:00","slug":"martin-rolan-y-los-hijos-del-cuarteto-cerraran-la-fiesta-del-salame-a-puro-baile","status":"publish","type":"post","link":"http:\/\/hoycordobaweb.com\/index.php\/2021\/11\/15\/martin-rolan-y-los-hijos-del-cuarteto-cerraran-la-fiesta-del-salame-a-puro-baile\/","title":{"rendered":"Mart\u00edn Rol\u00e1n y los Hijos del Cuarteto cerrar\u00e1n la Fiesta del Salame a puro baile"},"content":{"rendered":"<p>El conjunto liderado por el hijo de Carlitos Rol\u00e1n, nieto de Marzano y Gelfo, pondr\u00e1 broche de oro al evento del domingo. La programaci\u00f3n se completa con Cacho Buenaventura y el show de nuestros artistas locales.<img src=\"http:\/\/hoycordobaweb.com\/wp-content\/uploads\/2021\/11\/martin-rolan-y-los-hijos-del-cuarteto-cerraran-la-fiesta-del-salame-a-puro-baile.jpg\"><\/p>\n","protected":false},"excerpt":{"rendered":"<p>El conjunto liderado por el hijo de Carlitos Rol\u00e1n, nieto de Marzano y Gelfo, pondr\u00e1 broche de oro al evento del domingo. La programaci\u00f3n se completa con Cacho Buenaventura y el show de nuestros artistas locales.<\/p>\n","protected":false},"author":1,"featured_media":32740,"comment_status":"closed","ping_status":"closed","sticky":false,"template":"","format":"standard","meta":[],"categories":[18],"tags":[],"_links":{"self":[{"href":"http:\/\/hoycordobaweb.com\/index.php\/wp-json\/wp\/v2\/posts\/32739"}],"collection":[{"href":"http:\/\/hoycordobaweb.com\/index.php\/wp-json\/wp\/v2\/posts"}],"about":[{"href":"http:\/\/hoycordobaweb.com\/index.php\/wp-json\/wp\/v2\/types\/post"}],"author":[{"embeddable":true,"href":"http:\/\/hoycordobaweb.com\/index.php\/wp-json\/wp\/v2\/users\/1"}],"replies":[{"embeddable":true,"href":"http:\/\/hoycordobaweb.com\/index.php\/wp-json\/wp\/v2\/comments?post=32739"}],"version-history":[{"count":0,"href":"http:\/\/hoycordobaweb.com\/index.php\/wp-json\/wp\/v2\/posts\/32739\/revisions"}],"wp:featuredmedia":[{"embeddable":true,"href":"http:\/\/hoycordobaweb.com\/index.php\/wp-json\/wp\/v2\/media\/32740"}],"wp:attachment":[{"href":"http:\/\/hoycordobaweb.com\/index.php\/wp-json\/wp\/v2\/media?parent=32739"}],"wp:term":[{"taxonomy":"category","embeddable":true,"href":"http:\/\/hoycordobaweb.com\/index.php\/wp-json\/wp\/v2\/categories?post=32739"},{"taxonomy":"post_tag","embeddable":true,"href":"http:\/\/hoycordobaweb.com\/index.php\/wp-json\/wp\/v2\/tags?post=32739"}],"curies":[{"name":"wp","href":"https:\/\/api.w.org\/{rel}","templated":true}]}}