{"id":32737,"date":"2021-11-16T07:51:41","date_gmt":"2021-11-16T07:51:41","guid":{"rendered":"https:\/\/www.espinof.com\/trailers\/halo-the-series-desvela-su-primer-teaser-jefe-maestro-se-enfunda-traje-prometedora-adaptacion-videojuego"},"modified":"2021-11-16T07:51:41","modified_gmt":"2021-11-16T07:51:41","slug":"halo-the-series-desvela-su-primer-teaser-el-jefe-maestro-se-enfunda-el-traje-en-la-prometedora-adaptacion-del-videojuego","status":"publish","type":"post","link":"http:\/\/hoycordobaweb.com\/index.php\/2021\/11\/16\/halo-the-series-desvela-su-primer-teaser-el-jefe-maestro-se-enfunda-el-traje-en-la-prometedora-adaptacion-del-videojuego\/","title":{"rendered":"&#8216;Halo: The Series&#8217; desvela su primer teaser: el Jefe Maestro se enfunda el traje en la prometedora adaptaci\u00f3n del videojuego"},"content":{"rendered":"<p>Llev\u00e1bamos un tiempo sin noticias de la serie de acci\u00f3n real de uno de los videojuegos emblema de Microsoft XBOX y ya tenemos el <strong>primer teaser tr\u00e1iler<\/strong> de &#8216;<a href=\"http:\/\/espinof.com\/tag\/halo\">Halo: The Series<\/a>&#8216;, que confirma la llegada de la adaptaci\u00f3n el pr\u00f3ximo 2022 a la plataforma Paramount+.<\/p>\n<p><!-- BREAK 1 --><\/p>\n<p><strong>Pablo Schreiber<\/strong> es el encargado de encarnar al <strong>Jefe Maestro John 117<\/strong>, un supersoldado que forma parte del programa Spartan II y que ser\u00e1 clave en un conflicto entre la humanidad y la amenaza alien\u00edgena de El Pacto en el siglo XXVI.<\/p>\n<p><!-- BREAK 2 --> <\/p>\n<div class=\"article-asset article-asset-normal article-asset-center\">\n<div class=\"desvio-container\">\n<div class=\"desvio\">\n<div class=\"desvio-figure js-desvio-figure\"> <a href=\"https:\/\/www.espinof.com\/cortometrajes\/cine-y-videojuegos-halo-el-sueno-de-peter-jackson-y-la-pelicula-que-solo-existe-a-nivel-publicitario\"> <img alt=\"Cine y videojuegos: 'Halo', el sue\u00f1o de Peter Jackson y la pel\u00edcula que s\u00f3lo existe a nivel publicitario\" src=\"http:\/\/hoycordobaweb.com\/wp-content\/uploads\/2021\/11\/halo-the-series-desvela-su-primer-teaser-el-jefe-maestro-se-enfunda-el-traje-en-la-prometedora-adaptacion-del-videojuego.jpg\"> <\/a> <\/div><\/div><\/div>\n<\/div>\n<p>Junto a Schreiber, &#8216;Halo&#8217; cuenta con su reparto con <strong>Natascha McElhone<\/strong> como la Dra. Catherine Halsey; <strong>Jen Taylor <\/strong>volver\u00e1 a interpretar a Cortana, la avanzada IA; mientras que tambi\u00e9n tendremos a Bokeem Woodbine, Shabana Azmi, Bentley Kalu, Natasha Culzac, Kate Kennedy, Danny Sapani, Olive Gray y Charlie Murphy.<\/p>\n<p><!-- BREAK 3 --><\/p>\n<p>La serie <a href=\"https:\/\/www.espinof.com\/proyectos\/serie-basada-videojuego-halo-ficha-al-director-origen-planeta-simios\">viene de la mano de Kyle Killen<\/a><strong> y Steven Kane<\/strong>, con el segundo ejerciendo de showrunner de los nueve episodios que conformar\u00e1n la primera temporada de la serie. Otto Bathurst encabeza el plantel de directores junto a Jonathan Liebesman, M. J. Bassett, Roel Rein\u00e9 y Jet Wilkinson.<\/p>\n<p><!-- BREAK 4 --><\/p>\n<p>El proyecto estaba concebido inicialmente para Showtime, y de hecho es su brazo productor el que est\u00e1 detr\u00e1s. Sin embargo, las cabezas pensantes del Viacom la derivaron a Paramount+.<\/p>\n<p><!-- BREAK 5 --> <\/p>\n","protected":false},"excerpt":{"rendered":"<p>Llev\u00e1bamos un tiempo sin noticias de la serie de acci\u00f3n real de uno de los videojuegos emblema de Microsoft XBOX y ya tenemos el primer teaser tr\u00e1iler de &#8216;Halo: The Series&#8216;, que confirma la llegada de la adaptaci\u00f3n el pr\u00f3ximo 2022 a la plataforma Paramount+. Pablo Schreiber es el encargado de encarnar al Jefe Maestro [&hellip;]<\/p>\n","protected":false},"author":1,"featured_media":32738,"comment_status":"open","ping_status":"closed","sticky":false,"template":"","format":"standard","meta":[],"categories":[1],"tags":[],"_links":{"self":[{"href":"http:\/\/hoycordobaweb.com\/index.php\/wp-json\/wp\/v2\/posts\/32737"}],"collection":[{"href":"http:\/\/hoycordobaweb.com\/index.php\/wp-json\/wp\/v2\/posts"}],"about":[{"href":"http:\/\/hoycordobaweb.com\/index.php\/wp-json\/wp\/v2\/types\/post"}],"author":[{"embeddable":true,"href":"http:\/\/hoycordobaweb.com\/index.php\/wp-json\/wp\/v2\/users\/1"}],"replies":[{"embeddable":true,"href":"http:\/\/hoycordobaweb.com\/index.php\/wp-json\/wp\/v2\/comments?post=32737"}],"version-history":[{"count":0,"href":"http:\/\/hoycordobaweb.com\/index.php\/wp-json\/wp\/v2\/posts\/32737\/revisions"}],"wp:featuredmedia":[{"embeddable":true,"href":"http:\/\/hoycordobaweb.com\/index.php\/wp-json\/wp\/v2\/media\/32738"}],"wp:attachment":[{"href":"http:\/\/hoycordobaweb.com\/index.php\/wp-json\/wp\/v2\/media?parent=32737"}],"wp:term":[{"taxonomy":"category","embeddable":true,"href":"http:\/\/hoycordobaweb.com\/index.php\/wp-json\/wp\/v2\/categories?post=32737"},{"taxonomy":"post_tag","embeddable":true,"href":"http:\/\/hoycordobaweb.com\/index.php\/wp-json\/wp\/v2\/tags?post=32737"}],"curies":[{"name":"wp","href":"https:\/\/api.w.org\/{rel}","templated":true}]}}