{"id":32360,"date":"2021-11-08T15:17:52","date_gmt":"2021-11-08T15:17:52","guid":{"rendered":"https:\/\/manoamanocba.com.ar\/?p=4779"},"modified":"2021-11-08T15:17:52","modified_gmt":"2021-11-08T15:17:52","slug":"covid-19-vacunacion-sin-turnos-a-menores-de-3-a-17-anos","status":"publish","type":"post","link":"http:\/\/hoycordobaweb.com\/index.php\/2021\/11\/08\/covid-19-vacunacion-sin-turnos-a-menores-de-3-a-17-anos\/","title":{"rendered":"Covid-19: Vacunaci\u00f3n sin turnos a menores de 3 a 17 a\u00f1os"},"content":{"rendered":"<div><img src=\"http:\/\/hoycordobaweb.com\/wp-content\/uploads\/2021\/11\/covid-19-vacunacion-sin-turnos-a-menores-de-3-a-17-anos.jpg\" class=\"ff-og-image-inserted\"><\/div>\n<p>El Ministerio de Salud provincial intensifica la campa\u00f1a de vacunaci\u00f3n territorial contra el Covid-19 con la convocatoria sin turnos a los menores de 3 a 11 a\u00f1os para la inoculaci\u00f3n de la primera dosis de Sinopharm, al igual que a los adolescentes de entre 12 y 17 a\u00f1os, sin comorbilidades, para la colocaci\u00f3n de primera dosis de Pfizer.<\/p>\n<p>Tambi\u00e9n se sigue notificando para la inoculaci\u00f3n de la dosis adicional a las personas inmunocomprometidas mayores de 3 a\u00f1os y a mayores de 50 a\u00f1os, quienes ya cuenten con la segunda dosis.<\/p>\n<p>A trav\u00e9s del Operativo Identificar, a los efectos de brindar una mayor accesibilidad a la inoculaci\u00f3n para alcanzar la cobertura objetivo de inmunizaci\u00f3n se habilitaron puestos sanitarios barriales, escuelas y otros espacios de convocatoria popular para la vacunaci\u00f3n, se inform\u00f3 oficialmente.<\/p>\n<p>El operativo adem\u00e1s incorpora la aplicaci\u00f3n de las dosis que corresponden al calendario de vacunas obligatorias del calendario nacional.<\/p>\n<p>Hasta la fecha en la provincia se colocaron 5.405.732 vacunas, de las cuales 2.317.316 correspondieron a la segunda dosis que completa el esquema de inmunizaci\u00f3n, en tanto son 52.901 las personas que recibieron dosis adicionales.<\/p>\n<p>El informe detalla que el 84% de la poblaci\u00f3n cuenta con la primera dosis y el 64% con la segunda.<\/p>\n<p>Con respecto a los datos epidemiol\u00f3gicos en general, desde el inicio de la pandemia C\u00f3rdoba registra 519.965 casos positivos de coronavirus y 7.059 decesos por esa causa, mientras que son 452 las personas afectadas por la variante Delta.<\/p>\n<p>En cuanto a las camas cr\u00edticas destinadas al tratamiento de Covid-19, la ocupaci\u00f3n es del 0,9% con 31 personas internadas, entre ellos cinco pacientes que se encuentran con asistencia respiratoria mec\u00e1nica, el 16,1% del total.<\/p>\n","protected":false},"excerpt":{"rendered":"<p>El Ministerio de Salud provincial intensifica la campa\u00f1a de vacunaci\u00f3n territorial contra el Covid-19 con la convocatoria sin turnos a los menores de 3 a 11 a\u00f1os para la inoculaci\u00f3n de la primera dosis de Sinopharm, al igual que a los adolescentes de entre 12 y 17 a\u00f1os, sin comorbilidades, para la colocaci\u00f3n de primera [&hellip;]<\/p>\n","protected":false},"author":1,"featured_media":32361,"comment_status":"closed","ping_status":"closed","sticky":false,"template":"","format":"standard","meta":[],"categories":[19],"tags":[],"_links":{"self":[{"href":"http:\/\/hoycordobaweb.com\/index.php\/wp-json\/wp\/v2\/posts\/32360"}],"collection":[{"href":"http:\/\/hoycordobaweb.com\/index.php\/wp-json\/wp\/v2\/posts"}],"about":[{"href":"http:\/\/hoycordobaweb.com\/index.php\/wp-json\/wp\/v2\/types\/post"}],"author":[{"embeddable":true,"href":"http:\/\/hoycordobaweb.com\/index.php\/wp-json\/wp\/v2\/users\/1"}],"replies":[{"embeddable":true,"href":"http:\/\/hoycordobaweb.com\/index.php\/wp-json\/wp\/v2\/comments?post=32360"}],"version-history":[{"count":0,"href":"http:\/\/hoycordobaweb.com\/index.php\/wp-json\/wp\/v2\/posts\/32360\/revisions"}],"wp:featuredmedia":[{"embeddable":true,"href":"http:\/\/hoycordobaweb.com\/index.php\/wp-json\/wp\/v2\/media\/32361"}],"wp:attachment":[{"href":"http:\/\/hoycordobaweb.com\/index.php\/wp-json\/wp\/v2\/media?parent=32360"}],"wp:term":[{"taxonomy":"category","embeddable":true,"href":"http:\/\/hoycordobaweb.com\/index.php\/wp-json\/wp\/v2\/categories?post=32360"},{"taxonomy":"post_tag","embeddable":true,"href":"http:\/\/hoycordobaweb.com\/index.php\/wp-json\/wp\/v2\/tags?post=32360"}],"curies":[{"name":"wp","href":"https:\/\/api.w.org\/{rel}","templated":true}]}}