{"id":32350,"date":"2021-11-08T13:04:00","date_gmt":"2021-11-08T13:04:00","guid":{"rendered":"https:\/\/fm-comunicar.com.ar\/contenido\/18488\/la-granja-padre-e-hijo-contagiados-de-variante-delta"},"modified":"2021-11-08T13:04:00","modified_gmt":"2021-11-08T13:04:00","slug":"la-granja-padre-e-hijo-contagiados-de-variante-delta","status":"publish","type":"post","link":"http:\/\/hoycordobaweb.com\/index.php\/2021\/11\/08\/la-granja-padre-e-hijo-contagiados-de-variante-delta\/","title":{"rendered":"La Granja: padre e hijo contagiados de variante Delta"},"content":{"rendered":"<p>Ambos son asintom\u00e1ticos y est\u00e1n vacunados. El nexo epidemiol\u00f3gico proviene de C\u00f3rdoba. El director de Salud municipal asegur\u00f3 que no hay m\u00e1s casos sospechosos ni peligro de brote en la localidad.<img src=\"http:\/\/hoycordobaweb.com\/wp-content\/uploads\/2021\/11\/la-granja-padre-e-hijo-contagiados-de-variante-delta.jpg\"><\/p>\n","protected":false},"excerpt":{"rendered":"<p>Ambos son asintom\u00e1ticos y est\u00e1n vacunados. El nexo epidemiol\u00f3gico proviene de C\u00f3rdoba. El director de Salud municipal asegur\u00f3 que no hay m\u00e1s casos sospechosos ni peligro de brote en la localidad.<\/p>\n","protected":false},"author":1,"featured_media":32351,"comment_status":"closed","ping_status":"closed","sticky":false,"template":"","format":"standard","meta":[],"categories":[18],"tags":[],"_links":{"self":[{"href":"http:\/\/hoycordobaweb.com\/index.php\/wp-json\/wp\/v2\/posts\/32350"}],"collection":[{"href":"http:\/\/hoycordobaweb.com\/index.php\/wp-json\/wp\/v2\/posts"}],"about":[{"href":"http:\/\/hoycordobaweb.com\/index.php\/wp-json\/wp\/v2\/types\/post"}],"author":[{"embeddable":true,"href":"http:\/\/hoycordobaweb.com\/index.php\/wp-json\/wp\/v2\/users\/1"}],"replies":[{"embeddable":true,"href":"http:\/\/hoycordobaweb.com\/index.php\/wp-json\/wp\/v2\/comments?post=32350"}],"version-history":[{"count":0,"href":"http:\/\/hoycordobaweb.com\/index.php\/wp-json\/wp\/v2\/posts\/32350\/revisions"}],"wp:featuredmedia":[{"embeddable":true,"href":"http:\/\/hoycordobaweb.com\/index.php\/wp-json\/wp\/v2\/media\/32351"}],"wp:attachment":[{"href":"http:\/\/hoycordobaweb.com\/index.php\/wp-json\/wp\/v2\/media?parent=32350"}],"wp:term":[{"taxonomy":"category","embeddable":true,"href":"http:\/\/hoycordobaweb.com\/index.php\/wp-json\/wp\/v2\/categories?post=32350"},{"taxonomy":"post_tag","embeddable":true,"href":"http:\/\/hoycordobaweb.com\/index.php\/wp-json\/wp\/v2\/tags?post=32350"}],"curies":[{"name":"wp","href":"https:\/\/api.w.org\/{rel}","templated":true}]}}