{"id":32343,"date":"2021-11-08T15:05:39","date_gmt":"2021-11-08T15:05:39","guid":{"rendered":"https:\/\/fono.fcm.unc.edu.ar\/?p=7767"},"modified":"2021-11-08T15:05:39","modified_gmt":"2021-11-08T15:05:39","slug":"cifunyp-sesion-ordinaria","status":"publish","type":"post","link":"http:\/\/hoycordobaweb.com\/index.php\/2021\/11\/08\/cifunyp-sesion-ordinaria\/","title":{"rendered":"CIFUNyP: sesi\u00f3n ordinaria"},"content":{"rendered":"<h2 class=\"fusion-post-title\">CIFUNyP: sesi\u00f3n ordinaria<\/h2>\n<div class=\"post-content\" readability=\"41\">\n<p><img loading=\"lazy\" class=\"alignright wp-image-7768 size-fusion-400\" src=\"https:\/\/fono.fcm.unc.edu.ar\/wp-content\/uploads\/sites\/14\/2021\/11\/cifunyp-400x400.jpeg\" alt width=\"400\" height=\"400\" srcset=\"https:\/\/fono.fcm.unc.edu.ar\/wp-content\/uploads\/sites\/14\/2021\/11\/cifunyp-66x66.jpeg 66w, https:\/\/fono.fcm.unc.edu.ar\/wp-content\/uploads\/sites\/14\/2021\/11\/cifunyp-150x150.jpeg 150w, https:\/\/fono.fcm.unc.edu.ar\/wp-content\/uploads\/sites\/14\/2021\/11\/cifunyp-200x200.jpeg 200w, https:\/\/fono.fcm.unc.edu.ar\/wp-content\/uploads\/sites\/14\/2021\/11\/cifunyp-300x300.jpeg 300w, https:\/\/fono.fcm.unc.edu.ar\/wp-content\/uploads\/sites\/14\/2021\/11\/cifunyp-400x400.jpeg 400w, https:\/\/fono.fcm.unc.edu.ar\/wp-content\/uploads\/sites\/14\/2021\/11\/cifunyp-600x600.jpeg 600w, https:\/\/fono.fcm.unc.edu.ar\/wp-content\/uploads\/sites\/14\/2021\/11\/cifunyp-768x768.jpeg 768w, https:\/\/fono.fcm.unc.edu.ar\/wp-content\/uploads\/sites\/14\/2021\/11\/cifunyp-800x800.jpeg 800w, https:\/\/fono.fcm.unc.edu.ar\/wp-content\/uploads\/sites\/14\/2021\/11\/cifunyp-1024x1024.jpeg 1024w, https:\/\/fono.fcm.unc.edu.ar\/wp-content\/uploads\/sites\/14\/2021\/11\/cifunyp.jpeg 1080w\" sizes=\"(max-width: 400px) 100vw, 400px\">Durante la ma\u00f1ana de hoy, las autoridades de la Escuela de Fonoaudiolog\u00eda, la Directora Dra. Silvana Serra y&nbsp; la Vicedirectora Prof. Lic. M\u00f3nica Brizuela, participaron de la sesi\u00f3n ordinaria en la Comisi\u00f3n Directiva de CIFUNyP ( Consejo Interuniversitario de Fonoaudiolog\u00eda de Universidades Nacionales de Gesti\u00f3n P\u00fablica y Privada).<\/p>\n<p>Cerrando otro a\u00f1o de intenso y productivo trabajo para las carreras de Fonoaudiolog\u00eda de las universidades que integran la Comisi\u00f3n.<\/p>\n<\/p><\/div>\n","protected":false},"excerpt":{"rendered":"<p>CIFUNyP: sesi\u00f3n ordinaria Durante la ma\u00f1ana de hoy, las autoridades de la Escuela de Fonoaudiolog\u00eda, la Directora Dra. Silvana Serra y&nbsp; la Vicedirectora Prof. Lic. M\u00f3nica Brizuela, participaron de la sesi\u00f3n ordinaria en la Comisi\u00f3n Directiva de CIFUNyP ( Consejo Interuniversitario de Fonoaudiolog\u00eda de Universidades Nacionales de Gesti\u00f3n P\u00fablica y Privada). Cerrando otro a\u00f1o de [&hellip;]<\/p>\n","protected":false},"author":1,"featured_media":0,"comment_status":"closed","ping_status":"closed","sticky":false,"template":"","format":"standard","meta":[],"categories":[1],"tags":[],"_links":{"self":[{"href":"http:\/\/hoycordobaweb.com\/index.php\/wp-json\/wp\/v2\/posts\/32343"}],"collection":[{"href":"http:\/\/hoycordobaweb.com\/index.php\/wp-json\/wp\/v2\/posts"}],"about":[{"href":"http:\/\/hoycordobaweb.com\/index.php\/wp-json\/wp\/v2\/types\/post"}],"author":[{"embeddable":true,"href":"http:\/\/hoycordobaweb.com\/index.php\/wp-json\/wp\/v2\/users\/1"}],"replies":[{"embeddable":true,"href":"http:\/\/hoycordobaweb.com\/index.php\/wp-json\/wp\/v2\/comments?post=32343"}],"version-history":[{"count":0,"href":"http:\/\/hoycordobaweb.com\/index.php\/wp-json\/wp\/v2\/posts\/32343\/revisions"}],"wp:attachment":[{"href":"http:\/\/hoycordobaweb.com\/index.php\/wp-json\/wp\/v2\/media?parent=32343"}],"wp:term":[{"taxonomy":"category","embeddable":true,"href":"http:\/\/hoycordobaweb.com\/index.php\/wp-json\/wp\/v2\/categories?post=32343"},{"taxonomy":"post_tag","embeddable":true,"href":"http:\/\/hoycordobaweb.com\/index.php\/wp-json\/wp\/v2\/tags?post=32343"}],"curies":[{"name":"wp","href":"https:\/\/api.w.org\/{rel}","templated":true}]}}