{"id":32298,"date":"2021-11-08T10:15:39","date_gmt":"2021-11-08T10:15:39","guid":{"rendered":"https:\/\/www.espinof.com\/entrevistas\/queriamos-hacer-homenaje-a-figura-chicho-sacarlo-como-personaje-ficcion-paco-plaza-historias-para-no-dormir"},"modified":"2021-11-08T10:15:39","modified_gmt":"2021-11-08T10:15:39","slug":"queriamos-hacer-un-homenaje-a-la-figura-de-chicho-y-sacarlo-como-personaje-de-ficcion-paco-plaza-historias-para-no-dormir","status":"publish","type":"post","link":"http:\/\/hoycordobaweb.com\/index.php\/2021\/11\/08\/queriamos-hacer-un-homenaje-a-la-figura-de-chicho-y-sacarlo-como-personaje-de-ficcion-paco-plaza-historias-para-no-dormir\/","title":{"rendered":"\u00abQuer\u00edamos hacer un homenaje a la figura de Chicho y sacarlo como personaje de ficci\u00f3n'\u00bb. Paco Plaza (&#8216;Historias para no dormir&#8217;)"},"content":{"rendered":"<p>Acaban de aterrizar en Amazon las cuatro nuevas &#8216;<a href=\"https:\/\/www.espinof.com\/criticas\/historias-para-no-dormir-amazon-presenta-competente-ejercicio-reformulacion-clasicos-narciso-ibanez-serrador\">Historias para no dormir<\/a>&#8216; basadas en los episodios cl\u00e1sicos. Con motivo de su estreno hemos podido <strong>charlar con tres de sus cuatro directores<\/strong>.<\/p>\n<p><!-- BREAK 1 --><\/p>\n<h2>Entrevistas para no dormir<\/h2>\n<p><em>Por razones ajenas a Espinof el v\u00eddeo de la entrevista de Paco Plaza no es todo lo bueno que deber\u00eda ser. El audio en las entrevistas de Cort\u00e9s y Ortiz tampoco es el que deber\u00eda<\/em>.<\/p>\n<p><!-- BREAK 2 --> <\/p>\n<h3>Entrevista Paco Plaza<\/h3>\n<p>Hablamos con el director de la cachonda &#8216;Freddy&#8217;, la m\u00e1s retorcida y original de las <strong>cuatro nuevas propuestas<\/strong> para Amazon.<\/p>\n<p><!-- BREAK 3 --><\/p>\n<div class=\"article-asset article-asset-normal article-asset-center\">\n<div class=\"desvio-container\">\n<div class=\"desvio\">\n<div class=\"desvio-figure js-desvio-figure\"> <a href=\"https:\/\/www.espinof.com\/listas\/historias-para-no-dormir-11-mejores-episodios-para-iniciarse-inquietante-mundo-narciso-ibanez-serrador\"> <img alt=\"'Historias para no dormir': los 11 mejores episodios para iniciarse en el inquietante mundo de Narciso Ib\u00e1\u00f1ez Serrador\" src=\"http:\/\/hoycordobaweb.com\/wp-content\/uploads\/2021\/11\/queriamos-hacer-un-homenaje-a-la-figura-de-chicho-y-sacarlo-como-personaje-de-ficcion-paco-plaza-historias-para-no-dormir.jpg\"> <\/a> <\/div><\/div><\/div>\n<\/div>\n<h3><\/h3>\n<h3>Entrevista Paula Ort\u00edz \/ Rodrigo Cort\u00e9s<\/h3>\n<p>Turno para <strong>los directores de &#8216;El asfalto&#8217; y &#8216;La broma&#8217;<\/strong>, que adem\u00e1s colaboran juntos en la primera.<\/p>\n<p><!-- BREAK 4 --> <\/p>\n","protected":false},"excerpt":{"rendered":"<p>Acaban de aterrizar en Amazon las cuatro nuevas &#8216;Historias para no dormir&#8216; basadas en los episodios cl\u00e1sicos. Con motivo de su estreno hemos podido charlar con tres de sus cuatro directores. Entrevistas para no dormir Por razones ajenas a Espinof el v\u00eddeo de la entrevista de Paco Plaza no es todo lo bueno que deber\u00eda [&hellip;]<\/p>\n","protected":false},"author":1,"featured_media":32299,"comment_status":"open","ping_status":"closed","sticky":false,"template":"","format":"standard","meta":[],"categories":[1],"tags":[],"_links":{"self":[{"href":"http:\/\/hoycordobaweb.com\/index.php\/wp-json\/wp\/v2\/posts\/32298"}],"collection":[{"href":"http:\/\/hoycordobaweb.com\/index.php\/wp-json\/wp\/v2\/posts"}],"about":[{"href":"http:\/\/hoycordobaweb.com\/index.php\/wp-json\/wp\/v2\/types\/post"}],"author":[{"embeddable":true,"href":"http:\/\/hoycordobaweb.com\/index.php\/wp-json\/wp\/v2\/users\/1"}],"replies":[{"embeddable":true,"href":"http:\/\/hoycordobaweb.com\/index.php\/wp-json\/wp\/v2\/comments?post=32298"}],"version-history":[{"count":0,"href":"http:\/\/hoycordobaweb.com\/index.php\/wp-json\/wp\/v2\/posts\/32298\/revisions"}],"wp:featuredmedia":[{"embeddable":true,"href":"http:\/\/hoycordobaweb.com\/index.php\/wp-json\/wp\/v2\/media\/32299"}],"wp:attachment":[{"href":"http:\/\/hoycordobaweb.com\/index.php\/wp-json\/wp\/v2\/media?parent=32298"}],"wp:term":[{"taxonomy":"category","embeddable":true,"href":"http:\/\/hoycordobaweb.com\/index.php\/wp-json\/wp\/v2\/categories?post=32298"},{"taxonomy":"post_tag","embeddable":true,"href":"http:\/\/hoycordobaweb.com\/index.php\/wp-json\/wp\/v2\/tags?post=32298"}],"curies":[{"name":"wp","href":"https:\/\/api.w.org\/{rel}","templated":true}]}}