{"id":32204,"date":"2021-11-05T11:11:00","date_gmt":"2021-11-05T11:11:00","guid":{"rendered":"https:\/\/fm-comunicar.com.ar\/contenido\/18465\/se-realizara-el-caroya-fest-en-la-plaza-del-veneto"},"modified":"2021-11-05T11:11:00","modified_gmt":"2021-11-05T11:11:00","slug":"la-plaza-del-veneto-sera-escenario-del-primer-caroya-fest","status":"publish","type":"post","link":"http:\/\/hoycordobaweb.com\/index.php\/2021\/11\/05\/la-plaza-del-veneto-sera-escenario-del-primer-caroya-fest\/","title":{"rendered":"La Plaza del V\u00e9neto ser\u00e1 escenario del primer \u00abCaroya Fest\u00bb"},"content":{"rendered":"<p>El evento musical destinado a toda la familia, ser\u00e1 este domingo, con entrada libre y gratuita. Actuar\u00e1n Los Vizcacheros, Palo Vorracho, Trap Jos\u00e9 y Valent\u00edn y la DJ An Fontana.<img src=\"http:\/\/hoycordobaweb.com\/wp-content\/uploads\/2021\/11\/la-plaza-del-veneto-sera-escenario-del-primer-caroya-fest.jpg\"><\/p>\n","protected":false},"excerpt":{"rendered":"<p>El evento musical destinado a toda la familia, ser\u00e1 este domingo, con entrada libre y gratuita. Actuar\u00e1n Los Vizcacheros, Palo Vorracho, Trap Jos\u00e9 y Valent\u00edn y la DJ An Fontana.<\/p>\n","protected":false},"author":1,"featured_media":32205,"comment_status":"closed","ping_status":"closed","sticky":false,"template":"","format":"standard","meta":[],"categories":[18],"tags":[],"_links":{"self":[{"href":"http:\/\/hoycordobaweb.com\/index.php\/wp-json\/wp\/v2\/posts\/32204"}],"collection":[{"href":"http:\/\/hoycordobaweb.com\/index.php\/wp-json\/wp\/v2\/posts"}],"about":[{"href":"http:\/\/hoycordobaweb.com\/index.php\/wp-json\/wp\/v2\/types\/post"}],"author":[{"embeddable":true,"href":"http:\/\/hoycordobaweb.com\/index.php\/wp-json\/wp\/v2\/users\/1"}],"replies":[{"embeddable":true,"href":"http:\/\/hoycordobaweb.com\/index.php\/wp-json\/wp\/v2\/comments?post=32204"}],"version-history":[{"count":0,"href":"http:\/\/hoycordobaweb.com\/index.php\/wp-json\/wp\/v2\/posts\/32204\/revisions"}],"wp:featuredmedia":[{"embeddable":true,"href":"http:\/\/hoycordobaweb.com\/index.php\/wp-json\/wp\/v2\/media\/32205"}],"wp:attachment":[{"href":"http:\/\/hoycordobaweb.com\/index.php\/wp-json\/wp\/v2\/media?parent=32204"}],"wp:term":[{"taxonomy":"category","embeddable":true,"href":"http:\/\/hoycordobaweb.com\/index.php\/wp-json\/wp\/v2\/categories?post=32204"},{"taxonomy":"post_tag","embeddable":true,"href":"http:\/\/hoycordobaweb.com\/index.php\/wp-json\/wp\/v2\/tags?post=32204"}],"curies":[{"name":"wp","href":"https:\/\/api.w.org\/{rel}","templated":true}]}}