{"id":32109,"date":"2021-11-04T10:16:39","date_gmt":"2021-11-04T10:16:39","guid":{"rendered":"http:\/\/hoycordobaweb.com\/index.php\/2021\/11\/04\/medicos-argentinos-viajaran-a-barcelona-a-revisar-a-sergio-aguero-mediotiempo\/"},"modified":"2021-11-04T10:16:39","modified_gmt":"2021-11-04T10:16:39","slug":"medicos-argentinos-viajaran-a-barcelona-a-revisar-a-sergio-aguero-mediotiempo","status":"publish","type":"post","link":"http:\/\/hoycordobaweb.com\/index.php\/2021\/11\/04\/medicos-argentinos-viajaran-a-barcelona-a-revisar-a-sergio-aguero-mediotiempo\/","title":{"rendered":"M\u00e9dicos <b>argentinos<\/b> viajar\u00e1n a Barcelona a revisar a Sergio Ag\u00fcero &#8211; Mediotiempo"},"content":{"rendered":"<p>Dos m\u00e9dicos de la Asociaci\u00f3n del <b>Futbol Argentino<\/b> (AFA) viajaron este mi\u00e9rcoles a Barcelona para ponerse a disposici\u00f3n de Sergio &#39;Kun&#39; Ag\u00fcero y&nbsp;&#8230; <\/p>\n","protected":false},"excerpt":{"rendered":"<p>Dos m\u00e9dicos de la Asociaci\u00f3n del Futbol Argentino (AFA) viajaron este mi\u00e9rcoles a Barcelona para ponerse a disposici\u00f3n de Sergio &#39;Kun&#39; Ag\u00fcero y&nbsp;&#8230;<\/p>\n","protected":false},"author":1,"featured_media":0,"comment_status":"closed","ping_status":"closed","sticky":false,"template":"","format":"standard","meta":[],"categories":[22],"tags":[],"_links":{"self":[{"href":"http:\/\/hoycordobaweb.com\/index.php\/wp-json\/wp\/v2\/posts\/32109"}],"collection":[{"href":"http:\/\/hoycordobaweb.com\/index.php\/wp-json\/wp\/v2\/posts"}],"about":[{"href":"http:\/\/hoycordobaweb.com\/index.php\/wp-json\/wp\/v2\/types\/post"}],"author":[{"embeddable":true,"href":"http:\/\/hoycordobaweb.com\/index.php\/wp-json\/wp\/v2\/users\/1"}],"replies":[{"embeddable":true,"href":"http:\/\/hoycordobaweb.com\/index.php\/wp-json\/wp\/v2\/comments?post=32109"}],"version-history":[{"count":0,"href":"http:\/\/hoycordobaweb.com\/index.php\/wp-json\/wp\/v2\/posts\/32109\/revisions"}],"wp:attachment":[{"href":"http:\/\/hoycordobaweb.com\/index.php\/wp-json\/wp\/v2\/media?parent=32109"}],"wp:term":[{"taxonomy":"category","embeddable":true,"href":"http:\/\/hoycordobaweb.com\/index.php\/wp-json\/wp\/v2\/categories?post=32109"},{"taxonomy":"post_tag","embeddable":true,"href":"http:\/\/hoycordobaweb.com\/index.php\/wp-json\/wp\/v2\/tags?post=32109"}],"curies":[{"name":"wp","href":"https:\/\/api.w.org\/{rel}","templated":true}]}}