{"id":31919,"date":"2021-10-29T15:36:36","date_gmt":"2021-10-29T15:36:36","guid":{"rendered":"http:\/\/ladecimaweb.com\/?p=11792"},"modified":"2021-10-29T15:36:36","modified_gmt":"2021-10-29T15:36:36","slug":"detuvieron-al-ex-intendente-kammerath-tras-un-fallo-de-la-corte-suprema","status":"publish","type":"post","link":"http:\/\/hoycordobaweb.com\/index.php\/2021\/10\/29\/detuvieron-al-ex-intendente-kammerath-tras-un-fallo-de-la-corte-suprema\/","title":{"rendered":"Detuvieron al ex intendente Kammerath tras un fallo de la Corte Suprema"},"content":{"rendered":"<p>El ex intendente de la ciudad de C\u00f3rdoba, <a href=\"https:\/\/www.cadena3.com\/pagina\/tag\/?q=Germ%C3%A1n%20Kammerath\" target=\"_blank\" rel=\"noopener noreferrer\">Germ\u00e1n Kammerath<\/a>, fue detenido anoche por resoluci\u00f3n de la Corte Suprema de Justicia de la Naci\u00f3n, en el marco de la causa &#8220;<a href=\"https:\/\/www.cadena3.com\/pagina\/tag\/?q=Radioaviso\" target=\"_blank\" rel=\"noopener noreferrer\">Radioaviso<\/a>&#8220;.<\/p>\n<div id=\"aniBox\">\n<div id=\"aniplayer_AV606cb21703cdc50ea2569f06-1635521489423\">\n<div id=\"aniplayer_AV606cb21703cdc50ea2569f06-1635521489423gui\">\n<div id=\"av-caption\">\n<div id=\"av-close-btn-overlay\" class=\"av-pos-top-left\">\n<p id=\"av-close-btn\">Kammerath <b>\u00a0recibi\u00f3 la pena de tres a\u00f1os y seis meses de prisi\u00f3n por negociaciones incompatibles con la funci\u00f3n p\u00fablica<\/b>. La orden fue expedida por la camarista In\u00e9s Lucero.<\/p>\n<p>Desde el punto de vista jur\u00eddico, no hab\u00eda m\u00e1s instancias para evitar la detenci\u00f3n. A partir de ahora, el ex jefe comunal puede presentar un recurso en la Corte Interamericana, pero a\u00fan as\u00ed la Corte Suprema dej\u00f3 firme la resoluci\u00f3n. Asimismo, puede solicitar la prisi\u00f3n domiciliaria.<\/p>\n<\/div>\n<\/div>\n<\/div>\n<\/div>\n<\/div>\n<p>La causa &#8220;Radioaviso&#8221; se inici\u00f3 en 2015 por denuncia de <a href=\"https:\/\/www.cadena3.com\/pagina\/tag\/?q=Luis%20Juez\" target=\"_blank\" rel=\"noopener noreferrer\">Luis Juez<\/a>, actual diputado y candidato a senador.<\/p>\n<p>Se trata de la causa que, seg\u00fan la investigaci\u00f3n, dio por probado que el ex intendente hab\u00eda contratado a la empresa Radioaviso de forma directa para el seguimiento satelital de m\u00f3viles oficiales. El due\u00f1o de la empresa era su ex cu\u00f1ado, quien ya falleci\u00f3.<\/p>\n<div class=\"ubm_banner\"><a href=\"https:\/\/youtu.be\/YAnjWjTh-xE\" target=\"_blank\" rel=\"dofollow noopener noreferrer\"><img src=\"http:\/\/hoycordobaweb.com\/wp-content\/uploads\/2021\/10\/detuvieron-al-ex-intendente-kammerath-tras-un-fallo-de-la-corte-suprema.gif\" alt=\"\"><\/a><\/div>\n<p>La entrada <a rel=\"nofollow\" href=\"https:\/\/ladecimaweb.com\/11792-2\/\">Detuvieron al ex intendente Kammerath tras un fallo de la Corte Suprema<\/a> se public\u00f3 primero en <a rel=\"nofollow\" href=\"https:\/\/ladecimaweb.com\">LaDecima<\/a>.<\/p>\n","protected":false},"excerpt":{"rendered":"<p>El ex intendente de la ciudad de C\u00f3rdoba, Germ\u00e1n Kammerath, fue detenido anoche por resoluci\u00f3n de la Corte Suprema de Justicia de la Naci\u00f3n, en el marco de la causa &#8220;Radioaviso&#8220;. Kammerath \u00a0recibi\u00f3 la pena de tres a\u00f1os y seis meses de prisi\u00f3n por negociaciones incompatibles con la funci\u00f3n p\u00fablica. La orden fue expedida por [&hellip;]<\/p>\n","protected":false},"author":1,"featured_media":31920,"comment_status":"closed","ping_status":"closed","sticky":false,"template":"","format":"standard","meta":[],"categories":[19],"tags":[],"_links":{"self":[{"href":"http:\/\/hoycordobaweb.com\/index.php\/wp-json\/wp\/v2\/posts\/31919"}],"collection":[{"href":"http:\/\/hoycordobaweb.com\/index.php\/wp-json\/wp\/v2\/posts"}],"about":[{"href":"http:\/\/hoycordobaweb.com\/index.php\/wp-json\/wp\/v2\/types\/post"}],"author":[{"embeddable":true,"href":"http:\/\/hoycordobaweb.com\/index.php\/wp-json\/wp\/v2\/users\/1"}],"replies":[{"embeddable":true,"href":"http:\/\/hoycordobaweb.com\/index.php\/wp-json\/wp\/v2\/comments?post=31919"}],"version-history":[{"count":0,"href":"http:\/\/hoycordobaweb.com\/index.php\/wp-json\/wp\/v2\/posts\/31919\/revisions"}],"wp:featuredmedia":[{"embeddable":true,"href":"http:\/\/hoycordobaweb.com\/index.php\/wp-json\/wp\/v2\/media\/31920"}],"wp:attachment":[{"href":"http:\/\/hoycordobaweb.com\/index.php\/wp-json\/wp\/v2\/media?parent=31919"}],"wp:term":[{"taxonomy":"category","embeddable":true,"href":"http:\/\/hoycordobaweb.com\/index.php\/wp-json\/wp\/v2\/categories?post=31919"},{"taxonomy":"post_tag","embeddable":true,"href":"http:\/\/hoycordobaweb.com\/index.php\/wp-json\/wp\/v2\/tags?post=31919"}],"curies":[{"name":"wp","href":"https:\/\/api.w.org\/{rel}","templated":true}]}}