{"id":31904,"date":"2021-10-31T09:00:27","date_gmt":"2021-10-31T09:00:27","guid":{"rendered":"https:\/\/www.espinof.com\/entrevistas\/necesarios-pan-agua-no-cine-oscar-aibar-sustituto"},"modified":"2021-10-31T09:00:27","modified_gmt":"2021-10-31T09:00:27","slug":"son-necesarios-el-pan-o-el-agua-pero-no-el-cine-oscar-aibar-el-sustituto","status":"publish","type":"post","link":"http:\/\/hoycordobaweb.com\/index.php\/2021\/10\/31\/son-necesarios-el-pan-o-el-agua-pero-no-el-cine-oscar-aibar-el-sustituto\/","title":{"rendered":"\u00abSon necesarios el pan o el agua, pero no el cine\u00bb. \u00d3scar Aibar (&#8216;El sustituto&#8217;)"},"content":{"rendered":"<p>Este fin de semana llega a nuestros cines la \u00faltima pel\u00edcula de \u00d3scar Aibar, el thriller &#8216;<a href=\"https:\/\/www.espinof.com\/criticas\/sustituto-oscar-aibar-destapa-historia-oculta-nazis-espana-vibrante-thriller-pulp\">El sustituto<\/a>&#8216;, un trepidante relato policiaco basado en <strong>la incre\u00edble historia de los criminales nazis afincados en la Costa Blanca<\/strong> a principios de los a\u00f1os 80. Director de culto por antonomasia, charlamos con el director a las puertas del estreno.<\/p>\n<p><!-- BREAK 1 --><\/p>\n<h2>Cineasta de obsesiones<\/h2>\n<p><strong>Kiko Vega (KV): Media docena de pelis y 30 a\u00f1os de carrera. \u00bfEs m\u00e1s dif\u00edcil tener una idea que te guste o es m\u00e1s dif\u00edcil venderla?<\/strong><\/p>\n<p><!-- BREAK 2 --> <\/p>\n<p>\u00d3scar Aibar (OA): Bueno, en realidad son siete. Cuento tambi\u00e9n un telefilm que hice para Canal+ que no se estren\u00f3 en cines y se titulaba &#8216;<a href=\"https:\/\/www.espinof.com\/actores-y-actrices\/oscar-aibar-rueda-la-tv-movie-arumoresa-con-ana-risueno-y-xavi-mira\">Rumores<\/a>&#8216;. Es curioso porque todav\u00eda ahora me escriben de universidades para ponerlo y tiene muchos fans a nivel totalmente underground. Es una adaptaci\u00f3n de un cuento de mi primer libro de relatos. Va de un t\u00edo que monta una empresa para difundir rumores. Es como <strong>una especie de pol\u00edtica ficci\u00f3n<\/strong> que a m\u00ed me gusta mucho y que me gustar\u00eda que la gente la pudiera disfrutar.<\/p>\n<p><!-- BREAK 3 --><\/p>\n<p><strong>Mis pel\u00edculas siempre son historias que me persiguen<\/strong> que he contado en cenas durante toda la vida. Son historias con las que he sido muy pesado. Y gracias a ser tan pesado con ellas, cuando toca venderla a un productor, la tengo tan interiorizada que creo que contagio mi pasi\u00f3n f\u00e1cilmente. Y he tenido la suerte de poder hacer todas las que quiero. Solo hay una de esas historias que se me resiste y que me encantar\u00eda hacer antes de morir.<\/p>\n<p><!-- BREAK 4 --><\/p>\n<div class=\"article-asset article-asset-normal article-asset-center\">\n<div class=\"desvio-container\">\n<div class=\"desvio\">\n<div class=\"desvio-figure js-desvio-figure\"> <a href=\"https:\/\/www.espinof.com\/listas\/nazis-odio-e-insectos-gigantes-41-mejores-peliculas-para-comprender-fascismo\"> <img alt=\"Nazis, odio e insectos gigantes: las 41 mejores pel\u00edculas para comprender el fascismo\" src=\"http:\/\/hoycordobaweb.com\/wp-content\/uploads\/2021\/10\/son-necesarios-el-pan-o-el-agua-pero-no-el-cine-oscar-aibar-el-sustituto.jpg\"> <\/a> <\/div><\/div><\/div>\n<\/div>\n<p><em><strong>Aqu\u00ed Aibar, a quien conozco personalmente desde hace a\u00f1os, me hace una confesi\u00f3n que me guardo y que espero poder anunciar m\u00e1s pronto que tarde, porque amigos, menuda historia.<\/strong><\/em><\/p>\n<p><!-- BREAK 5 --><\/p>\n<p><strong>KV: \u00bfY c\u00f3mo te sientes ahora que has sacado una nueva obsesi\u00f3n de tu cabeza?<\/strong><\/p>\n<p>OA: Que la pel\u00edcula se llegue a estrenar, poder sac\u00e1rmela de encima despu\u00e9s de tantos a\u00f1os con ella en la cabeza, es un milagro. Ahora mismo <strong>es muy dif\u00edcil sacar adelante una pel\u00edcula<\/strong>, pero con las plataformas estrenando constantemente la presi\u00f3n asfixiante de la taquilla que ten\u00edas antes ha cambiado un poco. Est\u00e1 bien que la gente sepa que existe y que la vean ahora o cuando est\u00e9 en la plataforma.<\/p>\n<p><!-- BREAK 6 --><\/p>\n<p><strong>KV: \u00bfCu\u00e1ndo tuviste la idea para El sustituto?<\/strong><\/p>\n<p>OA: Hace algo m\u00e1s de diez a\u00f1os. Estaba comiendo en un restaurante de la playa de Denia con Pere Ponce, y me me fij\u00e9 en la cl\u00e1sica pared llena de fotos con famosos tipo Ar\u00e9valo. Mirando esa pared me llam\u00f3 la atenci\u00f3n una foto de unos tipos vestidos con uniformes de la Segunda Guerra Mundial. En color, moderna. Gente con patillas y tal. Entonces pregunto si era de un rodaje o qu\u00e9 hostias y el tipo del restaurante me responde que no, que son <strong>las celebraciones de los nazis de Denia<\/strong>. A partir de ese momento se me enciende la bombilla y empiezo a investigar. As\u00ed llego al eje m\u00e1s importante de la ruta Odessa, los bungalows de Denia. Una red s\u00faper organizada, con helipuerto, donde algunos de estos tipos esperaban ser enviados a otra parte. Lo que mucha gente no sabe y lo que cuento en la pel\u00edcula es que muchos no se fueron y estuvieron aqu\u00ed durante a\u00f1os, amparados por el franquismo.<\/p>\n<p><!-- BREAK 7 --><\/p>\n<div class=\"article-asset-image article-asset-normal article-asset-center\">\n<div class=\"asset-content\">\n<div class=\"base-wrapper-image\"> <img class=\"sf-lazy centro_sinmarco\" data-sf-srcset=\"http:\/\/hoycordobaweb.com\/wp-content\/uploads\/2021\/10\/son-necesarios-el-pan-o-el-agua-pero-no-el-cine-oscar-aibar-el-sustituto-1.jpg 450w, http:\/\/hoycordobaweb.com\/wp-content\/uploads\/2021\/10\/son-necesarios-el-pan-o-el-agua-pero-no-el-cine-oscar-aibar-el-sustituto-5.jpg 681w,http:\/\/hoycordobaweb.com\/wp-content\/uploads\/2021\/10\/son-necesarios-el-pan-o-el-agua-pero-no-el-cine-oscar-aibar-el-sustituto-6.jpg 1024w, http:\/\/hoycordobaweb.com\/wp-content\/uploads\/2021\/10\/son-necesarios-el-pan-o-el-agua-pero-no-el-cine-oscar-aibar-el-sustituto-7.jpg 1366w,\" data-sf-src=\"http:\/\/hoycordobaweb.com\/wp-content\/uploads\/2021\/10\/son-necesarios-el-pan-o-el-agua-pero-no-el-cine-oscar-aibar-el-sustituto-1.jpg\" alt=\"el sustituto\"> <noscript><img alt=\"el sustituto\" class=\"centro_sinmarco\" src=\"http:\/\/hoycordobaweb.com\/wp-content\/uploads\/2021\/10\/son-necesarios-el-pan-o-el-agua-pero-no-el-cine-oscar-aibar-el-sustituto-1.jpg\"><\/noscript> <\/div><\/div>\n<\/div>\n<p><strong>KV: \u00bfTuviste que dejar alg\u00fan dato o detalle fuera por escabroso o peligroso? \u00bfPor ser un marr\u00f3n?<\/strong><\/p>\n<p><!-- BREAK 8 --><\/p>\n<p>OA: Millones, millones. Durante el rodaje me sigui\u00f3 un detective y gente que llevaba toda la vida investigando sobre el tema. Tengo toneladas de informaci\u00f3n, pruebas fotogr\u00e1ficas que demostraban que entre esos nazis hab\u00eda <strong>criminales de guerra dados por muertos<\/strong>. De eso tengo para hacer ocho pel\u00edculas. Yo creo que no he dejado nada, he sido valiente. No oculto nada al espectador, si acaso alg\u00fan cambio de nombre para prevenir problemas legales.<\/p>\n<p><!-- BREAK 9 --><\/p>\n<p><strong>KV: Bryan Singer encontr\u00f3 &#8216;Verano de corrupci\u00f3n&#8217; en un relato de Stephen King, pero lo tuyo estaba al alcance de los ojos de cualquiera, sin esconderse. Era real. \u00bfPor qu\u00e9 crees que esas cosas est\u00e1n ah\u00ed al alcance de todos pero no se ven?<\/strong><\/p>\n<p><!-- BREAK 10 --><\/p>\n<p>OA: Bueno, en el caso de Espa\u00f1a lo tengo clar\u00edsimo. En la peli cuento el cumplea\u00f1os de Hitler, una fiesta primaveral que se hac\u00eda todos los a\u00f1os y que el actual alcalde de Denia me cont\u00f3 con todo lujo de detalles. Me lo cont\u00f3 al detalle porque \u00e9l era el clarinetista de la banda que tocaba en esas fiestas. Se celebr\u00f3 hasta 1982, y muchos vecinos de Denia recuerdan esv\u00e1sticas en los balcones de mucha primera l\u00ednea de playa hasta mediados de los ochenta. <strong>En Espa\u00f1a no se ha frenado la apolog\u00eda del franquismo<\/strong>, no ha seguido el camino de Alemania. Despu\u00e9s de la guerra hubo una reflexi\u00f3n nacional y se persigui\u00f3 ese pasado. Aqu\u00ed la transici\u00f3n maquill\u00f3 muchas cosas, pero no hubo juicios ni se pidieron responsabilidades. Esas cosas siguen pasando.<\/p>\n<p><!-- BREAK 11 --><\/p>\n<div class=\"article-asset-image article-asset-normal article-asset-center\">\n<div class=\"asset-content\">\n<div class=\"base-wrapper-image\"> <img class=\"sf-lazy centro_sinmarco\" data-sf-srcset=\"http:\/\/hoycordobaweb.com\/wp-content\/uploads\/2021\/10\/son-necesarios-el-pan-o-el-agua-pero-no-el-cine-oscar-aibar-el-sustituto-2.jpg 450w, http:\/\/hoycordobaweb.com\/wp-content\/uploads\/2021\/10\/son-necesarios-el-pan-o-el-agua-pero-no-el-cine-oscar-aibar-el-sustituto-8.jpg 681w,http:\/\/hoycordobaweb.com\/wp-content\/uploads\/2021\/10\/son-necesarios-el-pan-o-el-agua-pero-no-el-cine-oscar-aibar-el-sustituto-9.jpg 1024w, http:\/\/hoycordobaweb.com\/wp-content\/uploads\/2021\/10\/son-necesarios-el-pan-o-el-agua-pero-no-el-cine-oscar-aibar-el-sustituto-10.jpg 1366w,\" data-sf-src=\"http:\/\/hoycordobaweb.com\/wp-content\/uploads\/2021\/10\/son-necesarios-el-pan-o-el-agua-pero-no-el-cine-oscar-aibar-el-sustituto-2.jpg\" alt=\"el sustituto oscar aibar\"> <noscript><img alt=\"el sustituto oscar aibar\" class=\"centro_sinmarco\" src=\"http:\/\/hoycordobaweb.com\/wp-content\/uploads\/2021\/10\/son-necesarios-el-pan-o-el-agua-pero-no-el-cine-oscar-aibar-el-sustituto-2.jpg\"><\/noscript> <\/div><\/div>\n<\/div>\n<p><strong>KV: Cu\u00e9ntame c\u00f3mo fue el proceso de documentaci\u00f3n.<\/strong><\/p>\n<p>OA: Pues una inmersi\u00f3n salvaje de todo lo que hab\u00eda escrito, entrevistas con much\u00edsima gente de Denia, hemos tirado del hilo hasta llegar a saber qui\u00e9n era qui\u00e9n, qu\u00e9 cr\u00edmenes cometi\u00f3 durante la Segunda Guerra Mundial o d\u00f3nde est\u00e1 enterrado. Eso por parte de los alemanes. Luego decido ambientarla en los primeros 80, pero hasta que no leo una historia en la que un veterano del Mosad cuenta que particip\u00f3 en un par de operaciones frustradas en el levante espa\u00f1ol no empiezo con la escritura de la pel\u00edcula. <strong>1982 es un reflejo de toda la gente que esperaba un cambio<\/strong> despu\u00e9s de la dictadura, un reflejo de esos sue\u00f1os rotos.<\/p>\n<p><!-- BREAK 12 --><\/p>\n<p><strong>KV: \u00bfTe preocupa que a\u00fan quede algo de eso ahora que llegas con la pel\u00edcula?<\/strong><\/p>\n<p>OA: <strong>No pod\u00eda hacer &#8216;El sustituto&#8217; sin compararla con la actualidad<\/strong>. Sigue habiendo un auge de la extrema derecha en Europa. La peli se cierra con una cita de Oliver Guez, un autor que me gusta mucho. Escribi\u00f3 &#8216;La desaparici\u00f3n de Josef Mengele&#8217;, donde habla estupendamente de c\u00f3mo cada dos generaciones hay una tercera que olvida lo que pas\u00f3 en las anteriores para rescatar al monstruo. Por eso creo que era necesario hacer la pel\u00edcula, aunque <strong>odio eso de que una pel\u00edcula sea necesaria<\/strong>. Son necesarios el pan o el agua, pero no el cine.<\/p>\n<p><!-- BREAK 13 --><\/p>\n<p><strong>KV: El dise\u00f1o de producci\u00f3n es fant\u00e1stico y la edici\u00f3n llama la atenci\u00f3n. \u00bfC\u00f3mo fue trabajar con Teresa Font?<\/strong><\/p>\n<p><!-- BREAK 14 --><\/p>\n<p>OA: Teresa es la mejor montadora del cine espa\u00f1ol. La tuve que convencer, quer\u00eda hacer una pel\u00edcula con ella. Es una persona que cuando ve un fotograma ve mil cosas que t\u00fa no ves. <strong>Es la voz de la experiencia<\/strong> y me puse en sus manos. En la ficci\u00f3n hay una cosa que se ha devaluado bastante, y es la voz de la experiencia. Teresa ha hecho todo el cine espa\u00f1ol y para m\u00ed ha sido una experiencia maravillosa.<\/p>\n<p><!-- BREAK 15 --><\/p>\n<div class=\"article-asset-image article-asset-normal article-asset-center\">\n<div class=\"asset-content\">\n<div class=\"base-wrapper-image\"> <img class=\"sf-lazy centro_sinmarco\" data-sf-srcset=\"http:\/\/hoycordobaweb.com\/wp-content\/uploads\/2021\/10\/son-necesarios-el-pan-o-el-agua-pero-no-el-cine-oscar-aibar-el-sustituto-3.jpg 450w, http:\/\/hoycordobaweb.com\/wp-content\/uploads\/2021\/10\/son-necesarios-el-pan-o-el-agua-pero-no-el-cine-oscar-aibar-el-sustituto-11.jpg 681w,http:\/\/hoycordobaweb.com\/wp-content\/uploads\/2021\/10\/son-necesarios-el-pan-o-el-agua-pero-no-el-cine-oscar-aibar-el-sustituto-12.jpg 1024w, http:\/\/hoycordobaweb.com\/wp-content\/uploads\/2021\/10\/son-necesarios-el-pan-o-el-agua-pero-no-el-cine-oscar-aibar-el-sustituto-13.jpg 1366w,\" data-sf-src=\"http:\/\/hoycordobaweb.com\/wp-content\/uploads\/2021\/10\/son-necesarios-el-pan-o-el-agua-pero-no-el-cine-oscar-aibar-el-sustituto-3.jpg\" alt=\"oscar aibar\"> <noscript><img alt=\"oscar aibar\" class=\"centro_sinmarco\" src=\"http:\/\/hoycordobaweb.com\/wp-content\/uploads\/2021\/10\/son-necesarios-el-pan-o-el-agua-pero-no-el-cine-oscar-aibar-el-sustituto-3.jpg\"><\/noscript> <\/div><\/div>\n<\/div>\n<p><strong>KV: \u00bfVas tardar diez a\u00f1os en volver a rodar o has cogido carrerilla?<\/strong><\/p>\n<p>OA: Pues no s\u00e9 si vivir\u00e9 tanto tiempo. Ojal\u00e1 esta pel\u00edcula me ayude a rodar antes alg\u00fan otro proyecto que me apetece sacar adelante. Ojal\u00e1 no tarde tanto.<\/p>\n<p><!-- BREAK 16 --><\/p>\n<p><strong>KV: Han pasado mas de 25 a\u00f1os de Atolladero y no tenemos una edici\u00f3n que merezca la pena. \u00bfLa tendremos?<\/strong><\/p>\n<p><!-- BREAK 17 --><\/p>\n<p>OA: Pues he tenido muchas y muy buenas ofertas. Hice una versi\u00f3n del montaje del director que duraba 9 minutos menos, pero el productor no quiso dar el ok. Es una pena, <strong>es una espina que tengo clavada<\/strong>. Una pel\u00edcula que hice con 25 a\u00f1os y que no me llegu\u00e9 a sacar del todo nunca.<\/p>\n<p><!-- BREAK 18 --><\/p>\n<p><strong>KV: En parte lo hiciste con tu novela, &#8216;Making of&#8217;, un libro que siempre recomiendo cuando me preguntan por libros sobre cine. \u00bfHas pensado alguna vez en que ese libro podr\u00eda ser la hostia adapt\u00e1ndolo a cine o tele?<\/strong><\/p>\n<p><!-- BREAK 19 --><\/p>\n<p>OA: Hay un potente director espa\u00f1ol que siempre me dice que tiene eso en la cabeza. Quiz\u00e1 no tendr\u00eda que ser yo quien lo hiciera. <strong>Fue una experiencia muy dolorosa<\/strong>, no s\u00e9 si volver a ese desierto ser\u00eda una buena idea. Pero nunca se sabe, para m\u00ed ser\u00eda muy guay verlo. Ayer mismo me contaban por alguna an\u00e9cdota en un rodaje y, joder, es que a m\u00ed me dispar\u00f3 un F-18 dos misiles. Eso da a entender aquel rodaje perfectamente, aquel momento de locura.<\/p>\n<p><!-- BREAK 20 --><\/p>\n<p><strong>KV: &nbsp;Me encantar\u00eda que alguien pusiera en marcha ese proyecto, y que t\u00fa fueras ah\u00ed a cerrar ese c\u00edrculo.<\/strong><\/p>\n<p><!-- BREAK 21 --><\/p>\n<p>OA: Ojal\u00e1 alguien se anime, la verdad es que esa es una historia incre\u00edble.<\/p>\n","protected":false},"excerpt":{"rendered":"<p>Este fin de semana llega a nuestros cines la \u00faltima pel\u00edcula de \u00d3scar Aibar, el thriller &#8216;El sustituto&#8216;, un trepidante relato policiaco basado en la incre\u00edble historia de los criminales nazis afincados en la Costa Blanca a principios de los a\u00f1os 80. Director de culto por antonomasia, charlamos con el director a las puertas del [&hellip;]<\/p>\n","protected":false},"author":1,"featured_media":31905,"comment_status":"open","ping_status":"closed","sticky":false,"template":"","format":"standard","meta":[],"categories":[1],"tags":[],"_links":{"self":[{"href":"http:\/\/hoycordobaweb.com\/index.php\/wp-json\/wp\/v2\/posts\/31904"}],"collection":[{"href":"http:\/\/hoycordobaweb.com\/index.php\/wp-json\/wp\/v2\/posts"}],"about":[{"href":"http:\/\/hoycordobaweb.com\/index.php\/wp-json\/wp\/v2\/types\/post"}],"author":[{"embeddable":true,"href":"http:\/\/hoycordobaweb.com\/index.php\/wp-json\/wp\/v2\/users\/1"}],"replies":[{"embeddable":true,"href":"http:\/\/hoycordobaweb.com\/index.php\/wp-json\/wp\/v2\/comments?post=31904"}],"version-history":[{"count":0,"href":"http:\/\/hoycordobaweb.com\/index.php\/wp-json\/wp\/v2\/posts\/31904\/revisions"}],"wp:featuredmedia":[{"embeddable":true,"href":"http:\/\/hoycordobaweb.com\/index.php\/wp-json\/wp\/v2\/media\/31905"}],"wp:attachment":[{"href":"http:\/\/hoycordobaweb.com\/index.php\/wp-json\/wp\/v2\/media?parent=31904"}],"wp:term":[{"taxonomy":"category","embeddable":true,"href":"http:\/\/hoycordobaweb.com\/index.php\/wp-json\/wp\/v2\/categories?post=31904"},{"taxonomy":"post_tag","embeddable":true,"href":"http:\/\/hoycordobaweb.com\/index.php\/wp-json\/wp\/v2\/tags?post=31904"}],"curies":[{"name":"wp","href":"https:\/\/api.w.org\/{rel}","templated":true}]}}