{"id":31871,"date":"2021-10-29T20:39:09","date_gmt":"2021-10-29T20:39:09","guid":{"rendered":"https:\/\/manoamanocba.com.ar\/?p=4767"},"modified":"2021-10-29T20:39:09","modified_gmt":"2021-10-29T20:39:09","slug":"bruno-gelber-en-concierto","status":"publish","type":"post","link":"http:\/\/hoycordobaweb.com\/index.php\/2021\/10\/29\/bruno-gelber-en-concierto\/","title":{"rendered":"Bruno Gelber en concierto"},"content":{"rendered":"<p>Bruno Gelber, figura de la cultura argentina y uno de los m\u00e1s grandes pianista a nivel mundial, regresa al Teatro del Libertador San Mart\u00edn para interpretar el Concierto para piano y orquesta N\u00b0 3 en do menor, de Ludwig van Beethoven -con esta obra, Gelber hizo su debut como concertista hace 70 a\u00f1os, cuando contaba 10 a\u00f1os de edad-. El notable pianista ofrece dos funciones los d\u00edas viernes 5 y s\u00e1bado 6 de noviembre, a las 20, acompa\u00f1ado por la Orquesta Sinf\u00f3nica de C\u00f3rdoba.<\/p>\n<p>El programa incluye la Sinfon\u00eda N\u00b0 8 en Fa Mayor, tambi\u00e9n de Beethoven, con la direcci\u00f3n musical de Jongwhi Vakh, maestro de vasta experiencia en direcci\u00f3n de orquesta y de \u00f3pera. El director invitado es profesor de direcci\u00f3n orquestal en la Universidad Nacional de Asunci\u00f3n y director invitado Principal de la Orquesta Sinfonietta de Los \u00c1ngeles y Orquesta Sinf\u00f3nica Nacional del Paraguay.<\/p>\n<p><a href=\"http:\/\/hoycordobaweb.com\/wp-content\/uploads\/2021\/10\/bruno-gelber-en-concierto.jpg\"><img loading=\"lazy\" class=\"wp-image-4770 aligncenter\" src=\"http:\/\/hoycordobaweb.com\/wp-content\/uploads\/2021\/10\/bruno-gelber-en-concierto.jpg\" alt width=\"327\" height=\"321\" srcset=\"http:\/\/hoycordobaweb.com\/wp-content\/uploads\/2021\/10\/bruno-gelber-en-concierto.jpg 719w, http:\/\/hoycordobaweb.com\/wp-content\/uploads\/2021\/10\/bruno-gelber-en-concierto-2.jpg 300w\" sizes=\"(max-width: 327px) 100vw, 327px\"><\/a><\/p>\n<p>Este concierto para piano de Beethoven, estructurado en tres movimientos (allegro con br\u00edo, largo, Rond\u00f3. Allegro), se\u00f1ala el debut de Gelber como concertista acompa\u00f1ado por la Orquesta de la Radio del Estado y con la direcci\u00f3n de su maestro Vicente Scaramuzza, quien dio su vida a la ense\u00f1anza del piano y con quien estudiaron adem\u00e1s de Marta Argerich, Enrique Barenboim (padre y maestro de Daniel Barenboim) y Antonio De Raco, entre otras figuras.<\/p>\n<h3><strong>Localidades<\/strong><\/h3>\n<p>Las ubicaciones pueden adquirirse por Autoentrada y en la boleter\u00eda del teatro, de martes a s\u00e1bados de 9 a 20, tel\u00e9fono 414-3412, a los siguientes valores: platea 2.500, cazuela 1.800, tertulia 1.500 y para\u00edso 900 pesos.<\/p>\n<h3><strong>Figura querida y esperada<\/strong><\/h3>\n<p>Bruno Gelber, tiene 80 a\u00f1os de edad y es una celebridad de la m\u00fasica cl\u00e1sica en el mundo. Naci\u00f3 el 19 de marzo de 1941. Su madre, pianista, y su padre, violinista, afirmaron las condiciones naturales del ni\u00f1o que a los tres a los tres a\u00f1os de edad es acercado al instrumento que le dar\u00e1 fama mundial.<\/p>\n<p>A los seis a\u00f1os, atraves\u00f3 la poliomielitis, enfermedad que afecta el desarrollo de los m\u00fasculos. Contaba 10 a\u00f1os cuando hizo su debut como solista con este concierto para piano de Beethoven, acompa\u00f1ado por la Orquesta Sinf\u00f3nica del Estado. A los 14, debuta en el Teatro Col\u00f3n.<\/p>\n<p><a href=\"http:\/\/hoycordobaweb.com\/wp-content\/uploads\/2021\/10\/bruno-gelber-en-concierto-1.jpg\"><img loading=\"lazy\" class=\"wp-image-4769 aligncenter\" src=\"http:\/\/hoycordobaweb.com\/wp-content\/uploads\/2021\/10\/bruno-gelber-en-concierto-1.jpg\" alt width=\"381\" height=\"381\" srcset=\"http:\/\/hoycordobaweb.com\/wp-content\/uploads\/2021\/10\/bruno-gelber-en-concierto-3.jpg 1200w, http:\/\/hoycordobaweb.com\/wp-content\/uploads\/2021\/10\/bruno-gelber-en-concierto-4.jpg 300w, http:\/\/hoycordobaweb.com\/wp-content\/uploads\/2021\/10\/bruno-gelber-en-concierto-5.jpg 1024w, http:\/\/hoycordobaweb.com\/wp-content\/uploads\/2021\/10\/bruno-gelber-en-concierto-6.jpg 150w, http:\/\/hoycordobaweb.com\/wp-content\/uploads\/2021\/10\/bruno-gelber-en-concierto-7.jpg 768w\" sizes=\"(max-width: 381px) 100vw, 381px\"><\/a><\/p>\n<p>El salto al plano internacional, se produce en 1961 cuando Gelber obtiene un premio en el Concurso Marguerite Long-Jacques Thibaud, prestigioso certamen de piano y viol\u00edn.<\/p>\n<p>A partir de ese a\u00f1o, la trayectoria profesional de Gelber describe una l\u00ednea de acontecimiento que, a lo largo del tiempo, incluye conciertos en m\u00e1s de 50 pa\u00edses, dirigido por prestigiosas batutas, en presentaciones con las orquestas m\u00e1s reputadas del mundo -Filarm\u00f3nica de Berl\u00edn, Filarm\u00f3nica de Viena, Filarm\u00f3nica de New York, Sinf\u00f3nica de Chicago, Orquesta Nacional Francesa, Orquesta de Par\u00eds, London Symphony Orchestra, Royal Symphony Orchestra-.<\/p>\n<p>La t\u00e9cnica y sustancia de la interpretaci\u00f3n conforman una \u00e9tica profesional para la cual cada nota escrita por el compositor tiene un sentido.<\/p>\n<p>El v\u00ednculo de Bruno Gelber con C\u00f3rdoba, especialmente con el Teatro del Libertador San Mart\u00edn, comienza en marzo de 1958, cuando el pianista debuta acompa\u00f1ado por la Orquesta Sinf\u00f3nica de C\u00f3rdoba con la direcci\u00f3n del maestro Olger Bistevins, entonces director titular del elenco estable.<\/p>\n<p>En ese entonces, Bruno Gelber tiene 17 a\u00f1os de edad y su debut es anunciado en la prensa local como la presentaci\u00f3n de un joven prodigio.<\/p>\n","protected":false},"excerpt":{"rendered":"<p>Bruno Gelber, figura de la cultura argentina y uno de los m\u00e1s grandes pianista a nivel mundial, regresa al Teatro del Libertador San Mart\u00edn para interpretar el Concierto para piano y orquesta N\u00b0 3 en do menor, de Ludwig van Beethoven -con esta obra, Gelber hizo su debut como concertista hace 70 a\u00f1os, cuando contaba [&hellip;]<\/p>\n","protected":false},"author":1,"featured_media":31872,"comment_status":"closed","ping_status":"closed","sticky":false,"template":"","format":"standard","meta":[],"categories":[19],"tags":[],"_links":{"self":[{"href":"http:\/\/hoycordobaweb.com\/index.php\/wp-json\/wp\/v2\/posts\/31871"}],"collection":[{"href":"http:\/\/hoycordobaweb.com\/index.php\/wp-json\/wp\/v2\/posts"}],"about":[{"href":"http:\/\/hoycordobaweb.com\/index.php\/wp-json\/wp\/v2\/types\/post"}],"author":[{"embeddable":true,"href":"http:\/\/hoycordobaweb.com\/index.php\/wp-json\/wp\/v2\/users\/1"}],"replies":[{"embeddable":true,"href":"http:\/\/hoycordobaweb.com\/index.php\/wp-json\/wp\/v2\/comments?post=31871"}],"version-history":[{"count":0,"href":"http:\/\/hoycordobaweb.com\/index.php\/wp-json\/wp\/v2\/posts\/31871\/revisions"}],"wp:featuredmedia":[{"embeddable":true,"href":"http:\/\/hoycordobaweb.com\/index.php\/wp-json\/wp\/v2\/media\/31872"}],"wp:attachment":[{"href":"http:\/\/hoycordobaweb.com\/index.php\/wp-json\/wp\/v2\/media?parent=31871"}],"wp:term":[{"taxonomy":"category","embeddable":true,"href":"http:\/\/hoycordobaweb.com\/index.php\/wp-json\/wp\/v2\/categories?post=31871"},{"taxonomy":"post_tag","embeddable":true,"href":"http:\/\/hoycordobaweb.com\/index.php\/wp-json\/wp\/v2\/tags?post=31871"}],"curies":[{"name":"wp","href":"https:\/\/api.w.org\/{rel}","templated":true}]}}