{"id":31795,"date":"2021-10-28T13:52:00","date_gmt":"2021-10-28T13:52:00","guid":{"rendered":"http:\/\/hoycordobaweb.com\/index.php\/2021\/10\/28\/el-segundo-fimba-comenzo-haciendo-honor-a-su-espiritu-de-excelencia-y-diversidad\/"},"modified":"2021-10-28T13:52:00","modified_gmt":"2021-10-28T13:52:00","slug":"el-segundo-fimba-comenzo-haciendo-honor-a-su-espiritu-de-excelencia-y-diversidad","status":"publish","type":"post","link":"http:\/\/hoycordobaweb.com\/index.php\/2021\/10\/28\/el-segundo-fimba-comenzo-haciendo-honor-a-su-espiritu-de-excelencia-y-diversidad\/","title":{"rendered":"El segundo Fimba comenz\u00f3 haciendo honor a su esp\u00edritu de excelencia y diversidad"},"content":{"rendered":"<p><img src=\"http:\/\/hoycordobaweb.com\/wp-content\/uploads\/2021\/10\/el-segundo-fimba-comenzo-haciendo-honor-a-su-espiritu-de-excelencia-y-diversidad.jpg\"><\/p>\n<div class=\"image\" id=\"image\" readability=\"7\"> <img src=\"http:\/\/hoycordobaweb.com\/wp-content\/uploads\/2021\/10\/el-segundo-fimba-comenzo-haciendo-honor-a-su-espiritu-de-excelencia-y-diversidad-2.jpg\" alt=\"Segunda edici\u00f3n del Festival Internacional de M\u00fasica Bariloche. (Foto Eugenia Neme).\" title=\"Segunda edici\u00f3n del Festival Internacional de M\u00fasica Bariloche. (Foto Eugenia Neme).\"><\/p>\n<p>Segunda edici\u00f3n del Festival Internacional de M\u00fasica Bariloche. (Foto Eugenia Neme).<\/p>\n<\/div>\n<p>La encendida y folcl\u00f3rica presencia por partida doble de Riendas Libres, el proyecto familiar en tr\u00edo que encabeza Peteco Carabajal, y el excelso encuentro de Pablo Agri con la Filarm\u00f3nica de R\u00edo Negro OFRN, abrieron anoche la segunda edici\u00f3n del Festival Internacional de M\u00fasica Bariloche (Fimba).<\/p>\n<p>Tras el lanzamiento en 2019 y el parate pand\u00e9mico del a\u00f1o pasado, la celebraci\u00f3n mel\u00f3mana gratuita con la Filarm\u00f3nica provincial y sus ensambles como anfitriones y part\u00edcipes del encuentro, cumpli\u00f3 acabadamente con su esp\u00edritu amplio y conmovedor en su estreno de 2021.<\/p>\n<p>De las chacareras que inundaron durante dos funciones el Teatro Baita (sumando entre ambas unos 850 espectadores) al protagonismo del viol\u00edn en el \u00e1mbito m\u00e1gico de la Catedral Nuestra Se\u00f1ora del Nahuel Huapi (colmada en su aforo permitido por 280 personas), el Fimba mostr\u00f3 las credenciales que quieren distinguirlo.<\/p>\n<p>Es que tanto la coqueta sala puesta al borde de convertirse en un patio de tierra santiague\u00f1a como el principal templo cat\u00f3lico de la ciudad acogiendo el milagro de un concierto de alto vuelo que sum\u00f3 al tambi\u00e9n violinista Rafael G\u00edntoli, fueron expresiones de la apuesta por el goce musical sin barreras ni etiquetas que se respira en la propuesta.<\/p>\n<p><strong>Como le dijo Mart\u00edn Fraile, director de la Filarm\u00f3nica y del Fimba, a T\u00e9lam el martes pasado, la de este espacio \u201ces una invitaci\u00f3n a hacer cuerpo la m\u00fasica y tambi\u00e9n fomentar audiencias sensibles\u201d.<\/strong><\/p>\n<p>La presentaci\u00f3n de la OFRN junto a Agri permiti\u00f3 el abordaje de la obra propia \u201cEl Juli\u00e1n Aguirre\u201d para tributar al lugar que lo form\u00f3 musicalmente en un recorrido impactante por el lirismo, la intimidad y la carnadura dram\u00e1tica sin por ello perder acento tanguero.<\/p>\n<div class=\"image\" id=\"image\" readability=\"7\"> <img src=\"http:\/\/hoycordobaweb.com\/wp-content\/uploads\/2021\/10\/el-segundo-fimba-comenzo-haciendo-honor-a-su-espiritu-de-excelencia-y-diversidad-3.jpg\" alt=\"Festival Internacional de M\u00fasica Bariloche. (Foto Eugenia Neme).\" title=\"Festival Internacional de M\u00fasica Bariloche. (Foto Eugenia Neme).\"><\/p>\n<p>Festival Internacional de M\u00fasica Bariloche. (Foto Eugenia Neme).<\/p>\n<\/div>\n<p>La larga ovaci\u00f3n que coron\u00f3 ese segmento dio paso al \u201cPrimer Concierto para Viol\u00edn (Sin Pretensi\u00f3n de Nada)\u00bb, de Antonio Agri, padre de Pablo y muy popular por su larga y reconocida presencia en diversas formaciones de Astor Piazzolla, que es parte del repertorio del conjunto local bajo la sensible batuta de Fraile.<\/p>\n<p>En ese momento, <strong>el director se dirigi\u00f3 al p\u00fablico y anunci\u00f3 entre risas que el conjunto y sus derivaciones \u201cvamos a ofrecer 21 conciertos en cinco d\u00edas. Un n\u00famero interesante\u201d.<\/strong><\/p>\n<p>Para abordar el \u201cSegundo Concierto para Viol\u00edn (Post-Riga)\u201d compuesto por Agri padre, se sum\u00f3 G\u00edntoli y el cruce de violines fue una maravilla que luego se extendi\u00f3 \u2013ya sin la apoyatura de la orquesta- a un arreglo sobre \u201cEl choclo\u201d tambi\u00e9n creado por el pap\u00e1 de Pablo.<\/p>\n<blockquote readability=\"8\">\n<p>Peteco, emocionado por la nueva constataci\u00f3n del impacto de su obra, confes\u00f3 la alegr\u00eda \u201cpor estar volviendo a ponernos a andar despu\u00e9s de un a\u00f1o y medio dur\u00edsimo\u201d<span class=\"comilla\">\u201d<\/span><\/p>\n<\/blockquote>\n<p>Tras poco m\u00e1s de una hora deliciosa y a pocas cuadras de all\u00ed, el Baita recibi\u00f3 la segunda vuelta de Riendas Libres, la propuesta que re\u00fane al legendario Peteco con su hijo Homero (guitarra y voz) y con las percusiones de Martina Ulrich, hermana de Homero por parte materna.<\/p>\n<p>Tambi\u00e9n desde la guitarra y el canto \u2013algo ajado producto del par de presentaciones casi seguidas- el legendario artista santiague\u00f1o de 65 a\u00f1os fue el director de orquesta de un repertorio popular y folcl\u00f3rico que levant\u00f3 palmas y coros en la platea.<\/p>\n<p><strong>Una parte del set de 13 piezas asumido por el terceto creado en 2017 incluy\u00f3 la presencia del ensamble de maderas y bronces de la Filarm\u00f3nica, uno de los grupos subsidiarios del proyecto central nacido cinco a\u00f1os atr\u00e1s.<\/strong><\/p>\n<p>Con esa formaci\u00f3n extendida para un di\u00e1logo entre la academia y las ra\u00edces nativas, se compartieron atractivas versiones de \u201cLas manos de mi madre\u201d, \u201cPerfume de carnaval\u201d, \u201cEl fin de la infancia\u201d y \u201cLa estrella azul\u201d.<\/p>\n<div class=\"image\" id=\"image\" readability=\"7\"> <img src=\"http:\/\/hoycordobaweb.com\/wp-content\/uploads\/2021\/10\/el-segundo-fimba-comenzo-haciendo-honor-a-su-espiritu-de-excelencia-y-diversidad-4.jpg\" alt=\"Segunda edici\u00f3n del Festival Internacional de M\u00fasica Bariloche. (Foto Eugenia Neme).\" title=\"Segunda edici\u00f3n del Festival Internacional de M\u00fasica Bariloche. (Foto Eugenia Neme).\"><\/p>\n<p>Segunda edici\u00f3n del Festival Internacional de M\u00fasica Bariloche. (Foto Eugenia Neme).<\/p>\n<\/div>\n<p>Antes y despu\u00e9s de ese tramo, Riendas Libres apunt\u00f3 al coraz\u00f3n de una audiencia predispuesta a las palmas y el coro con piezas como \u201cA mis viejos\u201d (que abri\u00f3 la velada), \u201cEl embrujo de mi tierra\u201d, \u201cDesde el puente carretero\u201d (sumando a Pablo Agri en un viol\u00edn endiablado), \u201cMi abuela bail\u00f3 la zamba\u201d y \u201cEl amor como bandera\u201d, entre m\u00e1s.<\/p>\n<p>Peteco, emocionado por la nueva constataci\u00f3n del impacto de su obra, confes\u00f3 la alegr\u00eda \u201cpor estar volviendo a ponernos a andar despu\u00e9s de un a\u00f1o y medio dur\u00edsimo\u201d y adelant\u00f3 que el mes pr\u00f3ximo Riendas Libres registrar\u00e1 en Villa Mercedes, San Luis, su demorado segundo disco.<\/p>\n<p><strong>Este jueves en la continuidad del segundo Fimba -que hasta el domingo ofrecer\u00e1 25 conciertos en distintos puntos de Bariloche con figuras de la talla de Escalandrum con Elena Roger, Juan Fal\u00fa, Nina Vais, Flor Bobadilla y Pablo Spiller- habr\u00e1 protagonismo tanguero.<\/strong><\/p>\n<p>A las 18 en La Baita estar\u00e1n Rub\u00e9n Hidalgo (bandone\u00f3n) y Juanjo Miraglia (guitarra) con el ensamble Ventisquero Negro; a las 21 en la Catedral, se oir\u00e1 \u201cPiazzolla Barroco\u201d a cargo de Andr\u00e9s Spiller (oboe), Marcela Magin (viola), Marcelo Rebuffi (viol\u00edn) y Luis Caruana (bandone\u00f3n); y a las 22.30 La Baita recibir\u00e1 a Ramiro Gallo con otros dos de los ensambles de la Filarm\u00f3nica. <\/p>\n","protected":false},"excerpt":{"rendered":"<p>Segunda edici\u00f3n del Festival Internacional de M\u00fasica Bariloche. (Foto Eugenia Neme). La encendida y folcl\u00f3rica presencia por partida doble de Riendas Libres, el proyecto familiar en tr\u00edo que encabeza Peteco Carabajal, y el excelso encuentro de Pablo Agri con la Filarm\u00f3nica de R\u00edo Negro OFRN, abrieron anoche la segunda edici\u00f3n del Festival Internacional de M\u00fasica [&hellip;]<\/p>\n","protected":false},"author":1,"featured_media":31796,"comment_status":"open","ping_status":"closed","sticky":false,"template":"","format":"standard","meta":[],"categories":[19],"tags":[],"_links":{"self":[{"href":"http:\/\/hoycordobaweb.com\/index.php\/wp-json\/wp\/v2\/posts\/31795"}],"collection":[{"href":"http:\/\/hoycordobaweb.com\/index.php\/wp-json\/wp\/v2\/posts"}],"about":[{"href":"http:\/\/hoycordobaweb.com\/index.php\/wp-json\/wp\/v2\/types\/post"}],"author":[{"embeddable":true,"href":"http:\/\/hoycordobaweb.com\/index.php\/wp-json\/wp\/v2\/users\/1"}],"replies":[{"embeddable":true,"href":"http:\/\/hoycordobaweb.com\/index.php\/wp-json\/wp\/v2\/comments?post=31795"}],"version-history":[{"count":0,"href":"http:\/\/hoycordobaweb.com\/index.php\/wp-json\/wp\/v2\/posts\/31795\/revisions"}],"wp:featuredmedia":[{"embeddable":true,"href":"http:\/\/hoycordobaweb.com\/index.php\/wp-json\/wp\/v2\/media\/31796"}],"wp:attachment":[{"href":"http:\/\/hoycordobaweb.com\/index.php\/wp-json\/wp\/v2\/media?parent=31795"}],"wp:term":[{"taxonomy":"category","embeddable":true,"href":"http:\/\/hoycordobaweb.com\/index.php\/wp-json\/wp\/v2\/categories?post=31795"},{"taxonomy":"post_tag","embeddable":true,"href":"http:\/\/hoycordobaweb.com\/index.php\/wp-json\/wp\/v2\/tags?post=31795"}],"curies":[{"name":"wp","href":"https:\/\/api.w.org\/{rel}","templated":true}]}}