{"id":31737,"date":"2021-10-27T13:45:00","date_gmt":"2021-10-27T13:45:00","guid":{"rendered":"http:\/\/hoycordobaweb.com\/index.php\/2021\/10\/27\/trump-respaldo-a-bolsonaro-despues-de-que-el-senado-lo-acuso-por-la-gestion-de-la-pandemia\/"},"modified":"2021-10-27T13:45:00","modified_gmt":"2021-10-27T13:45:00","slug":"trump-respaldo-a-bolsonaro-despues-de-que-el-senado-lo-acuso-por-la-gestion-de-la-pandemia","status":"publish","type":"post","link":"http:\/\/hoycordobaweb.com\/index.php\/2021\/10\/27\/trump-respaldo-a-bolsonaro-despues-de-que-el-senado-lo-acuso-por-la-gestion-de-la-pandemia\/","title":{"rendered":"Trump respald\u00f3 a Bolsonaro despu\u00e9s de que el Senado lo acus\u00f3 por la gesti\u00f3n de la pandemia"},"content":{"rendered":"<p><img src=\"http:\/\/hoycordobaweb.com\/wp-content\/uploads\/2021\/10\/trump-respaldo-a-bolsonaro-despues-de-que-el-senado-lo-acuso-por-la-gestion-de-la-pandemia.jpg\"><\/p>\n<div class=\"image\" id=\"image\" readability=\"7\"> <img src=\"http:\/\/hoycordobaweb.com\/wp-content\/uploads\/2021\/10\/trump-respaldo-a-bolsonaro-despues-de-que-el-senado-lo-acuso-por-la-gestion-de-la-pandemia-2.jpg\" alt=\"Bolsonaro y Trump se hicieron grandes amigos los \u00faltimos a\u00f1os.\" title=\"Bolsonaro y Trump se hicieron grandes amigos los \u00faltimos a\u00f1os.\"><\/p>\n<p>Bolsonaro y Trump se hicieron grandes amigos los \u00faltimos a\u00f1os.<\/p>\n<\/div>\n<p>El expresidente de Estados Unidos Donald Trump apoy\u00f3 p\u00fablicamente al mandatario brasile\u00f1o, Jair Bolsonaro, en el d\u00eda en que una comisi\u00f3n del Senado lo acusara de nueve delitos, incluido el de cr\u00edmenes de lesa humanidad, por la gesti\u00f3n de la pandemia de coronavirus en el gigante sudamericano.<\/p>\n<p>En un comunicado, Trump asegur\u00f3 que el l\u00edder ultraderechista sudamericano \u00abnunca defraudar\u00e1\u00bb a su pa\u00eds, seg\u00fan recoge la filial brasile\u00f1a de la cadena estadounidense CNN.<\/p>\n<blockquote readability=\"8\">\n<p>Bolsonaro se convirti\u00f3 en el primer presidente de la historia de Brasil acusado de cr\u00edmenes contra la humanidad, algo por lo cual ser\u00e1 presentada una denuncia ante la Corte Internacional de Justicia con sede en La Haya<span class=\"comilla\">\u201d<\/span><\/p>\n<\/blockquote>\n<p>\u00abEl presidente Jair Bolsonaro y yo nos hemos hecho grandes amigos en los \u00faltimos a\u00f1os. \u00c9l lucha duro y ama a la gente de Brasil, al igual que yo lo hago por la gente de Estados Unidos. Brasil tiene suerte de tener a un hombre como Jair Bolsonaro trabajando para ellos \u00a1Es un gran Presidente y nunca defraudar\u00e1 a la gente de su pa\u00eds!\u00bb, expres\u00f3 el republicano, refiri\u00f3 la agencia de noticias Europa Press.<\/p>\n<p>El comunicado fue difundido a trav\u00e9s de correo electr\u00f3nico, ya que Trump no puede hacer uso de las principales redes sociales despu\u00e9s de haber sido expulsado de estas por difundir noticias falsas.<\/p>\n<p>La Comisi\u00f3n de Investigaci\u00f3n del Senado de Brasil aprob\u00f3 anoche por siete votos contra cuatro el informe que acusa al ultraderechista Bolsonaro de nueve delitos, entre ellos cr\u00edmenes contra la humanidad, por sus acciones y omisiones durante la pandemia, y tambi\u00e9n a sus tres hijos parlamentarios y otras 76 personas, entre ministros, exfuncionarios y empresarios.<\/p>\n<blockquote readability=\"7\">\n<p>Seg\u00fan datos de la Organizaci\u00f3n Mundial de la Salud, a lo largo del a pandemia Brasil sufri\u00f3 605.644 muertes sobre 21.729.763 casos<span class=\"comilla\">\u201d<\/span><\/p>\n<\/blockquote>\n<p>Bolsonaro se convirti\u00f3 as\u00ed en el primer presidente de la historia de Brasil acusado de cr\u00edmenes contra la humanidad, algo por lo cual ser\u00e1 presentada una denuncia ante la Corte Internacional de Justicia (CIJ) con sede en La Haya.<\/p>\n<p>El relator del informe, senador Ren\u00e1n Calheiros, calific\u00f3 en su discurso final de homicida a Bolsonaro, a quien tild\u00f3 de un \u00abmisionero enloquecido para matar a su propio pueblo\u00bb.<\/p>\n<p>El legislador igual\u00f3 a Bolsonaro con \u00abcarniceros\u00bb como Adolf Hitler, Augusto Pinochet, Alfredo Stroessner y el torturador brasile\u00f1o Carlos Brilhante Ustra.<\/p>\n<p>Seg\u00fan datos de la Organizaci\u00f3n Mundial de la Salud (OMS), a lo largo del a pandemia Brasil sufri\u00f3 605.644 muertes sobre 21.729.763 casos.<\/p>\n","protected":false},"excerpt":{"rendered":"<p>Bolsonaro y Trump se hicieron grandes amigos los \u00faltimos a\u00f1os. El expresidente de Estados Unidos Donald Trump apoy\u00f3 p\u00fablicamente al mandatario brasile\u00f1o, Jair Bolsonaro, en el d\u00eda en que una comisi\u00f3n del Senado lo acusara de nueve delitos, incluido el de cr\u00edmenes de lesa humanidad, por la gesti\u00f3n de la pandemia de coronavirus en el [&hellip;]<\/p>\n","protected":false},"author":1,"featured_media":31738,"comment_status":"open","ping_status":"closed","sticky":false,"template":"","format":"standard","meta":[],"categories":[19],"tags":[],"_links":{"self":[{"href":"http:\/\/hoycordobaweb.com\/index.php\/wp-json\/wp\/v2\/posts\/31737"}],"collection":[{"href":"http:\/\/hoycordobaweb.com\/index.php\/wp-json\/wp\/v2\/posts"}],"about":[{"href":"http:\/\/hoycordobaweb.com\/index.php\/wp-json\/wp\/v2\/types\/post"}],"author":[{"embeddable":true,"href":"http:\/\/hoycordobaweb.com\/index.php\/wp-json\/wp\/v2\/users\/1"}],"replies":[{"embeddable":true,"href":"http:\/\/hoycordobaweb.com\/index.php\/wp-json\/wp\/v2\/comments?post=31737"}],"version-history":[{"count":0,"href":"http:\/\/hoycordobaweb.com\/index.php\/wp-json\/wp\/v2\/posts\/31737\/revisions"}],"wp:featuredmedia":[{"embeddable":true,"href":"http:\/\/hoycordobaweb.com\/index.php\/wp-json\/wp\/v2\/media\/31738"}],"wp:attachment":[{"href":"http:\/\/hoycordobaweb.com\/index.php\/wp-json\/wp\/v2\/media?parent=31737"}],"wp:term":[{"taxonomy":"category","embeddable":true,"href":"http:\/\/hoycordobaweb.com\/index.php\/wp-json\/wp\/v2\/categories?post=31737"},{"taxonomy":"post_tag","embeddable":true,"href":"http:\/\/hoycordobaweb.com\/index.php\/wp-json\/wp\/v2\/tags?post=31737"}],"curies":[{"name":"wp","href":"https:\/\/api.w.org\/{rel}","templated":true}]}}