{"id":31667,"date":"2021-10-26T11:44:14","date_gmt":"2021-10-26T11:44:14","guid":{"rendered":"https:\/\/www.mujerhoy.com\/moda\/tendencias\/falda-midi-lentejuelas-zara-instagram-combina-con-todo-favorece-rejuvenece-20211026132101-nt.html"},"modified":"2021-10-26T11:44:14","modified_gmt":"2021-10-26T11:44:14","slug":"los-tres-looks-que-demuestran-que-la-falda-midi-de-lentejuelas-es-la-prenda-mas-deseada-de-la-temporada","status":"publish","type":"post","link":"http:\/\/hoycordobaweb.com\/index.php\/2021\/10\/26\/los-tres-looks-que-demuestran-que-la-falda-midi-de-lentejuelas-es-la-prenda-mas-deseada-de-la-temporada\/","title":{"rendered":"Los tres looks que demuestran que la falda midi de lentejuelas es la prenda m\u00e1s deseada de la temporada"},"content":{"rendered":"<p><!-- AUTHOR --><!-- COMPONENTS --><\/p>\n<p class=\"voc-paragraph\">Hace tiempo que <a data-voc-vtm-id=\"in-text-traffic\" href=\"https:\/\/www.mujerhoy.com\/moda\/tendencias\/falda-midi-vestido-lentejuelas-nueva-coleccion-sfera-combina-con-todo-elegante-arrasa-instagram-20210810143324-nt.html\">sacamos las lentejuelas del armario de fiesta<\/a>, pero si queda a\u00fan alguien que se niega a vestir brillos si no es, al menos, de noche, tenemos la prenda perfecta para quitarle esa restricci\u00f3n indumentaria de la cabeza. Acaba de llegar a la <strong>nueva colecci\u00f3n de Zara <\/strong>una <a data-voc-vtm-id=\"in-text-traffic\" href=\"https:\/\/www.mujerhoy.com\/moda\/no-te-pierdas\/202101\/03\/falda-midi-lentejuelas-sfera-nueva-coleccion-llevar-con-zapatillas-botines-20201231113135.html\">falda de lentejuelas<\/a> negra y silueta midi perfecta para<br \/>\n<strong> lucir de la ma\u00f1ana a la noche<\/strong>. Lleva tiro alto, frunces delanteros y abertura frontal en el bajo (29,95 euros), y combinada con la camisa satinada (39,95 euros) y el chaleco de lana de alpaca naranja (39,95 euros) es una absoluta bomba de estilo. \u00bfDe verdad te puedes negar a llevar <a data-voc-vtm-id=\"in-text-traffic\" href=\"https:\/\/www.mujerhoy.com\/moda\/no-te-pierdas\/202011\/23\/falda-midi-lentejuelas-sfera-special-prices-20201123153151.html\">esta falda a la oficina<\/a>?\n<\/p>\n<div class=\"voc-detail-photo-zoom\"><picture data-toggle=\"modal\" data-target=\"#photoZoomModal-135\" target=\"modal\">\n<div class=\"voc-img-icon-link\"><img loading=\"lazy\" data-original=\"\/\/static2.mujerhoy.com\/www\/multimedia\/202110\/20\/media\/cortadas\/falda-midi-lentejuelas-zara-1-kyHH--460x637@MujerHoy.jpg\" class=\"lazy\"><noscript><img src=\"http:\/\/hoycordobaweb.com\/wp-content\/uploads\/2021\/10\/los-tres-looks-que-demuestran-que-la-falda-midi-de-lentejuelas-es-la-prenda-mas-deseada-de-la-temporada.png\" alt><\/noscript><i class=\"voc-icons zoom voc-multimedia-box voc-ico-l\"><\/i><\/div><figcaption class=\"figure-caption\"><\/figcaption><\/picture><\/div>\n<div id=\"photoZoomModal-135\" class=\"voc-lightbox modal fade voc-lightbox--photo-zoom\" role=\"dialog\" data-voc-photozoom-lightbox>\n<div class=\"voc-lightbox__dialog\" role=\"document\">\n<div class=\"voc-lightbox__content\"><!-- Modal header --><\/p>\n<header class=\"voc-lightbox__header\"><span class=\"voc-lightbox__title\"><\/span><\/header>\n<p><!-- Modal content --><\/p>\n<div class=\"voc-lightbox__photo-container\"><picture class><img loading=\"lazy\" data-original=\"\/\/static2.mujerhoy.com\/www\/multimedia\/202110\/20\/media\/cortadas\/falda-midi-lentejuelas-zara-1-kyHH--460x637@MujerHoy.jpg\" alt class=\"lazy\"><noscript><img src=\"http:\/\/hoycordobaweb.com\/wp-content\/uploads\/2021\/10\/los-tres-looks-que-demuestran-que-la-falda-midi-de-lentejuelas-es-la-prenda-mas-deseada-de-la-temporada.png\" alt><\/noscript><\/picture><\/div>\n<\/div>\n<\/div>\n<\/div>\n<p class=\"voc-paragraph\">Esta<br \/>\n<strong> falda midi de lentejuelas <\/strong>roza la perfecci\u00f3n y resulta una elecci\u00f3n perfecta para todo tipo de ocasiones. De hecho, la vas a llevar con total comodidad si la acompa\u00f1as de un top de esp\u00edritu deportivo, ya sea <strong>un polo de rugby o una sudadera universitaria<\/strong>. De hecho, los estilistas de Zara la proponen con una <strong>cazadora bomber satinada <\/strong>y tambi\u00e9n de color negro y el look es una fantas\u00eda (39,95 euros). Ll\u00e9vala justo como proponen en la foto: con unas sandalias lo m\u00e1s escotadas posible.\n<\/p>\n<div class=\"voc-detail-photo-zoom\"><picture data-toggle=\"modal\" data-target=\"#photoZoomModal-621\" target=\"modal\">\n<div class=\"voc-img-icon-link\"><img loading=\"lazy\" data-original=\"\/\/static2.mujerhoy.com\/www\/multimedia\/202110\/20\/media\/cortadas\/falda-midi-lentejuelas-zara-2-kyHH--460x637@MujerHoy.jpg\" class=\"lazy\"><noscript><img src=\"http:\/\/hoycordobaweb.com\/wp-content\/uploads\/2021\/10\/los-tres-looks-que-demuestran-que-la-falda-midi-de-lentejuelas-es-la-prenda-mas-deseada-de-la-temporada-1.png\" alt=\"Con blusa de lazada al cuello, botas altas y falda de lentejuelas.\"><\/noscript><i class=\"voc-icons zoom voc-multimedia-box voc-ico-l\"><\/i><\/div><figcaption class=\"figure-caption\">Con blusa de lazada al cuello, botas altas y falda de lentejuelas.<\/figcaption><\/picture><\/div>\n<div id=\"photoZoomModal-621\" class=\"voc-lightbox modal fade voc-lightbox--photo-zoom\" role=\"dialog\" data-voc-photozoom-lightbox>\n<div class=\"voc-lightbox__dialog\" role=\"document\">\n<div class=\"voc-lightbox__content\"><!-- Modal header --><\/p>\n<header class=\"voc-lightbox__header\"><span class=\"voc-lightbox__title\">Con blusa de lazada al cuello, botas altas y falda de lentejuelas.<\/span><\/header>\n<p><!-- Modal content --><\/p>\n<div class=\"voc-lightbox__photo-container\"><picture class><img loading=\"lazy\" data-original=\"\/\/static2.mujerhoy.com\/www\/multimedia\/202110\/20\/media\/cortadas\/falda-midi-lentejuelas-zara-2-kyHH--460x637@MujerHoy.jpg\" alt=\"Con blusa de lazada al cuello, botas altas y falda de lentejuelas.\" class=\"lazy\"><noscript><img src=\"http:\/\/hoycordobaweb.com\/wp-content\/uploads\/2021\/10\/los-tres-looks-que-demuestran-que-la-falda-midi-de-lentejuelas-es-la-prenda-mas-deseada-de-la-temporada-1.png\" alt=\"Con blusa de lazada al cuello, botas altas y falda de lentejuelas.\"><\/noscript><\/picture><\/div>\n<\/div>\n<\/div>\n<\/div>\n<p class=\"voc-paragraph\">Te lo aseguramos: los <strong>estilistas de Zara <\/strong>no recurrir\u00edan a esta falda midi de lentejuelas negras hasta tres veces si no estuvi\u00e9ramos ante una de las prendas m\u00e1s efectivas de la temporada. En este look ves lo fant\u00e1stica que queda la<br \/>\n<strong> falda de lentejuelas <\/strong>con una sencilla blusa de esp\u00edritu rom\u00e1ntico y unas botas altas. El estilismo es directamente impactante. La blusa lleva cuello subido y lazos y un cierre frontal con botones ocultos (25,95 euros) y consigue que este<br \/>\n<strong> total look oscuro <\/strong>sea impresionante.\n<\/p>\n<div class=\"voc-detail__cmp voc-detail__cmp--pad-lr voc-detail__cmp--pad-lr--bdr\">\n<div class=\"voc-ficha-detail__wrapper\">\n<section class=\"voc-ficha-detail\">\n<h4 class=\"voc-ficha-detail-title voc-title-section\">Te recomendamos<\/h4>\n<\/section>\n<\/div>\n<\/div>\n<p><!-- TOPICS --><\/p>\n","protected":false},"excerpt":{"rendered":"<p>Hace tiempo que sacamos las lentejuelas del armario de fiesta, pero si queda a\u00fan alguien que se niega a vestir brillos si no es, al menos, de noche, tenemos la prenda perfecta para quitarle esa restricci\u00f3n indumentaria de la cabeza. Acaba de llegar a la nueva colecci\u00f3n de Zara una falda de lentejuelas negra y [&hellip;]<\/p>\n","protected":false},"author":1,"featured_media":31668,"comment_status":"closed","ping_status":"closed","sticky":false,"template":"","format":"standard","meta":[],"categories":[1],"tags":[],"_links":{"self":[{"href":"http:\/\/hoycordobaweb.com\/index.php\/wp-json\/wp\/v2\/posts\/31667"}],"collection":[{"href":"http:\/\/hoycordobaweb.com\/index.php\/wp-json\/wp\/v2\/posts"}],"about":[{"href":"http:\/\/hoycordobaweb.com\/index.php\/wp-json\/wp\/v2\/types\/post"}],"author":[{"embeddable":true,"href":"http:\/\/hoycordobaweb.com\/index.php\/wp-json\/wp\/v2\/users\/1"}],"replies":[{"embeddable":true,"href":"http:\/\/hoycordobaweb.com\/index.php\/wp-json\/wp\/v2\/comments?post=31667"}],"version-history":[{"count":0,"href":"http:\/\/hoycordobaweb.com\/index.php\/wp-json\/wp\/v2\/posts\/31667\/revisions"}],"wp:featuredmedia":[{"embeddable":true,"href":"http:\/\/hoycordobaweb.com\/index.php\/wp-json\/wp\/v2\/media\/31668"}],"wp:attachment":[{"href":"http:\/\/hoycordobaweb.com\/index.php\/wp-json\/wp\/v2\/media?parent=31667"}],"wp:term":[{"taxonomy":"category","embeddable":true,"href":"http:\/\/hoycordobaweb.com\/index.php\/wp-json\/wp\/v2\/categories?post=31667"},{"taxonomy":"post_tag","embeddable":true,"href":"http:\/\/hoycordobaweb.com\/index.php\/wp-json\/wp\/v2\/tags?post=31667"}],"curies":[{"name":"wp","href":"https:\/\/api.w.org\/{rel}","templated":true}]}}