{"id":31640,"date":"2021-10-26T11:37:00","date_gmt":"2021-10-26T11:37:00","guid":{"rendered":"http:\/\/hoycordobaweb.com\/index.php\/2021\/10\/26\/italia-planea-extender-la-tercera-dosis-de-vacuna-a-toda-la-poblacion\/"},"modified":"2021-10-26T11:37:00","modified_gmt":"2021-10-26T11:37:00","slug":"italia-planea-extender-la-tercera-dosis-de-vacuna-a-toda-la-poblacion","status":"publish","type":"post","link":"http:\/\/hoycordobaweb.com\/index.php\/2021\/10\/26\/italia-planea-extender-la-tercera-dosis-de-vacuna-a-toda-la-poblacion\/","title":{"rendered":"Italia planea extender la tercera dosis de vacuna a toda la poblaci\u00f3n"},"content":{"rendered":"<p><img src=\"http:\/\/hoycordobaweb.com\/wp-content\/uploads\/2021\/10\/italia-planea-extender-la-tercera-dosis-de-vacuna-a-toda-la-poblacion.jpg\"><\/p>\n<div class=\"image\" id=\"image\" readability=\"7\"> <img src=\"http:\/\/hoycordobaweb.com\/wp-content\/uploads\/2021\/10\/italia-planea-extender-la-tercera-dosis-de-vacuna-a-toda-la-poblacion-2.jpg\" alt=\"La tercera dosis se aplica al menos 28 d\u00edas despu\u00e9s de la segunda.\" title=\"La tercera dosis se aplica al menos 28 d\u00edas despu\u00e9s de la segunda.\"><\/p>\n<p>La tercera dosis se aplica al menos 28 d\u00edas despu\u00e9s de la segunda.<\/p>\n<\/div>\n<p>El Gobierno italiano admiti\u00f3 la posibilidad de extender la tercera dosis de la vacuna contra el coronavirus a toda la poblaci\u00f3n mayor de 12 a\u00f1os, y no solo a los grupos de riesgo como hasta ahora.<\/p>\n<p><strong>\u00abHoy se recomienda para algunas categor\u00edas, en particular las m\u00e1s fr\u00e1giles, pero la tercera dosis de la vacuna anti-Covid para toda la poblaci\u00f3n es un escenario veros\u00edmil\u00bb<\/strong>, dijo el director del Instituto Superior de Sanidad y asesor del Gobierno, Silvio Brusaferro, en declaraciones que publica el diario Corriere.<\/p>\n<p>Italia comenz\u00f3 a fines de septiembre a administrar la tercera dosis de la vacuna a los denominados grupos de riesgo y espera alcanzar a unos tres millones de pacientes, entre ellos personas inmunodeprimidas.<\/p>\n<p>Hasta este martes, seg\u00fan cifras oficiales, <strong>ya recibieron la tercera dosis 889.403 personas de las 44.446.643 que ya fueron inmunizadas y que corresponden al 82,29%<\/strong> de la poblaci\u00f3n mayor de 12 a\u00f1os.<\/p>\n<p>La tercera dosis se aplica al menos 28 d\u00edas despu\u00e9s de la segunda y tras el primer grupo de pacientes de riesgo, luego ser\u00e1 el turno de los mayores de 80 a\u00f1os, trabajadores de la salud y residentes en hogares para ancianos, seg\u00fan el cronograma dispuesto por el ministro de Salud, Roberto Speranza. <\/p>\n","protected":false},"excerpt":{"rendered":"<p>La tercera dosis se aplica al menos 28 d\u00edas despu\u00e9s de la segunda. El Gobierno italiano admiti\u00f3 la posibilidad de extender la tercera dosis de la vacuna contra el coronavirus a toda la poblaci\u00f3n mayor de 12 a\u00f1os, y no solo a los grupos de riesgo como hasta ahora. \u00abHoy se recomienda para algunas categor\u00edas, [&hellip;]<\/p>\n","protected":false},"author":1,"featured_media":31641,"comment_status":"open","ping_status":"closed","sticky":false,"template":"","format":"standard","meta":[],"categories":[24],"tags":[],"_links":{"self":[{"href":"http:\/\/hoycordobaweb.com\/index.php\/wp-json\/wp\/v2\/posts\/31640"}],"collection":[{"href":"http:\/\/hoycordobaweb.com\/index.php\/wp-json\/wp\/v2\/posts"}],"about":[{"href":"http:\/\/hoycordobaweb.com\/index.php\/wp-json\/wp\/v2\/types\/post"}],"author":[{"embeddable":true,"href":"http:\/\/hoycordobaweb.com\/index.php\/wp-json\/wp\/v2\/users\/1"}],"replies":[{"embeddable":true,"href":"http:\/\/hoycordobaweb.com\/index.php\/wp-json\/wp\/v2\/comments?post=31640"}],"version-history":[{"count":0,"href":"http:\/\/hoycordobaweb.com\/index.php\/wp-json\/wp\/v2\/posts\/31640\/revisions"}],"wp:featuredmedia":[{"embeddable":true,"href":"http:\/\/hoycordobaweb.com\/index.php\/wp-json\/wp\/v2\/media\/31641"}],"wp:attachment":[{"href":"http:\/\/hoycordobaweb.com\/index.php\/wp-json\/wp\/v2\/media?parent=31640"}],"wp:term":[{"taxonomy":"category","embeddable":true,"href":"http:\/\/hoycordobaweb.com\/index.php\/wp-json\/wp\/v2\/categories?post=31640"},{"taxonomy":"post_tag","embeddable":true,"href":"http:\/\/hoycordobaweb.com\/index.php\/wp-json\/wp\/v2\/tags?post=31640"}],"curies":[{"name":"wp","href":"https:\/\/api.w.org\/{rel}","templated":true}]}}