{"id":31633,"date":"2021-10-25T14:00:00","date_gmt":"2021-10-25T14:00:00","guid":{"rendered":"https:\/\/fm-comunicar.com.ar\/contenido\/18406\/vuelven-desde-el-1-de-noviembre-dos-recorridos-de-colectivos-que-los-caroyenses-"},"modified":"2021-10-25T14:00:00","modified_gmt":"2021-10-25T14:00:00","slug":"vuelven-desde-el-1-de-noviembre-dos-recorridos-de-colectivos-que-los-caroyenses-piden-hace-tiempo","status":"publish","type":"post","link":"http:\/\/hoycordobaweb.com\/index.php\/2021\/10\/25\/vuelven-desde-el-1-de-noviembre-dos-recorridos-de-colectivos-que-los-caroyenses-piden-hace-tiempo\/","title":{"rendered":"Vuelven desde el 1 de noviembre dos recorridos de colectivos que los caroyenses piden hace tiempo"},"content":{"rendered":"<p>El Intendente Brand\u00e1n y la Legisladora Paola Nanini se reunieron con el Secretario de Transporte. Tras el encuentro, confirman que ERSA volver\u00e1 a tener servicio interurbano y que Fono Bus har\u00e1 viajes a C\u00f3rdoba por Tronco Pozo.<img src=\"http:\/\/hoycordobaweb.com\/wp-content\/uploads\/2021\/10\/vuelven-desde-el-1-de-noviembre-dos-recorridos-de-colectivos-que-los-caroyenses-piden-hace-tiempo.jpg\"><\/p>\n","protected":false},"excerpt":{"rendered":"<p>El Intendente Brand\u00e1n y la Legisladora Paola Nanini se reunieron con el Secretario de Transporte. Tras el encuentro, confirman que ERSA volver\u00e1 a tener servicio interurbano y que Fono Bus har\u00e1 viajes a C\u00f3rdoba por Tronco Pozo.<\/p>\n","protected":false},"author":1,"featured_media":31634,"comment_status":"closed","ping_status":"closed","sticky":false,"template":"","format":"standard","meta":[],"categories":[18],"tags":[],"_links":{"self":[{"href":"http:\/\/hoycordobaweb.com\/index.php\/wp-json\/wp\/v2\/posts\/31633"}],"collection":[{"href":"http:\/\/hoycordobaweb.com\/index.php\/wp-json\/wp\/v2\/posts"}],"about":[{"href":"http:\/\/hoycordobaweb.com\/index.php\/wp-json\/wp\/v2\/types\/post"}],"author":[{"embeddable":true,"href":"http:\/\/hoycordobaweb.com\/index.php\/wp-json\/wp\/v2\/users\/1"}],"replies":[{"embeddable":true,"href":"http:\/\/hoycordobaweb.com\/index.php\/wp-json\/wp\/v2\/comments?post=31633"}],"version-history":[{"count":0,"href":"http:\/\/hoycordobaweb.com\/index.php\/wp-json\/wp\/v2\/posts\/31633\/revisions"}],"wp:featuredmedia":[{"embeddable":true,"href":"http:\/\/hoycordobaweb.com\/index.php\/wp-json\/wp\/v2\/media\/31634"}],"wp:attachment":[{"href":"http:\/\/hoycordobaweb.com\/index.php\/wp-json\/wp\/v2\/media?parent=31633"}],"wp:term":[{"taxonomy":"category","embeddable":true,"href":"http:\/\/hoycordobaweb.com\/index.php\/wp-json\/wp\/v2\/categories?post=31633"},{"taxonomy":"post_tag","embeddable":true,"href":"http:\/\/hoycordobaweb.com\/index.php\/wp-json\/wp\/v2\/tags?post=31633"}],"curies":[{"name":"wp","href":"https:\/\/api.w.org\/{rel}","templated":true}]}}