{"id":31586,"date":"2021-10-21T22:01:42","date_gmt":"2021-10-21T22:01:42","guid":{"rendered":"http:\/\/ladecimaweb.com\/?p=11681"},"modified":"2021-10-21T22:01:42","modified_gmt":"2021-10-21T22:01:42","slug":"el-ciclo-lectivo-2022-comenzara-el-2-de-marzo-y-habra-un-minimo-de-190-dias","status":"publish","type":"post","link":"http:\/\/hoycordobaweb.com\/index.php\/2021\/10\/21\/el-ciclo-lectivo-2022-comenzara-el-2-de-marzo-y-habra-un-minimo-de-190-dias\/","title":{"rendered":"El ciclo lectivo 2022 comenzar\u00e1 el 2 de marzo y habr\u00e1 un m\u00ednimo de 190 d\u00edas"},"content":{"rendered":"<p>El ciclo lectivo 2022 comenzar\u00e1<strong>\u00a0el mi\u00e9rcoles 2 de marzo en todo el pa\u00eds, a excepci\u00f3n de la Ciudad de Buenos Aires que arranca el 21 de febrero y Corrientes el 14 de febrero,<\/strong>\u00a0y tendr\u00e1 un m\u00ednimo de 190 d\u00edas de clases.<\/p>\n<p>As\u00ed lo acordaron las ministras y ministros de las 24 jurisdicciones educativas de todo el pa\u00eds en una nueva reuni\u00f3n del Consejo Federal de Educaci\u00f3n.<\/p>\n<p>Adem\u00e1s, durante la reuni\u00f3n, presidida por el ministro de Educaci\u00f3n nacional, Jaime Perczyk, se estableci\u00f3 la posibilidad de que\u00a0<strong>cada jurisdicci\u00f3n defina sumar d\u00edas y horas para priorizar los aprendizajes afectados por la pandemia del Covid-19 y la recuperaci\u00f3n de los tiempos escolares.<\/strong><\/p>\n<p>Se fijaron tambi\u00e9n 15 d\u00edas de vacaciones durante todo julio para que\u00a0<strong>cada una de las jurisdicciones seleccione dos semanas a fin de promover el turismo local y entre provincias.<\/strong><\/p>\n<p>&#8220;El calendario escolar 2022, que hoy aprobamos, establece al menos 190 d\u00edas de clase. Esta decisi\u00f3n es una expresi\u00f3n de<strong>\u00a0justicia social y el reconocimiento de todo el sistema educativo<\/strong>&#8220;, expres\u00f3 Perczyk, quien agreg\u00f3: &#8220;Debemos dise\u00f1ar y establecer pol\u00edticas p\u00fablicas, estrat\u00e9gicas y de financiamiento para ir a buscar a cada chica y cada chico que se nos fue de la escuela, y\u00a0<strong>garantizar la presencialidad plena<\/strong>. Son 190 d\u00edas para priorizar contenidos y recuperar aprendizajes&#8221;.<\/p>\n<div class=\"ubm_banner\"><a href=\"https:\/\/youtu.be\/YAnjWjTh-xE\" target=\"_blank\" rel=\"dofollow noopener noreferrer\"><img src=\"http:\/\/hoycordobaweb.com\/wp-content\/uploads\/2021\/10\/el-ciclo-lectivo-2022-comenzara-el-2-de-marzo-y-habra-un-minimo-de-190-dias.gif\" alt=\"\"><\/a><\/div>\n<p>La entrada <a rel=\"nofollow\" href=\"https:\/\/ladecimaweb.com\/el-ciclo-lectivo-2022-comenzara-el-2-de-marzo-y-habra-un-minimo-de-190-dias\/\">El ciclo lectivo 2022 comenzar\u00e1 el 2 de marzo y habr\u00e1 un m\u00ednimo de 190 d\u00edas<\/a> se public\u00f3 primero en <a rel=\"nofollow\" href=\"https:\/\/ladecimaweb.com\">LaDecima<\/a>.<\/p>\n","protected":false},"excerpt":{"rendered":"<p>El ciclo lectivo 2022 comenzar\u00e1\u00a0el mi\u00e9rcoles 2 de marzo en todo el pa\u00eds, a excepci\u00f3n de la Ciudad de Buenos Aires que arranca el 21 de febrero y Corrientes el 14 de febrero,\u00a0y tendr\u00e1 un m\u00ednimo de 190 d\u00edas de clases. As\u00ed lo acordaron las ministras y ministros de las 24 jurisdicciones educativas de todo [&hellip;]<\/p>\n","protected":false},"author":1,"featured_media":31587,"comment_status":"closed","ping_status":"closed","sticky":false,"template":"","format":"standard","meta":[],"categories":[19],"tags":[],"_links":{"self":[{"href":"http:\/\/hoycordobaweb.com\/index.php\/wp-json\/wp\/v2\/posts\/31586"}],"collection":[{"href":"http:\/\/hoycordobaweb.com\/index.php\/wp-json\/wp\/v2\/posts"}],"about":[{"href":"http:\/\/hoycordobaweb.com\/index.php\/wp-json\/wp\/v2\/types\/post"}],"author":[{"embeddable":true,"href":"http:\/\/hoycordobaweb.com\/index.php\/wp-json\/wp\/v2\/users\/1"}],"replies":[{"embeddable":true,"href":"http:\/\/hoycordobaweb.com\/index.php\/wp-json\/wp\/v2\/comments?post=31586"}],"version-history":[{"count":0,"href":"http:\/\/hoycordobaweb.com\/index.php\/wp-json\/wp\/v2\/posts\/31586\/revisions"}],"wp:featuredmedia":[{"embeddable":true,"href":"http:\/\/hoycordobaweb.com\/index.php\/wp-json\/wp\/v2\/media\/31587"}],"wp:attachment":[{"href":"http:\/\/hoycordobaweb.com\/index.php\/wp-json\/wp\/v2\/media?parent=31586"}],"wp:term":[{"taxonomy":"category","embeddable":true,"href":"http:\/\/hoycordobaweb.com\/index.php\/wp-json\/wp\/v2\/categories?post=31586"},{"taxonomy":"post_tag","embeddable":true,"href":"http:\/\/hoycordobaweb.com\/index.php\/wp-json\/wp\/v2\/tags?post=31586"}],"curies":[{"name":"wp","href":"https:\/\/api.w.org\/{rel}","templated":true}]}}