{"id":31569,"date":"2021-10-25T09:54:45","date_gmt":"2021-10-25T09:54:45","guid":{"rendered":"https:\/\/www.espinof.com\/trailers\/garcia-primer-trailer-serie-hbo-max-nos-avanza-regreso-superheroe-patrio"},"modified":"2021-10-25T09:54:45","modified_gmt":"2021-10-25T09:54:45","slug":"garcia-el-primer-trailer-de-la-serie-de-hbo-max-nos-avanza-el-regreso-del-superheroe-patrio","status":"publish","type":"post","link":"http:\/\/hoycordobaweb.com\/index.php\/2021\/10\/25\/garcia-el-primer-trailer-de-la-serie-de-hbo-max-nos-avanza-el-regreso-del-superheroe-patrio\/","title":{"rendered":"&#8216;\u00a1Garc\u00eda!&#8217;: el primer tr\u00e1iler de la serie de HBO Max nos avanza el regreso del superh\u00e9roe patrio"},"content":{"rendered":"<p>Se qued\u00f3 pendiente de la presentaci\u00f3n que tuvo <a href=\"https:\/\/www.espinof.com\/hbo\/hbo-max-espana-precio-catalogo-todos-detalles-nueva-plataforma-warnermedia\">HBO Max<\/a> en el <a href=\"https:\/\/www.espinof.com\/trailers\/venga-juan-novedad-todo-otro-desvelan-sus-trailers-hbo-max-presenta-sus-primeras-series-originales-espanolas\">festival de San Sebasti\u00e1n<\/a> pero ha sido en el evento celebrado en Madrid cuando la plataforma nos ha mostrado por fin el <strong>primer teaser tr\u00e1iler<\/strong> de &#8216;<a href=\"https:\/\/www.espinof.com\/proyectos\/hbo-max-eugenio-mira-unen-sus-fuerzas-garcia-adaptacion-novela-grafica-autor-vecino\">\u00a1Garc\u00eda!<\/a>&#8216;, la esperada adaptaci\u00f3n del c\u00f3mic de superh\u00e9roes de Santiago Garc\u00eda y Luis Bustos.<\/p>\n<p><!-- BREAK 1 --><\/p>\n<p>Un primer<strong> avance protagonizado por Antonia<\/strong>, la joven y cabezota periodista encarnada por <strong>Veki Velilla<\/strong>. Investigando un caso de conspiraci\u00f3n se topa con una m\u00e1quina extra\u00f1a, donde dentro se encuentra en animaci\u00f3n suspendida el superh\u00e9roe\/Agente espa\u00f1ol Garc\u00eda.<\/p>\n<p><!-- BREAK 2 --> <\/p>\n<div class=\"article-asset article-asset-normal article-asset-center\">\n<div class=\"desvio-container\">\n<div class=\"desvio\">\n<div class=\"desvio-figure js-desvio-figure\"> <a href=\"https:\/\/www.espinof.com\/fecha-de-estreno\/hbo-hbo-espana-hbo-max-guia-plataformas-warnermedia-que-llega-a-nuestro-pais\"> <img alt=\"HBO, HBO Espa\u00f1a y HBO Max: gu\u00eda para entender las distintas plataformas de WarnerMedia y qu\u00e9 llega a nuestro pa\u00eds\" src=\"http:\/\/hoycordobaweb.com\/wp-content\/uploads\/2021\/10\/garcia-el-primer-trailer-de-la-serie-de-hbo-max-nos-avanza-el-regreso-del-superheroe-patrio.jpg\"> <\/a> <\/div><\/div><\/div>\n<\/div>\n<p><em>En elaboraci\u00f3n<\/em><\/p>\n","protected":false},"excerpt":{"rendered":"<p>Se qued\u00f3 pendiente de la presentaci\u00f3n que tuvo HBO Max en el festival de San Sebasti\u00e1n pero ha sido en el evento celebrado en Madrid cuando la plataforma nos ha mostrado por fin el primer teaser tr\u00e1iler de &#8216;\u00a1Garc\u00eda!&#8216;, la esperada adaptaci\u00f3n del c\u00f3mic de superh\u00e9roes de Santiago Garc\u00eda y Luis Bustos. Un primer avance [&hellip;]<\/p>\n","protected":false},"author":1,"featured_media":31570,"comment_status":"open","ping_status":"closed","sticky":false,"template":"","format":"standard","meta":[],"categories":[1],"tags":[],"_links":{"self":[{"href":"http:\/\/hoycordobaweb.com\/index.php\/wp-json\/wp\/v2\/posts\/31569"}],"collection":[{"href":"http:\/\/hoycordobaweb.com\/index.php\/wp-json\/wp\/v2\/posts"}],"about":[{"href":"http:\/\/hoycordobaweb.com\/index.php\/wp-json\/wp\/v2\/types\/post"}],"author":[{"embeddable":true,"href":"http:\/\/hoycordobaweb.com\/index.php\/wp-json\/wp\/v2\/users\/1"}],"replies":[{"embeddable":true,"href":"http:\/\/hoycordobaweb.com\/index.php\/wp-json\/wp\/v2\/comments?post=31569"}],"version-history":[{"count":0,"href":"http:\/\/hoycordobaweb.com\/index.php\/wp-json\/wp\/v2\/posts\/31569\/revisions"}],"wp:featuredmedia":[{"embeddable":true,"href":"http:\/\/hoycordobaweb.com\/index.php\/wp-json\/wp\/v2\/media\/31570"}],"wp:attachment":[{"href":"http:\/\/hoycordobaweb.com\/index.php\/wp-json\/wp\/v2\/media?parent=31569"}],"wp:term":[{"taxonomy":"category","embeddable":true,"href":"http:\/\/hoycordobaweb.com\/index.php\/wp-json\/wp\/v2\/categories?post=31569"},{"taxonomy":"post_tag","embeddable":true,"href":"http:\/\/hoycordobaweb.com\/index.php\/wp-json\/wp\/v2\/tags?post=31569"}],"curies":[{"name":"wp","href":"https:\/\/api.w.org\/{rel}","templated":true}]}}