{"id":31552,"date":"2021-10-24T12:45:23","date_gmt":"2021-10-24T12:45:23","guid":{"rendered":"https:\/\/www.mujerhoy.com\/moda\/no-te-pierdas\/carmen-lomana-look-polemica-top-corto-uterque-pantalones-ajustados-rejuvenece-elegante-criticas-instagram-20211023105705-nt.html"},"modified":"2021-10-24T12:45:23","modified_gmt":"2021-10-24T12:45:23","slug":"el-look-mas-criticado-de-carmen-lomana-un-top-con-pantalones-ajustados-con-los-que-demuestra-que-se-puede-ir-elegante-y-juvenil","status":"publish","type":"post","link":"http:\/\/hoycordobaweb.com\/index.php\/2021\/10\/24\/el-look-mas-criticado-de-carmen-lomana-un-top-con-pantalones-ajustados-con-los-que-demuestra-que-se-puede-ir-elegante-y-juvenil\/","title":{"rendered":"El look m\u00e1s criticado de Carmen Lomana: un top con pantalones ajustados con los que demuestra que se puede ir elegante y juvenil"},"content":{"rendered":"<p><!-- AUTHOR --><!-- COMPONENTS --><\/p>\n<p class=\"voc-paragraph\"><strong>Carmen Lomana<\/strong> demuestra a diario que para ella la edad no es ning\u00fan problema, que disfruta con la moda como nadie y que se atreve con todo haciendo siempre alarde de <strong>su elegancia y estilo<\/strong>. Su perfil de Instagram es una gran fuente de inspiraci\u00f3n y en \u00e9l podemos encontrar looks como<br \/>\n<a data-voc-vtm-id=\"in-text-traffic\" href=\"https:\/\/www.mujerhoy.com\/moda\/no-te-pierdas\/carmen-lomana-traje-azul-zara-blazer-look-favorito-famosas-rejuvenece-ponible-20211004115719-nt.html\"> este bonito traje azul<\/a> o <a data-voc-vtm-id=\"in-text-traffic\" href=\"https:\/\/www.mujerhoy.com\/moda\/no-te-pierdas\/carmen-lomana-vestido-negro-zara-barato-midi-sienta-bien-estiliza-rejuvenece-mango-20211008123054-nt.html\">este vestido negro tan favorecedor<\/a>. Su \u00faltima propuesta ha sido un <strong>outfit casual<\/strong> muy f\u00e1cil de copiar que ha despertado muchas cr\u00edticas y que estaba protagonizado por <a data-voc-vtm-id=\"in-text-traffic\" href=\"https:\/\/www.mujerhoy.com\/moda\/no-te-pierdas\/carmen-lomana-pantalones-vaqueros-zara-blusa-blanca-uterque-look-barato-rejuvenece-20210916114632-nt.html\">este top de Uterq\u00fce<\/a> que ya llev\u00f3 una vez con <strong>vaqueros de Zara<\/strong>.\n<\/p>\n<p class=\"voc-paragraph\">Carmen no quiso perderse la fiesta de<br \/>\n<strong> inauguraci\u00f3n de la nueva tienda de Momoni <\/strong>en Madrid. La firma italiana ha llegado a la capital con una <i>store <\/i>situada en la calle Claudio Coello y lo ha hecho con una <i>open party<\/i> por todo lo alto a la que no faltaron rostros conocidos como Carmen Lomana. Para la ocasi\u00f3n, la socialit\u00e9 escogi\u00f3 un look con el que <strong>demostr\u00f3 que no hace falta escoger prendas demasiado sofisticadas para estar de diez<\/strong>, sino saberlas combinar bien y apostar por dise\u00f1os estructurados que mejoren la silueta.\n<\/p>\n<p class=\"voc-paragraph\">De esta forma, luci\u00f3 un <strong>top cropped de Utreq\u00fce con mangas abullonadas<\/strong>, y escote en pico caracterizado por un bonito dise\u00f1o con bordado cuerda. \u00a1Ideal! Un b\u00e1sico con toque especial que cuesta <strong>89 euros <\/strong>y que ya est\u00e1 casi agotado en la web de la firma. Carmen lo combin\u00f3 con unos<br \/>\n<strong> pantalones de pinzas en color camel<\/strong>, de talle alto y corte ajustado que complet\u00f3 con un cintur\u00f3n y unos zapatos bicolor de Chanel.\n<\/p>\n<div class=\"voc-detail__cmp\">\n<div class=\"voc-article-container\">\n<article class=\"voc-article voc-article--cmp-photo-text\">\n<div class=\"voc-img-container\"><picture>\n<div class=\"voc-horizontal voc-img-icon-link\"><img class=\"lazy\" loading=\"lazy\" data-original=\"\/\/static2.mujerhoy.com\/www\/multimedia\/202110\/23\/media\/cortadas\/top-uterque-blusa-blanca-kNRB--624x624@MujerHoy.jpg\" alt><\/div>\n<\/picture>\n<p class=\"figure-caption \"><span class=\"voc-photo-author\"> uterq\u00fce <\/span><\/p>\n<\/div>\n<\/article>\n<\/div>\n<\/div>\n<p class=\"voc-paragraph\">Un estilismo sencillo, pero con el que Carmen estaba ideal y que, al parecer, no gust\u00f3 mucho a sus seguidores. La socialit\u00e9 recibi\u00f3 algunas cr\u00edticas por usar un top en que se le ve\u00eda la barriga y que la acusaban de usar ropa \u00abno acorde a su edad\u00bb. Unas palabras de las que Carmen se defendi\u00f3: \u00abMe parece una gran equivocaci\u00f3n que algunas seguidoras m\u00edas<br \/>\n<strong> vivan obsesionadas con la edad poni\u00e9ndose ellas mismas limitaciones absurdas<\/strong>. Cada uno tiene los a\u00f1os que se siente y por supuesto su actitud abierta, libre sin complejos. <strong>Uno es viejo cuando se siente viejo<\/strong>&#8230; Tenga treinta o noventa. <strong>Me critican porque ense\u00f1o un poco el est\u00f3mago<\/strong>\u2026 Me da risa, \u00bftienen verg\u00fcenza de su cuerpo? A ellas les encantar\u00eda, estoy segura, pero no pueden o se autocensuran\u00ab. \u00a1Brava!\n<\/p>\n<div class=\"voc-detail__cmp voc-detail__cmp--pad-lr voc-detail__cmp--pad-lr--bdr\">\n<div class=\"voc-ficha-detail__wrapper\">\n<section class=\"voc-ficha-detail\">\n<h4 class=\"voc-ficha-detail-title voc-title-section\">te recomendamos<\/h4>\n<\/section>\n<\/div>\n<\/div>\n<p><!-- TOPICS --><\/p>\n","protected":false},"excerpt":{"rendered":"<p>Carmen Lomana demuestra a diario que para ella la edad no es ning\u00fan problema, que disfruta con la moda como nadie y que se atreve con todo haciendo siempre alarde de su elegancia y estilo. Su perfil de Instagram es una gran fuente de inspiraci\u00f3n y en \u00e9l podemos encontrar looks como este bonito traje [&hellip;]<\/p>\n","protected":false},"author":1,"featured_media":31553,"comment_status":"closed","ping_status":"closed","sticky":false,"template":"","format":"standard","meta":[],"categories":[1],"tags":[],"_links":{"self":[{"href":"http:\/\/hoycordobaweb.com\/index.php\/wp-json\/wp\/v2\/posts\/31552"}],"collection":[{"href":"http:\/\/hoycordobaweb.com\/index.php\/wp-json\/wp\/v2\/posts"}],"about":[{"href":"http:\/\/hoycordobaweb.com\/index.php\/wp-json\/wp\/v2\/types\/post"}],"author":[{"embeddable":true,"href":"http:\/\/hoycordobaweb.com\/index.php\/wp-json\/wp\/v2\/users\/1"}],"replies":[{"embeddable":true,"href":"http:\/\/hoycordobaweb.com\/index.php\/wp-json\/wp\/v2\/comments?post=31552"}],"version-history":[{"count":0,"href":"http:\/\/hoycordobaweb.com\/index.php\/wp-json\/wp\/v2\/posts\/31552\/revisions"}],"wp:featuredmedia":[{"embeddable":true,"href":"http:\/\/hoycordobaweb.com\/index.php\/wp-json\/wp\/v2\/media\/31553"}],"wp:attachment":[{"href":"http:\/\/hoycordobaweb.com\/index.php\/wp-json\/wp\/v2\/media?parent=31552"}],"wp:term":[{"taxonomy":"category","embeddable":true,"href":"http:\/\/hoycordobaweb.com\/index.php\/wp-json\/wp\/v2\/categories?post=31552"},{"taxonomy":"post_tag","embeddable":true,"href":"http:\/\/hoycordobaweb.com\/index.php\/wp-json\/wp\/v2\/tags?post=31552"}],"curies":[{"name":"wp","href":"https:\/\/api.w.org\/{rel}","templated":true}]}}