{"id":31512,"date":"2021-10-24T08:00:34","date_gmt":"2021-10-24T08:00:34","guid":{"rendered":"https:\/\/www.espinof.com\/directores-y-guionistas\/directora-the-marvels-cree-que-capitan-america-responsable-chasquido-thanos-escogio-vida-robot-universo-entero"},"modified":"2021-10-24T08:00:34","modified_gmt":"2021-10-24T08:00:34","slug":"la-directora-de-the-marvels-cree-que-el-capitan-america-es-el-responsable-del-chasquido-de-thanos-escogio-la-vida-de-un-robot-sobre-el-universo-entero","status":"publish","type":"post","link":"http:\/\/hoycordobaweb.com\/index.php\/2021\/10\/24\/la-directora-de-the-marvels-cree-que-el-capitan-america-es-el-responsable-del-chasquido-de-thanos-escogio-la-vida-de-un-robot-sobre-el-universo-entero\/","title":{"rendered":"La directora de &#8216;The Marvels&#8217; cree que el Capit\u00e1n Am\u00e9rica es el responsable del chasquido de Thanos: \u00abEscogi\u00f3 la vida de un robot sobre el universo entero\u00bb"},"content":{"rendered":"<p>Aunque ya hayan pasado tres a\u00f1os desde que ese instante nos dejase a muchos clavados en la butaca del cine con la mand\u00edbula desencajada y dominados por la sensaci\u00f3n de incredulidad, <strong>el chasquido con el que Thanos erradic\u00f3 a la mitad de habitantes del universo<\/strong> en la espectacular <a href=\"http:\/\/www.espinof.com\/tag\/vengadores-infinity-war\">&#8216;Vengadores: Infinity War&#8217;<\/a> \u2014que, dicho sea de paso, a\u00fan no ha sido superada y no espero que se haga a corto plazo\u2014 sigue trayendo cola. <\/p>\n<p><!-- BREAK 1 --><!--more--><\/p>\n<h2>Buscando responsables<\/h2>\n<p>La \u00faltima <em>insider<\/em> en dar su punto de vista sobre el fat\u00eddico evento que marc\u00f3 un antes y un despu\u00e9s en el Universo Cinematogr\u00e1fico de Marvel ha sido Nia DaCosta, la realizadora encargada de dirigir la secuela de <a href=\"http:\/\/www.espinof.com\/tag\/capitana-marvel\">&#8216;Capitana Marvel&#8217;<\/a> que se estrenar\u00e1 bajo el t\u00edtulo de <a href=\"http:\/\/www.espinof.com\/tag\/the-marvels\">&#8216;The Marvels&#8217;<\/a>, que ha hablado sobre <strong>la responsabilidad del Capit\u00e1n Am\u00e9rica<\/strong> en una entrevista con <a href=\"https:\/\/www.inverse.com\/entertainment\/nia-dacosta-roxane-gay-interview\">Inverse<\/a>.<\/p>\n<p><!-- BREAK 2 --> <\/p>\n<div class=\"article-asset article-asset-normal article-asset-center\">\n<div class=\"desvio-container\">\n<div class=\"desvio\">\n<div class=\"desvio-figure js-desvio-figure\"> <a href=\"https:\/\/www.espinof.com\/listas\/que-pasaria-todos-episodios-serie-marvel-ordenados-peor-a-mejor\"> <img alt=\"'\u00bfQu\u00e9 pasar\u00eda si...?': todos los episodios de la serie de Marvel ordenados de peor a mejor \" src=\"http:\/\/hoycordobaweb.com\/wp-content\/uploads\/2021\/10\/la-directora-de-the-marvels-cree-que-el-capitan-america-es-el-responsable-del-chasquido-de-thanos-escogio-la-vida-de-un-robot-sobre-el-universo-entero.jpg\"> <\/a> <\/div><\/div><\/div>\n<\/div>\n<p>En ella, la realizadora de la nueva <a href=\"http:\/\/www.espinof.com\/tag\/candyman\">&#8216;Candyman&#8217;<\/a> <strong>ha situado al bueno de Steve Rogers m\u00e1s cerca de la figura del antih\u00e9roe<\/strong> un tanto ego\u00edsta que del salvador implacable que suele tenerse en mente cuando se piensa en \u00e9l. Y parte de raz\u00f3n tiene. <\/p>\n<p><!-- BREAK 3 --><\/p>\n<blockquote readability=\"16\">\n<p>\u00abAlgo que me gusta decir con un poco de frivolidad sobre el Capit\u00e1n Am\u00e9rica es que el chasquido es \u00fanicamente culpa suya porque estaba intentando hacerlo lo mejor posible, intentando hacer lo correcto. Hay un mundo en el que es un villano porque, al final del d\u00eda, tan s\u00f3lo deber\u00eda haber sacrificado a Vision. Escogi\u00f3 la vida de un robot, aunque sea uno con consciencia, sobre, literalmente, el universo entero. Si quieres mirarlo bajo ese prisma, hay una especie de antih\u00e9roe en ello\u00bb. <\/p>\n<\/blockquote>\n<p>Desde que se estren\u00f3 &#8216;Infinity War&#8217;, el debate sobre qui\u00e9n es el verdadero responsable de que Thanos llegase a utilizar las Gemas del Infinito ha estado a la orden del d\u00eda. <strong>Unos han apuntado a un Thor demasiado confiado en s\u00ed mismo, otros a un Star-Lord que se dej\u00f3 llevar por lo emocional<\/strong> y ahora DaCosta ha abierto este mel\u00f3n que, lo \u00fanico que deja claro es que hasta los superh\u00e9roes m\u00e1s poderosos del Multiverso destacan por su imperfecci\u00f3n.<\/p>\n<p><!-- BREAK 4 --> <\/p>\n","protected":false},"excerpt":{"rendered":"<p>Aunque ya hayan pasado tres a\u00f1os desde que ese instante nos dejase a muchos clavados en la butaca del cine con la mand\u00edbula desencajada y dominados por la sensaci\u00f3n de incredulidad, el chasquido con el que Thanos erradic\u00f3 a la mitad de habitantes del universo en la espectacular &#8216;Vengadores: Infinity War&#8217; \u2014que, dicho sea de [&hellip;]<\/p>\n","protected":false},"author":1,"featured_media":31513,"comment_status":"open","ping_status":"closed","sticky":false,"template":"","format":"standard","meta":[],"categories":[1],"tags":[],"_links":{"self":[{"href":"http:\/\/hoycordobaweb.com\/index.php\/wp-json\/wp\/v2\/posts\/31512"}],"collection":[{"href":"http:\/\/hoycordobaweb.com\/index.php\/wp-json\/wp\/v2\/posts"}],"about":[{"href":"http:\/\/hoycordobaweb.com\/index.php\/wp-json\/wp\/v2\/types\/post"}],"author":[{"embeddable":true,"href":"http:\/\/hoycordobaweb.com\/index.php\/wp-json\/wp\/v2\/users\/1"}],"replies":[{"embeddable":true,"href":"http:\/\/hoycordobaweb.com\/index.php\/wp-json\/wp\/v2\/comments?post=31512"}],"version-history":[{"count":0,"href":"http:\/\/hoycordobaweb.com\/index.php\/wp-json\/wp\/v2\/posts\/31512\/revisions"}],"wp:featuredmedia":[{"embeddable":true,"href":"http:\/\/hoycordobaweb.com\/index.php\/wp-json\/wp\/v2\/media\/31513"}],"wp:attachment":[{"href":"http:\/\/hoycordobaweb.com\/index.php\/wp-json\/wp\/v2\/media?parent=31512"}],"wp:term":[{"taxonomy":"category","embeddable":true,"href":"http:\/\/hoycordobaweb.com\/index.php\/wp-json\/wp\/v2\/categories?post=31512"},{"taxonomy":"post_tag","embeddable":true,"href":"http:\/\/hoycordobaweb.com\/index.php\/wp-json\/wp\/v2\/tags?post=31512"}],"curies":[{"name":"wp","href":"https:\/\/api.w.org\/{rel}","templated":true}]}}