{"id":31499,"date":"2021-10-23T11:45:16","date_gmt":"2021-10-23T11:45:16","guid":{"rendered":"https:\/\/www.mujerhoy.com\/vivir\/decoracion\/tendencias-decoracion-expertos-milan-muebles-salon-bonito-20211023124326-nt.html"},"modified":"2021-10-23T11:45:16","modified_gmt":"2021-10-23T11:45:16","slug":"sabemos-cuales-son-las-tendencias-de-decoracion-de-la-temporada-segun-los-expertos-y-las-vas-a-querer-ya-mismo-en-tu-salon","status":"publish","type":"post","link":"http:\/\/hoycordobaweb.com\/index.php\/2021\/10\/23\/sabemos-cuales-son-las-tendencias-de-decoracion-de-la-temporada-segun-los-expertos-y-las-vas-a-querer-ya-mismo-en-tu-salon\/","title":{"rendered":"Sabemos cu\u00e1les son las tendencias de decoraci\u00f3n de la temporada seg\u00fan los expertos (y las vas a querer ya mismo en tu sal\u00f3n"},"content":{"rendered":"<p><!-- AUTHOR --><!-- COMPONENTS --><\/p>\n<p class=\"voc-paragraph\">Cromatismo audaz\n<\/p>\n<p class=\"voc-paragraph\">Entre las nuevas coordenadas apuntadas, vimos nuevas y m\u00e1s potentes tonalidades, sintetizadas en las l\u00e1mparas 265 Chromatica de Paolo Rizzatto para Flos.\n<\/p>\n<div class=\"voc-detail__cmp\">\n<div class=\"voc-article-container\">\n<article class=\"voc-article voc-article--cmp-photo-text\">\n<div class=\"voc-img-container\"><picture>\n<div class=\"voc-horizontal voc-img-icon-link\"><img class=\"lazy\" loading=\"lazy\" data-original=\"\/\/static.mujerhoy.com\/www\/multimedia\/202110\/22\/media\/cortadas\/cromatismo-audaz-kOwB--624x624@MujerHoy.jpg\" alt><\/div>\n<\/picture><\/div>\n<\/article>\n<\/div>\n<\/div>\n<p><h3 class=\"voc-detail__title\"> Me siento bien<br \/>\n<\/h3>\n<\/p>\n<p class=\"voc-paragraph\">SuperSalone, celebrado en septiembre tras un a\u00f1o de ausencia, ha sido la versi\u00f3n sint\u00e9tica de la gran feria del dise\u00f1o que, en 2022, recuperar\u00e1 en abril el ritmo postpand\u00e9mico. La pieza estrella de esta edici\u00f3n ha sido la silla y otras formas de asiento. A ellas se han dedicado los grandes, como Philippe Starck para Andreu World (izq.) y Tobia Scarpa para Cassina (arriba).\n<\/p>\n<p><h3 class=\"voc-detail__title\"> Nuevo modernismo<br \/>\n<\/h3>\n<\/p>\n<p class=\"voc-paragraph\">Como dijo hace ya m\u00e1s de un siglo el pr\u00f3cer de la arquitectura Louis Sullivan, \u00abla forma sigue a la funci\u00f3n\u00bb. En la feria de Mil\u00e1n se han exhibido abundantes objetos que cumplen con esa premisa<br \/>\n<strong>: primero la funcionalidad y luego la casi art\u00edstica est\u00e9tica<\/strong>. Las piezas manufacturadas en delicado pero s\u00f3lido cristal de Tonellidesign (muebles, espejos, l\u00e1mparas&#8230;) son las que mejor han convertido la utilidad en deleite visual.\n<\/p>\n<p><h3 class=\"voc-detail__title\"> Amar\u00e1s los libros<br \/>\n<\/h3>\n<\/p>\n<p class=\"voc-paragraph\">El shelfie es el nuevo selfie, y la profusi\u00f3n de todo <strong>tipo de librer\u00edas en los stands del Mobile.Milano<\/strong> (como la de Flexform, que estrenaba flagship store) nos indica que tanto clientes como dise\u00f1adores quieren honrar de nuevo al papel y dar un respiro a las pantallas. Esas estanter\u00edas piden ser llenadas con libros sobre dise\u00f1o como Di\u00e1logos sobre el trabajo (Andreu World).\n<\/p>\n<div class=\"voc-detail__cmp\">\n<div class=\"voc-article-container\">\n<article class=\"voc-article voc-article--cmp-photo-text\">\n<div class=\"voc-img-container\"><picture>\n<div class=\"voc-horizontal voc-img-icon-link\"><img class=\"lazy\" loading=\"lazy\" data-original=\"\/\/static2.mujerhoy.com\/www\/multimedia\/202110\/22\/media\/cortadas\/libros-deco-kOwB-U150914834141QwF-624x385@MujerHoy.jpg\" alt><\/div>\n<\/picture><\/div>\n<\/article>\n<\/div>\n<\/div>\n<p><h3 class=\"voc-detail__title\"> Oro parece&#8230;<br \/>\n<\/h3>\n<\/p>\n<p class=\"voc-paragraph\">De las sillas de Roberto Palomba y Ludovica Serafini para Versace Home a los armarios Antichit\u00e0 Contemporanea de Fornasetti pasando por <strong>los grifos de Ritmonio<\/strong>, el SuperSalone ha demostrado que, en el dise\u00f1o, vuelve a regir el patr\u00f3n oro como sin\u00f3nimo de lujo y estilo. Si es que alguna vez dej\u00f3 de serlo.\n<\/p>\n<div class=\"voc-detail__cmp\">\n<div class=\"voc-article-container\">\n<article class=\"voc-article voc-article--cmp-photo-text\">\n<div class=\"voc-img-container\"><picture>\n<div class=\"voc-horizontal voc-img-icon-link\"><img class=\"lazy\" loading=\"lazy\" data-original=\"\/\/static2.mujerhoy.com\/www\/multimedia\/202110\/22\/media\/cortadas\/oro-parece-kOwB-U1509148341413RF-624x385@MujerHoy.jpg\" alt><\/div>\n<\/picture><\/div>\n<\/article>\n<\/div>\n<\/div>\n<p><h3 class=\"voc-detail__title\"> Era espacial<br \/>\n<\/h3>\n<\/p>\n<p class=\"voc-paragraph\">En la instalaci\u00f3n en la feria del dise\u00f1o de la ic\u00f3nica Molteni&amp;C, Ron Gilad ha recurrido a los archivos de Gio Ponti para <strong>recomponer las oficinas neoyorquinas y la terminal milanesa de Alitalia<\/strong> que en los a\u00f1os 50 imagin\u00f3 el genio italiano: es la forma que tiene el dise\u00f1o de recordarnos que viajar (a trav\u00e9s del espacio y del tiempo) es uno de sus talentos.\n<\/p>\n<div class=\"voc-detail__cmp\">\n<div class=\"voc-article-container\">\n<article class=\"voc-article voc-article--cmp-photo-text\">\n<div class=\"voc-img-container\"><picture>\n<div class=\"voc-horizontal voc-img-icon-link\"><img class=\"lazy\" loading=\"lazy\" data-original=\"\/\/static.mujerhoy.com\/www\/multimedia\/202110\/22\/media\/cortadas\/era-espacial-kOwB--624x624@MujerHoy.jpg\" alt><\/div>\n<\/picture><\/div>\n<\/article>\n<\/div>\n<\/div>\n<p><h3 class=\"voc-detail__title\"> Grabado en marmol<br \/>\n<\/h3>\n<\/p>\n<p class=\"voc-paragraph\">La mesa Sengu de Patricia Urquiola para Cassina, como otras piezas presentadas y celebradas en esta edici\u00f3n, reivindica el <strong>po\u00e9tico acabado del m\u00e1rmol<\/strong>, en detrimento de otras superficies como el terrazo.\n<\/p>\n<div class=\"voc-detail__cmp\">\n<div class=\"voc-article-container\">\n<article class=\"voc-article voc-article--cmp-photo-text\">\n<div class=\"voc-img-container\"><picture>\n<div class=\"voc-horizontal voc-img-icon-link\"><img class=\"lazy\" loading=\"lazy\" data-original=\"\/\/static2.mujerhoy.com\/www\/multimedia\/202110\/22\/media\/cortadas\/grabado-marmol-kOwB-U150914834141EAD-624x385@MujerHoy.jpg\" alt><\/div>\n<\/picture><\/div>\n<\/article>\n<\/div>\n<\/div>\n<p><h3 class=\"voc-detail__title\"> Minimalismo que nos une<br \/>\n<\/h3>\n<\/p>\n<p class=\"voc-paragraph\">Lo bueno, si minimal, dos veces bueno. Varios <strong>objetos de deseo presentados en Mil\u00e1n<\/strong>, como la po\u00e9tica colecci\u00f3n Le Nasse e L&#8217;Olio de Simone Micheli para Blueside Emotional Design (a la izquierda) y la l\u00e1mpara Coordinates en acabado plata de Luna, del chipriota Michael Anastassiades, son la m\u00e1s elocuente prueba.tat.\n<\/p>\n<div class=\"voc-detail__cmp voc-detail__cmp--pad-lr voc-detail__cmp--pad-lr--bdr\">\n<div class=\"voc-ficha-detail__wrapper\">\n<section class=\"voc-ficha-detail\">\n<h4 class=\"voc-ficha-detail-title voc-title-section\">Te recomendamos<\/h4>\n<\/section>\n<\/div>\n<\/div>\n<p><h3 class=\"voc-detail__title\"> Exteriorismo dentro y fuera<br \/>\n<\/h3>\n<\/p>\n<p class=\"voc-paragraph\">Las grandes firmas y los m\u00e1s creativos dise\u00f1adores han tomado nota de una de las mayores ense\u00f1anzas que la pandemia y el confinamiento nos han dejado:<br \/>\n<strong> un espacio exterior conlleva una gran responsabilidad<\/strong>. Por eso, conviene habitarlo con piezas tanto o m\u00e1s exquisitas que las que usar\u00edamos en el interior, como las de la George Collection Grafite, dise\u00f1ada por los italianos Ludovica y Roberto Palomba para Talenti.\n<\/p>\n<div class=\"voc-detail__cmp\">\n<div class=\"voc-article-container\">\n<article class=\"voc-article voc-article--cmp-photo-text\">\n<div class=\"voc-img-container\"><picture>\n<div class=\"voc-horizontal voc-img-icon-link\"><img class=\"lazy\" loading=\"lazy\" data-original=\"\/\/static.mujerhoy.com\/www\/multimedia\/202110\/22\/media\/cortadas\/exteriorismo-deco-kOwB-U1509148341418JB-624x385@MujerHoy.jpg\" alt><\/div>\n<\/picture><\/div>\n<\/article>\n<\/div>\n<\/div>\n<p><!-- TOPICS --><\/p>\n","protected":false},"excerpt":{"rendered":"<p>Cromatismo audaz Entre las nuevas coordenadas apuntadas, vimos nuevas y m\u00e1s potentes tonalidades, sintetizadas en las l\u00e1mparas 265 Chromatica de Paolo Rizzatto para Flos. Me siento bien SuperSalone, celebrado en septiembre tras un a\u00f1o de ausencia, ha sido la versi\u00f3n sint\u00e9tica de la gran feria del dise\u00f1o que, en 2022, recuperar\u00e1 en abril el ritmo [&hellip;]<\/p>\n","protected":false},"author":1,"featured_media":31500,"comment_status":"closed","ping_status":"closed","sticky":false,"template":"","format":"standard","meta":[],"categories":[1],"tags":[],"_links":{"self":[{"href":"http:\/\/hoycordobaweb.com\/index.php\/wp-json\/wp\/v2\/posts\/31499"}],"collection":[{"href":"http:\/\/hoycordobaweb.com\/index.php\/wp-json\/wp\/v2\/posts"}],"about":[{"href":"http:\/\/hoycordobaweb.com\/index.php\/wp-json\/wp\/v2\/types\/post"}],"author":[{"embeddable":true,"href":"http:\/\/hoycordobaweb.com\/index.php\/wp-json\/wp\/v2\/users\/1"}],"replies":[{"embeddable":true,"href":"http:\/\/hoycordobaweb.com\/index.php\/wp-json\/wp\/v2\/comments?post=31499"}],"version-history":[{"count":0,"href":"http:\/\/hoycordobaweb.com\/index.php\/wp-json\/wp\/v2\/posts\/31499\/revisions"}],"wp:featuredmedia":[{"embeddable":true,"href":"http:\/\/hoycordobaweb.com\/index.php\/wp-json\/wp\/v2\/media\/31500"}],"wp:attachment":[{"href":"http:\/\/hoycordobaweb.com\/index.php\/wp-json\/wp\/v2\/media?parent=31499"}],"wp:term":[{"taxonomy":"category","embeddable":true,"href":"http:\/\/hoycordobaweb.com\/index.php\/wp-json\/wp\/v2\/categories?post=31499"},{"taxonomy":"post_tag","embeddable":true,"href":"http:\/\/hoycordobaweb.com\/index.php\/wp-json\/wp\/v2\/tags?post=31499"}],"curies":[{"name":"wp","href":"https:\/\/api.w.org\/{rel}","templated":true}]}}