{"id":31471,"date":"2021-10-22T22:00:10","date_gmt":"2021-10-22T22:00:10","guid":{"rendered":"http:\/\/ladecimaweb.com\/?p=11700"},"modified":"2021-10-22T22:00:10","modified_gmt":"2021-10-22T22:00:10","slug":"mas-de-14-mil-alumnos-se-vacunaron-contra-el-coronavirus-en-cordoba","status":"publish","type":"post","link":"http:\/\/hoycordobaweb.com\/index.php\/2021\/10\/22\/mas-de-14-mil-alumnos-se-vacunaron-contra-el-coronavirus-en-cordoba\/","title":{"rendered":"M\u00e1s de 14 mil alumnos se vacunaron contra el coronavirus en C\u00f3rdoba"},"content":{"rendered":"<p><em>(Prensa de Gobierno)<\/em> El Ministerio de Salud, en un trabajo en com\u00fan con el Ministerio de Educaci\u00f3n, contin\u00faan con el plan de vacunaci\u00f3n contra el Covid-19 en diferentes escuelas de la ciudad Capital.<\/p>\n<p>A la fecha,\u00a0<strong>esta estrategia de vacunaci\u00f3n alcanz\u00f3 a 14.526 alumnos y alumnas de 49 instituciones educativas.<\/strong><\/p>\n<p>El objetivo de estas acciones territoriales, es disminuir la circulaci\u00f3n del virus, fortalecer la presencialidad en las escuelas y avanzar sobre la cobertura de menores.<\/p>\n<p>Cabe se\u00f1alar que,\u00a0<strong>en el caso de los menores de 18 a\u00f1os, para recibir la inoculaci\u00f3n es necesario contar con la autorizaci\u00f3n<\/strong>\u00a0por parte del padre, madre o adulto responsable a cargo.<\/p>\n<p><strong>Cronograma Semanal:<\/strong><\/p>\n<p><strong>LUNES 25<\/strong><\/p>\n<ul>\n<li>Gobernador Emilio F. Olmos, de B\u00b0 Parque Capital.<\/li>\n<li>Blas Parera, de B\u00b0 Marechal.<\/li>\n<li>I.P.E.M. N\u00ba 134 Ing. Regino Maders, de B\u00b0 General Bustos.<\/li>\n<li>I.P.E.M. N\u00ba 155 Juan Jos\u00e9 Paso, de B\u00b0 Zumar\u00e1n.<\/li>\n<li>Instituto Bernardo Houssay, de B\u00b0 Ampliaci\u00f3n Residencial Am\u00e9rica.<\/li>\n<li>Escuela Gobernador Emilio F. Olmos, de B\u00b0 Parque Capital.<\/li>\n<li>Madre Teresa de Calcuta, de B\u00b0 Cerveceros.<\/li>\n<\/ul>\n<p><strong>MARTES 26<\/strong><\/p>\n<ul>\n<li>J. de Inf. Gral. Enrique Mosconi, de B\u00b0 Alto Alberdi<\/li>\n<li>J. de Inf. Rep\u00fablica De Chile, de B\u00b0 Ayacucho<\/li>\n<li>I.P.E.M. N\u00ba 187 Jos\u00e9 Am\u00e9rico Malanca, de B\u00b0 Villa Centenario<\/li>\n<li>I.P.E.M. N\u00ba 3 Gral. Juan Bautista Bustos, de B\u00b0 Pueyrred\u00f3n.<\/li>\n<li>Escuela Libertador General San Martin, de B\u00b0 Ferreyra.<\/li>\n<li>Escuela Gdor. Jose Vicente De Olmos, de B\u00b0 Nueva C\u00f3rdoba.<\/li>\n<\/ul>\n<p><strong>MIERCOLES 27<\/strong><\/p>\n<ul>\n<li>J. de Inf. Rep\u00fablica De Venezuela, de B\u00b0 Chateau Carreras.<\/li>\n<li>I.P.E.M. N\u00ba 202 Dr. Luis Federico Leloir, de B\u00b0 Los Boulevares.<\/li>\n<li>I.P.E.M. N\u00b0 191 \u2013 Monse\u00f1or Enrique Angelelli, de B\u00b0 Arturo Capdevila.<\/li>\n<li>Escuela Aeron\u00e1utica Argentina, de B\u00b0 Matienzo.<\/li>\n<li>Escuela Rep\u00fablica Argentina, de B\u00b0 Ameghino Sur.<\/li>\n<li>Escuela Gabriela Mistral, de B\u00b0 Quebrada de Las Rosas.<\/li>\n<\/ul>\n<p><strong>JUEVES 28<\/strong><\/p>\n<ul>\n<li>I.P.E.M. N\u00ba 86 Gabriela Mistral, de B\u00b0 Centro.<\/li>\n<li>I.P.E.M. N\u00b0 181 \u2013 Brigadier Gral. Cornelio de Saavedra, de B\u00b0 Junior.<\/li>\n<li>I.P.E.M. N\u00b0 195 \u2013 Primer Teniente Pedro Ignacio Bean, de B\u00b0 Las Flores.<\/li>\n<li>I.P.E.M. N\u00ba 122 Diego G\u00f3mez Casco, de B\u00b0 Gui\u00f1az\u00fa.<\/li>\n<li>Escuela Roma, de B\u00b0 Alto Alberdi.<\/li>\n<\/ul>\n<p><strong>VIERNES 29<\/strong><\/p>\n<ul>\n<li>I.P.E.M. N\u00b0 376 \u2013 Nelson Mandela, de B\u00b0 Ampliaci\u00f3n Vicor.<\/li>\n<li>I.P.E.M. N\u00ba 207 Eduardo Ra\u00fal Requena, de B\u00b0 Ituzaing\u00f3.<\/li>\n<li>I.P.E.M. N\u00ba 39 Don Bosco, de B\u00b0 Don Bosco.<\/li>\n<li>I.P.E.M. N\u00ba 161 Manuel Dorrego, de B\u00b0 Talleres (E).<\/li>\n<li>Escuela Esteban Echeverria, de B\u00b0 San Vicente.<\/li>\n<li>I.P.E.M. N\u00ba 323 San Antonio, de B\u00b0 Villa Rivadavia.<\/li>\n<\/ul>\n<p>Es importante mencionar que esta estrategia sanitaria avanza sobre instituciones educativas de los tres niveles; Inicial, Primaria y Secundaria; que hoy no cuentan con presencialidad plena y contin\u00faan con burbujas, debido a espacios f\u00edsicos reducidos que impide la aplicaci\u00f3n de los protocolos de manera adecuada.<\/p>\n<div class=\"ubm_banner\"><a href=\"https:\/\/youtu.be\/YAnjWjTh-xE\" target=\"_blank\" rel=\"dofollow noopener noreferrer\"><img src=\"http:\/\/hoycordobaweb.com\/wp-content\/uploads\/2021\/10\/mas-de-14-mil-alumnos-se-vacunaron-contra-el-coronavirus-en-cordoba.gif\" alt=\"\"><\/a><\/div>\n<p>La entrada <a rel=\"nofollow\" href=\"https:\/\/ladecimaweb.com\/mas-de-14-mil-alumnos-se-vacunaron-contra-el-coronavirus-en-cordoba\/\">M\u00e1s de 14 mil alumnos se vacunaron contra el coronavirus en C\u00f3rdoba<\/a> se public\u00f3 primero en <a rel=\"nofollow\" href=\"https:\/\/ladecimaweb.com\">LaDecima<\/a>.<\/p>\n","protected":false},"excerpt":{"rendered":"<p>(Prensa de Gobierno) El Ministerio de Salud, en un trabajo en com\u00fan con el Ministerio de Educaci\u00f3n, contin\u00faan con el plan de vacunaci\u00f3n contra el Covid-19 en diferentes escuelas de la ciudad Capital. A la fecha,\u00a0esta estrategia de vacunaci\u00f3n alcanz\u00f3 a 14.526 alumnos y alumnas de 49 instituciones educativas. El objetivo de estas acciones territoriales, [&hellip;]<\/p>\n","protected":false},"author":1,"featured_media":31472,"comment_status":"closed","ping_status":"closed","sticky":false,"template":"","format":"standard","meta":[],"categories":[19],"tags":[],"_links":{"self":[{"href":"http:\/\/hoycordobaweb.com\/index.php\/wp-json\/wp\/v2\/posts\/31471"}],"collection":[{"href":"http:\/\/hoycordobaweb.com\/index.php\/wp-json\/wp\/v2\/posts"}],"about":[{"href":"http:\/\/hoycordobaweb.com\/index.php\/wp-json\/wp\/v2\/types\/post"}],"author":[{"embeddable":true,"href":"http:\/\/hoycordobaweb.com\/index.php\/wp-json\/wp\/v2\/users\/1"}],"replies":[{"embeddable":true,"href":"http:\/\/hoycordobaweb.com\/index.php\/wp-json\/wp\/v2\/comments?post=31471"}],"version-history":[{"count":0,"href":"http:\/\/hoycordobaweb.com\/index.php\/wp-json\/wp\/v2\/posts\/31471\/revisions"}],"wp:featuredmedia":[{"embeddable":true,"href":"http:\/\/hoycordobaweb.com\/index.php\/wp-json\/wp\/v2\/media\/31472"}],"wp:attachment":[{"href":"http:\/\/hoycordobaweb.com\/index.php\/wp-json\/wp\/v2\/media?parent=31471"}],"wp:term":[{"taxonomy":"category","embeddable":true,"href":"http:\/\/hoycordobaweb.com\/index.php\/wp-json\/wp\/v2\/categories?post=31471"},{"taxonomy":"post_tag","embeddable":true,"href":"http:\/\/hoycordobaweb.com\/index.php\/wp-json\/wp\/v2\/tags?post=31471"}],"curies":[{"name":"wp","href":"https:\/\/api.w.org\/{rel}","templated":true}]}}