{"id":31439,"date":"2021-10-22T12:58:18","date_gmt":"2021-10-22T12:58:18","guid":{"rendered":"https:\/\/www.mujerhoy.com\/moda\/no-te-pierdas\/falda-camiseta-bicolor-viral-sfera-casi-agotado-20211022215858-nt.html"},"modified":"2021-10-22T12:58:18","modified_gmt":"2021-10-22T12:58:18","slug":"sfera-apuesta-por-un-look-bicolor-que-sienta-de-maravilla-con-una-falda-y-una-camiseta-que-se-estan-agotando","status":"publish","type":"post","link":"http:\/\/hoycordobaweb.com\/index.php\/2021\/10\/22\/sfera-apuesta-por-un-look-bicolor-que-sienta-de-maravilla-con-una-falda-y-una-camiseta-que-se-estan-agotando\/","title":{"rendered":"Sfera apuesta por un look bicolor que sienta de maravilla con una falda y una camiseta que se est\u00e1n agotando"},"content":{"rendered":"<p><!-- AUTHOR --><!-- COMPONENTS --><\/p>\n<p class=\"voc-paragraph\">Con las botas adecuadas, las faldas siguen siendo una de las prendas b\u00e1sicas de cualquier armario que quiera sorprender a los dem\u00e1s y reconfortar a una misma. Ya sea con una de piel <a data-voc-vtm-id=\"in-text-traffic\" href=\"https:\/\/www.mujerhoy.com\/moda\/tendencias\/falda-piel-tendencia-otono-zara-mango-massimo-dutti-tres-colores-20211014212000-nt.html\">que te va a salvar m\u00e1s de un look este oto\u00f1o<\/a>, con una vaquera, ideal <a data-voc-vtm-id=\"in-text-traffic\" href=\"https:\/\/www.mujerhoy.com\/moda\/tendencias\/falda-vaquera-vuelo-massimo-dutti-sienta-bien-20210929215040-nt.html\">con blusa y botas altas<\/a> o para los <a data-voc-vtm-id=\"in-text-traffic\" href=\"https:\/\/www.mujerhoy.com\/moda\/no-te-pierdas\/falda-denim-corte-midi-hecha-en-espana-conjuntos-entretiempo-jersey-camiseta-20211008141141-nt.html\">conjuntos de entretiempo<\/a>, haga el fr\u00edo que haga sigue siendo la prenda m\u00e1s favorecedora y femenina. Y en Sfera la hemos encontrado dentro de una de las propuestas m\u00e1s originales del momento. Un <strong>look bicolor que sienta de maravilla<\/strong> y en el que va acompa\u00f1ado de una camiseta. Y no debemos estar muy equivocadas porque se est\u00e1n agotando. <\/p>\n<p class=\"voc-paragraph\">Adem\u00e1s de lo vistoso de la propuesta en su conjunto, su acertada elecci\u00f3n de los colores b\u00e1sicos, el blanco y el negro, convierten a ambas prendas en <strong>unas perfectas compa\u00f1eras de muchas de nuestros pantalones o jers\u00e9is<\/strong>. Por lo que adem\u00e1s de sacarle partido en su conjunto podremos rentabilizar nuestra compra combin\u00e1ndolas con el resto de nuestro armario. <\/p>\n<div class=\"voc-detail-photo-zoom\"><picture data-toggle=\"modal\" data-target=\"#photoZoomModal-90\" target=\"modal\">\n<div class=\"voc-img-icon-link\"><img loading=\"lazy\" data-original=\"\/\/static1.mujerhoy.com\/www\/multimedia\/202110\/21\/media\/cortadas\/Conjunto-Bicolor-Sfera-camiseta2-kPy--460x637@MujerHoy.jpeg\" class=\"lazy\"><noscript><img src=\"http:\/\/hoycordobaweb.com\/wp-content\/uploads\/2021\/10\/sfera-apuesta-por-un-look-bicolor-que-sienta-de-maravilla-con-una-falda-y-una-camiseta-que-se-estan-agotando.jpg\" alt><\/noscript><i class=\"voc-icons zoom voc-multimedia-box voc-ico-l\"><\/i><\/div><figcaption class=\"figure-caption\"><\/figcaption><\/picture><\/div>\n<div id=\"photoZoomModal-90\" class=\"voc-lightbox modal fade voc-lightbox--photo-zoom\" role=\"dialog\" data-voc-photozoom-lightbox>\n<div class=\"voc-lightbox__dialog\" role=\"document\">\n<div class=\"voc-lightbox__content\"><!-- Modal header --><\/p>\n<header class=\"voc-lightbox__header\"><span class=\"voc-lightbox__title\"><\/span><\/header>\n<p><!-- Modal content --><\/p>\n<div class=\"voc-lightbox__photo-container\"><picture class><img loading=\"lazy\" data-original=\"\/\/static1.mujerhoy.com\/www\/multimedia\/202110\/21\/media\/cortadas\/Conjunto-Bicolor-Sfera-camiseta2-kPy--460x637@MujerHoy.jpeg\" alt class=\"lazy\"><noscript><img src=\"http:\/\/hoycordobaweb.com\/wp-content\/uploads\/2021\/10\/sfera-apuesta-por-un-look-bicolor-que-sienta-de-maravilla-con-una-falda-y-una-camiseta-que-se-estan-agotando.jpg\" alt><\/noscript><\/picture><\/div>\n<\/div>\n<\/div>\n<\/div>\n<p class=\"voc-paragraph\">La camiseta tiene <strong>cuello cisne<\/strong> y tanto en el frontal como en la espala el negro tiene una mayor presencia en el cuerpo, adem\u00e1s de ser el color de ambas mangas. <\/p>\n<div class=\"voc-detail-photo-zoom\"><picture data-toggle=\"modal\" data-target=\"#photoZoomModal-386\" target=\"modal\">\n<div class=\"voc-img-icon-link\"><img loading=\"lazy\" data-original=\"\/\/static.mujerhoy.com\/www\/multimedia\/202110\/21\/media\/Conjunto-bicolor-sfera\/Conjunto-Bicolor-Sfera-camiseta.jpeg\" class=\"lazy\"><noscript><img src=\"http:\/\/hoycordobaweb.com\/wp-content\/uploads\/2021\/10\/sfera-apuesta-por-un-look-bicolor-que-sienta-de-maravilla-con-una-falda-y-una-camiseta-que-se-estan-agotando-1.jpg\" alt><\/noscript><i class=\"voc-icons zoom voc-multimedia-box voc-ico-l\"><\/i><\/div><figcaption class=\"figure-caption\"><\/figcaption><\/picture><\/div>\n<div id=\"photoZoomModal-386\" class=\"voc-lightbox modal fade voc-lightbox--photo-zoom\" role=\"dialog\" data-voc-photozoom-lightbox>\n<div class=\"voc-lightbox__dialog\" role=\"document\">\n<div class=\"voc-lightbox__content\"><!-- Modal header --><\/p>\n<header class=\"voc-lightbox__header\"><span class=\"voc-lightbox__title\"><\/span><\/header>\n<p><!-- Modal content --><\/p>\n<div class=\"voc-lightbox__photo-container\"><picture class><img loading=\"lazy\" data-original=\"\/\/static.mujerhoy.com\/www\/multimedia\/202110\/21\/media\/Conjunto-bicolor-sfera\/Conjunto-Bicolor-Sfera-camiseta.jpeg\" alt class=\"lazy\"><noscript><img src=\"http:\/\/hoycordobaweb.com\/wp-content\/uploads\/2021\/10\/sfera-apuesta-por-un-look-bicolor-que-sienta-de-maravilla-con-una-falda-y-una-camiseta-que-se-estan-agotando-1.jpg\" alt><\/noscript><\/picture><\/div>\n<\/div>\n<\/div>\n<\/div>\n<p class=\"voc-paragraph\">Cuesta 25,99 euros y est\u00e1 <strong>disponible en las tallas S y M<\/strong>.\n<\/p>\n<div class=\"voc-detail-photo-zoom\"><picture data-toggle=\"modal\" data-target=\"#photoZoomModal-381\" target=\"modal\">\n<div class=\"voc-img-icon-link\"><img loading=\"lazy\" data-original=\"\/\/static3.mujerhoy.com\/www\/multimedia\/202110\/21\/media\/cortadas\/Conjunto-Bicolor-Sfera-falda3-kPy--460x637@MujerHoy.jpeg\" class=\"lazy\"><noscript><img src=\"http:\/\/hoycordobaweb.com\/wp-content\/uploads\/2021\/10\/sfera-apuesta-por-un-look-bicolor-que-sienta-de-maravilla-con-una-falda-y-una-camiseta-que-se-estan-agotando-2.jpg\" alt><\/noscript><i class=\"voc-icons zoom voc-multimedia-box voc-ico-l\"><\/i><\/div><figcaption class=\"figure-caption\"><\/figcaption><\/picture><\/div>\n<div id=\"photoZoomModal-381\" class=\"voc-lightbox modal fade voc-lightbox--photo-zoom\" role=\"dialog\" data-voc-photozoom-lightbox>\n<div class=\"voc-lightbox__dialog\" role=\"document\">\n<div class=\"voc-lightbox__content\"><!-- Modal header --><\/p>\n<header class=\"voc-lightbox__header\"><span class=\"voc-lightbox__title\"><\/span><\/header>\n<p><!-- Modal content --><\/p>\n<div class=\"voc-lightbox__photo-container\"><picture class><img loading=\"lazy\" data-original=\"\/\/static3.mujerhoy.com\/www\/multimedia\/202110\/21\/media\/cortadas\/Conjunto-Bicolor-Sfera-falda3-kPy--460x637@MujerHoy.jpeg\" alt class=\"lazy\"><noscript><img src=\"http:\/\/hoycordobaweb.com\/wp-content\/uploads\/2021\/10\/sfera-apuesta-por-un-look-bicolor-que-sienta-de-maravilla-con-una-falda-y-una-camiseta-que-se-estan-agotando-2.jpg\" alt><\/noscript><\/picture><\/div>\n<\/div>\n<\/div>\n<\/div>\n<p class=\"voc-paragraph\">En la falda el equilibrio de colores es al rev\u00e9s, y el blanco es mayoritario, viene con <strong>cintura el\u00e1stica y es de tiro alto<\/strong>. <\/p>\n<div class=\"voc-detail-photo-zoom\"><picture data-toggle=\"modal\" data-target=\"#photoZoomModal-483\" target=\"modal\">\n<div class=\"voc-img-icon-link\"><img loading=\"lazy\" data-original=\"\/\/static3.mujerhoy.com\/www\/multimedia\/202110\/21\/media\/cortadas\/Conjunto-Bicolor-Sfera-falda-kPy--460x637@MujerHoy.jpeg\" class=\"lazy\"><noscript><img src=\"http:\/\/hoycordobaweb.com\/wp-content\/uploads\/2021\/10\/sfera-apuesta-por-un-look-bicolor-que-sienta-de-maravilla-con-una-falda-y-una-camiseta-que-se-estan-agotando-3.jpg\" alt><\/noscript><i class=\"voc-icons zoom voc-multimedia-box voc-ico-l\"><\/i><\/div><figcaption class=\"figure-caption\"><\/figcaption><\/picture><\/div>\n<div id=\"photoZoomModal-483\" class=\"voc-lightbox modal fade voc-lightbox--photo-zoom\" role=\"dialog\" data-voc-photozoom-lightbox>\n<div class=\"voc-lightbox__dialog\" role=\"document\">\n<div class=\"voc-lightbox__content\"><!-- Modal header --><\/p>\n<header class=\"voc-lightbox__header\"><span class=\"voc-lightbox__title\"><\/span><\/header>\n<p><!-- Modal content --><\/p>\n<div class=\"voc-lightbox__photo-container\"><picture class><img loading=\"lazy\" data-original=\"\/\/static3.mujerhoy.com\/www\/multimedia\/202110\/21\/media\/cortadas\/Conjunto-Bicolor-Sfera-falda-kPy--460x637@MujerHoy.jpeg\" alt class=\"lazy\"><noscript><img src=\"http:\/\/hoycordobaweb.com\/wp-content\/uploads\/2021\/10\/sfera-apuesta-por-un-look-bicolor-que-sienta-de-maravilla-con-una-falda-y-una-camiseta-que-se-estan-agotando-3.jpg\" alt><\/noscript><\/picture><\/div>\n<\/div>\n<\/div>\n<\/div>\n<p class=\"voc-paragraph\">Al igual que la camiseta, la falda bicolor de Sfera <strong>se ha agotado en la talla m\u00e1s grande<\/strong> y solo podemos comprarla, por 25,99 euros, en las tallas S y M.\n<\/p>\n<div class=\"voc-detail-photo-zoom\"><picture data-toggle=\"modal\" data-target=\"#photoZoomModal-130\" target=\"modal\">\n<div class=\"voc-img-icon-link\"><img loading=\"lazy\" data-original=\"\/\/static3.mujerhoy.com\/www\/multimedia\/202110\/21\/media\/cortadas\/Conjunto-Bicolor-Sfera-falda2-kPy--460x637@MujerHoy.jpeg\" class=\"lazy\"><noscript><img src=\"http:\/\/hoycordobaweb.com\/wp-content\/uploads\/2021\/10\/sfera-apuesta-por-un-look-bicolor-que-sienta-de-maravilla-con-una-falda-y-una-camiseta-que-se-estan-agotando-4.jpg\" alt><\/noscript><i class=\"voc-icons zoom voc-multimedia-box voc-ico-l\"><\/i><\/div><figcaption class=\"figure-caption\"><\/figcaption><\/picture><\/div>\n<div id=\"photoZoomModal-130\" class=\"voc-lightbox modal fade voc-lightbox--photo-zoom\" role=\"dialog\" data-voc-photozoom-lightbox>\n<div class=\"voc-lightbox__dialog\" role=\"document\">\n<div class=\"voc-lightbox__content\"><!-- Modal header --><\/p>\n<header class=\"voc-lightbox__header\"><span class=\"voc-lightbox__title\"><\/span><\/header>\n<p><!-- Modal content --><\/p>\n<div class=\"voc-lightbox__photo-container\"><picture class><img loading=\"lazy\" data-original=\"\/\/static3.mujerhoy.com\/www\/multimedia\/202110\/21\/media\/cortadas\/Conjunto-Bicolor-Sfera-falda2-kPy--460x637@MujerHoy.jpeg\" alt class=\"lazy\"><noscript><img src=\"http:\/\/hoycordobaweb.com\/wp-content\/uploads\/2021\/10\/sfera-apuesta-por-un-look-bicolor-que-sienta-de-maravilla-con-una-falda-y-una-camiseta-que-se-estan-agotando-4.jpg\" alt><\/noscript><\/picture><\/div>\n<\/div>\n<\/div>\n<\/div>\n<div class=\"voc-detail__cmp voc-detail__cmp--pad-lr voc-detail__cmp--pad-lr--bdr\">\n<div class=\"voc-ficha-detail__wrapper\">\n<section class=\"voc-ficha-detail\">\n<h4 class=\"voc-ficha-detail-title voc-title-section\">Te recomendamos<\/h4>\n<\/section>\n<\/div>\n<\/div>\n<p><!-- TOPICS --><\/p>\n","protected":false},"excerpt":{"rendered":"<p>Con las botas adecuadas, las faldas siguen siendo una de las prendas b\u00e1sicas de cualquier armario que quiera sorprender a los dem\u00e1s y reconfortar a una misma. Ya sea con una de piel que te va a salvar m\u00e1s de un look este oto\u00f1o, con una vaquera, ideal con blusa y botas altas o para [&hellip;]<\/p>\n","protected":false},"author":1,"featured_media":31440,"comment_status":"closed","ping_status":"closed","sticky":false,"template":"","format":"standard","meta":[],"categories":[1],"tags":[],"_links":{"self":[{"href":"http:\/\/hoycordobaweb.com\/index.php\/wp-json\/wp\/v2\/posts\/31439"}],"collection":[{"href":"http:\/\/hoycordobaweb.com\/index.php\/wp-json\/wp\/v2\/posts"}],"about":[{"href":"http:\/\/hoycordobaweb.com\/index.php\/wp-json\/wp\/v2\/types\/post"}],"author":[{"embeddable":true,"href":"http:\/\/hoycordobaweb.com\/index.php\/wp-json\/wp\/v2\/users\/1"}],"replies":[{"embeddable":true,"href":"http:\/\/hoycordobaweb.com\/index.php\/wp-json\/wp\/v2\/comments?post=31439"}],"version-history":[{"count":0,"href":"http:\/\/hoycordobaweb.com\/index.php\/wp-json\/wp\/v2\/posts\/31439\/revisions"}],"wp:featuredmedia":[{"embeddable":true,"href":"http:\/\/hoycordobaweb.com\/index.php\/wp-json\/wp\/v2\/media\/31440"}],"wp:attachment":[{"href":"http:\/\/hoycordobaweb.com\/index.php\/wp-json\/wp\/v2\/media?parent=31439"}],"wp:term":[{"taxonomy":"category","embeddable":true,"href":"http:\/\/hoycordobaweb.com\/index.php\/wp-json\/wp\/v2\/categories?post=31439"},{"taxonomy":"post_tag","embeddable":true,"href":"http:\/\/hoycordobaweb.com\/index.php\/wp-json\/wp\/v2\/tags?post=31439"}],"curies":[{"name":"wp","href":"https:\/\/api.w.org\/{rel}","templated":true}]}}