{"id":31346,"date":"2021-10-21T07:32:40","date_gmt":"2021-10-21T07:32:40","guid":{"rendered":"https:\/\/www.espinof.com\/otros\/premios-ondas-2021-antidisturbios-maricon-perdido-vamos-juan-mejores-series-para-galardones"},"modified":"2021-10-21T07:32:40","modified_gmt":"2021-10-21T07:32:40","slug":"premios-ondas-2021-antidisturbios-maricon-perdido-y-vamos-juan-son-las-mejores-series-para-los-galardones","status":"publish","type":"post","link":"http:\/\/hoycordobaweb.com\/index.php\/2021\/10\/21\/premios-ondas-2021-antidisturbios-maricon-perdido-y-vamos-juan-son-las-mejores-series-para-los-galardones\/","title":{"rendered":"Premios Ondas 2021: &#8216;Antidisturbios&#8217;, &#8216;Maric\u00f3n perdido&#8217; y &#8216;Vamos Juan&#8217; son las mejores series para los galardones"},"content":{"rendered":"<p>Un a\u00f1o m\u00e1s, desde Radio Barcelona (el Grupo PRISA) <strong>han anunciado los galardonados en los <\/strong><a href=\"http:\/\/espinof.com\/Tag\/premios-ondas\">Premios Ondas 2021<\/a>, uno de los m\u00e1s prestigiosos de la cultura audiovisual (radio, televisi\u00f3n y m\u00fasica) en nuestro pa\u00eds.<\/p>\n<p><!-- BREAK 1 --><\/p>\n<p>Como siempre hay alguna cosa extra\u00f1a como dar premios no a una cosa concreta (un programa en concreto) si no a un<strong> contenido algo m\u00e1s difuso como el premio a los programas de Playz RTVE<\/strong>. Que no digo que no se lo merezcan porque resultan altamente interesantes, pero queda algo difuso por su generalidad.<\/p>\n<p><!-- BREAK 2 --> <\/p>\n<div class=\"article-asset article-asset-normal article-asset-center\">\n<div class=\"desvio-container\">\n<div class=\"desvio\">\n<div class=\"desvio-figure js-desvio-figure\"> <a href=\"https:\/\/www.espinof.com\/series-de-ficcion\/2020-ano-que-series-espanolas-lograron-madurez-insolita\"> <img alt=\"2020: el a\u00f1o en el que las series espa\u00f1olas lograron una madurez ins\u00f3lita \" src=\"http:\/\/hoycordobaweb.com\/wp-content\/uploads\/2021\/10\/premios-ondas-2021-antidisturbios-maricon-perdido-y-vamos-juan-son-las-mejores-series-para-los-galardones.jpg\"> <\/a> <\/div><\/div><\/div>\n<\/div>\n<p>Pero pasando al terreno de la ficci\u00f3n, el jurado (y hay que reconocer que lo han tenido dif\u00edcil) <strong>ha reconocido a varias de las \u00faltimas joyas<\/strong> que nos hemos encontrado en el mundo de las series, como la gran &#8216;<a href=\"https:\/\/www.espinof.com\/series-de-ficcion\/que-antidisturbios-obra-maestra-ficcion-espanola\">Antidisturbios<\/a>&#8216; como mejor drama y un exaquo a &#8216;<a href=\"https:\/\/www.espinof.com\/criticas\/maricon-perdido-serie-bob-pop-luminoso-ejercicio-tragicomico-forma-meta-biografia\">Maric\u00f3n perdido<\/a>&#8216; y &#8216;<a href=\"https:\/\/www.espinof.com\/criticas\/vamos-juan-presenta-su-candidatura-a-mejor-serie-comedia-ano-temporada-sensacional\">Vamos Juan<\/a>&#8216; como mejor comedia.<\/p>\n<p><!-- BREAK 3 --><\/p>\n<h2>Todos los premios<\/h2>\n<ul>\n<li><strong>Mejor programa de entretenimiento<\/strong>: Al contenido de Playz RTVE<\/li>\n<li><strong>Mejor programa de actualidad o cobertura especial<\/strong>: <a href=\"https:\/\/www.espinof.com\/deportes\/eurocopa-2021-donde-cuando-ver-todos-partidos-torneo-futbol-europeo\">Cobertura del campeonato de f\u00fatbol EURO2020<\/a> por Mediaset<\/li>\n<li><strong>Mejor presentador<\/strong>: Roberto Leal por &#8216;<a href=\"http:\/\/espinof.com\/tag\/pasapalabra\">Pasapalabra<\/a>&#8216;<\/li>\n<li><strong>Mejor serie de comedia<\/strong>: (ex aequo) a &#8216;Maric\u00f3n perdido&#8217; (TNT) y &#8216;Vamos Juan&#8217; (TNT)<\/li>\n<li><strong>Mejor serie de drama<\/strong>: &#8216;Antidisturbios&#8217; (Movistar+)<\/li>\n<li><strong>Mejor int\u00e9rprete masculino de ficci\u00f3n<\/strong>: \u00c1lvaro Morte por &#8216;<a href=\"https:\/\/www.espinof.com\/fecha-de-estreno\/casa-papel-todo-que-sabemos-final-serie-netflix\">La casa de papel<\/a>&#8216; (Netflix)<\/li>\n<li><strong>Mejor int\u00e9rprete femenina en ficci\u00f3n<\/strong>: Vicky Luengo por &#8216;Antidisturbios&#8217; (Movistar+)<\/li>\n<li><strong>Mejor emisi\u00f3n por emisoras o cadenas no nacionales<\/strong>: Televisi\u00f3n Canaria por su cobertura relacionada con la erupci\u00f3n del volc\u00e1n en La Palma<\/li>\n<li><strong>Mejor documental o serie documental<\/strong>: &#8216;Eso que t\u00fa me das&#8217; (Atresmedia)<\/li>\n<li><strong>Ondas Internacional de Televisi\u00f3n<\/strong>: &#8216;Nongin Set Cheongin Hana&#8217; (Watch Me! A Decade of Deaf-Defying Dance) (KBS, Corea del Sur)<\/li>\n<li><strong>Menci\u00f3n especial en Internacional<\/strong>: &#8216;Asesinato del presidente de Hait\u00ed&#8217; (Caracol Televisi\u00f3n, Colombia)<\/li>\n<\/ul>\n","protected":false},"excerpt":{"rendered":"<p>Un a\u00f1o m\u00e1s, desde Radio Barcelona (el Grupo PRISA) han anunciado los galardonados en los Premios Ondas 2021, uno de los m\u00e1s prestigiosos de la cultura audiovisual (radio, televisi\u00f3n y m\u00fasica) en nuestro pa\u00eds. Como siempre hay alguna cosa extra\u00f1a como dar premios no a una cosa concreta (un programa en concreto) si no a [&hellip;]<\/p>\n","protected":false},"author":1,"featured_media":31347,"comment_status":"open","ping_status":"closed","sticky":false,"template":"","format":"standard","meta":[],"categories":[1],"tags":[],"_links":{"self":[{"href":"http:\/\/hoycordobaweb.com\/index.php\/wp-json\/wp\/v2\/posts\/31346"}],"collection":[{"href":"http:\/\/hoycordobaweb.com\/index.php\/wp-json\/wp\/v2\/posts"}],"about":[{"href":"http:\/\/hoycordobaweb.com\/index.php\/wp-json\/wp\/v2\/types\/post"}],"author":[{"embeddable":true,"href":"http:\/\/hoycordobaweb.com\/index.php\/wp-json\/wp\/v2\/users\/1"}],"replies":[{"embeddable":true,"href":"http:\/\/hoycordobaweb.com\/index.php\/wp-json\/wp\/v2\/comments?post=31346"}],"version-history":[{"count":0,"href":"http:\/\/hoycordobaweb.com\/index.php\/wp-json\/wp\/v2\/posts\/31346\/revisions"}],"wp:featuredmedia":[{"embeddable":true,"href":"http:\/\/hoycordobaweb.com\/index.php\/wp-json\/wp\/v2\/media\/31347"}],"wp:attachment":[{"href":"http:\/\/hoycordobaweb.com\/index.php\/wp-json\/wp\/v2\/media?parent=31346"}],"wp:term":[{"taxonomy":"category","embeddable":true,"href":"http:\/\/hoycordobaweb.com\/index.php\/wp-json\/wp\/v2\/categories?post=31346"},{"taxonomy":"post_tag","embeddable":true,"href":"http:\/\/hoycordobaweb.com\/index.php\/wp-json\/wp\/v2\/tags?post=31346"}],"curies":[{"name":"wp","href":"https:\/\/api.w.org\/{rel}","templated":true}]}}