{"id":31343,"date":"2021-10-20T12:45:39","date_gmt":"2021-10-20T12:45:39","guid":{"rendered":"http:\/\/fono.fcm.unc.edu.ar\/?p=7541"},"modified":"2021-10-20T12:45:39","modified_gmt":"2021-10-20T12:45:39","slug":"programa-de-insercion-profesional-pip","status":"publish","type":"post","link":"http:\/\/hoycordobaweb.com\/index.php\/2021\/10\/20\/programa-de-insercion-profesional-pip\/","title":{"rendered":"Programa de Inserci\u00f3n Profesional (PIP)"},"content":{"rendered":"<p><img loading=\"lazy\" class=\"alignright wp-image-7542 size-fusion-600\" src=\"https:\/\/fono.fcm.unc.edu.ar\/wp-content\/uploads\/sites\/14\/2021\/10\/Banners-web-Ministerio-04-1024x332-1-600x195.png\" alt width=\"600\" height=\"195\" srcset=\"https:\/\/fono.fcm.unc.edu.ar\/wp-content\/uploads\/sites\/14\/2021\/10\/Banners-web-Ministerio-04-1024x332-1-200x65.png 200w, https:\/\/fono.fcm.unc.edu.ar\/wp-content\/uploads\/sites\/14\/2021\/10\/Banners-web-Ministerio-04-1024x332-1-300x97.png 300w, https:\/\/fono.fcm.unc.edu.ar\/wp-content\/uploads\/sites\/14\/2021\/10\/Banners-web-Ministerio-04-1024x332-1-400x130.png 400w, https:\/\/fono.fcm.unc.edu.ar\/wp-content\/uploads\/sites\/14\/2021\/10\/Banners-web-Ministerio-04-1024x332-1-600x195.png 600w, https:\/\/fono.fcm.unc.edu.ar\/wp-content\/uploads\/sites\/14\/2021\/10\/Banners-web-Ministerio-04-1024x332-1-768x249.png 768w, https:\/\/fono.fcm.unc.edu.ar\/wp-content\/uploads\/sites\/14\/2021\/10\/Banners-web-Ministerio-04-1024x332-1-800x259.png 800w, https:\/\/fono.fcm.unc.edu.ar\/wp-content\/uploads\/sites\/14\/2021\/10\/Banners-web-Ministerio-04-1024x332-1.png 1024w\" sizes=\"(max-width: 600px) 100vw, 600px\">El Programa de Inserci\u00f3n Profesional (PIP) busca apoyar a las\/los profesionales residentes en la provincia de C\u00f3rdoba, recientemente egresadas\/os de universidades e instituciones de Educaci\u00f3n Superior, p\u00fablicas y privadas, otorg\u00e1ndoles la oportunidad de realizar un per\u00edodo de pr\u00e1ctica laboral-profesional, que les permita ganar en experiencia y aplicar los conocimientos acad\u00e9micos alcanzados.<\/p>\n<p>Promover\u00e1 la participaci\u00f3n de quienes se beneficien, en cursos de capacitaci\u00f3n impartidos por Universidades, Institutos de Educaci\u00f3n Superior, Consejos y Colegios Profesionales.<\/p>\n<p>Alcanza a egresadas\/os<br \/>Universidades p\u00fablicas y privadas con t\u00edtulo de grado con reconocimiento oficial.<br \/>Instituciones de Educaci\u00f3n Superior en carreras de pregrado con reconocimiento oficial, con una extensi\u00f3n m\u00ednima de dos a\u00f1os y medio.<\/p>\n<p>Cualquier profesional que acceda al beneficio debe tener matr\u00edcula profesional habilitante en conformidad a las normas legales vigentes.<\/p>\n<p><em>Cronograma<\/em>:<\/p>\n<p><strong><em>Per\u00edodo de Inscripci\u00f3n:<\/em><\/strong> 4 de octubre a 12 de noviembre de 2021<\/p>\n<p><strong><em>Per\u00edodo de revisi\u00f3n y cruces de bases de datos:<\/em><\/strong> 13 a 23 de noviembre de 2021.<\/p>\n<p><em><strong>Sorteo en Loter\u00eda de C\u00f3rdoba:<\/strong><\/em> 24 de noviembre de 2021<\/p>\n<p><em><strong>Publicaci\u00f3n de beneficiarios del programa<\/strong><\/em>: 25 de noviembre de 2021<\/p>\n<p><em><strong>Inicio de la capacitaci\u00f3n y pr\u00e1ctica laboral:<\/strong><\/em> 1 de diciembre de 2021<\/p>\n<p>Para m\u00e1s informaci\u00f3n sobre: Inscripci\u00f3n, destinatarias\/os, objetivos, asignaci\u00f3n est\u00edmulo, empleadores \u2013 ingrese <a href=\"https:\/\/empleoyfamilia.cba.gov.ar\/programa-de-insercion-profesional\/\" target=\"_blank\" rel=\"noopener noreferrer\">AQU\u00cd<\/a><\/p>\n<p>Se puede consultar en el Colegio de Fonoaudi\u00f3logos de C\u00f3rdoba.<\/p>\n","protected":false},"excerpt":{"rendered":"<p>El Programa de Inserci\u00f3n Profesional (PIP) busca apoyar a las\/los profesionales residentes en la provincia de C\u00f3rdoba, recientemente egresadas\/os de universidades e instituciones de Educaci\u00f3n Superior, p\u00fablicas y privadas, otorg\u00e1ndoles la oportunidad de realizar un per\u00edodo de pr\u00e1ctica laboral-profesional, que les permita ganar en experiencia y aplicar los conocimientos acad\u00e9micos alcanzados. Promover\u00e1 la participaci\u00f3n de [&hellip;]<\/p>\n","protected":false},"author":1,"featured_media":0,"comment_status":"closed","ping_status":"closed","sticky":false,"template":"","format":"standard","meta":[],"categories":[1],"tags":[],"_links":{"self":[{"href":"http:\/\/hoycordobaweb.com\/index.php\/wp-json\/wp\/v2\/posts\/31343"}],"collection":[{"href":"http:\/\/hoycordobaweb.com\/index.php\/wp-json\/wp\/v2\/posts"}],"about":[{"href":"http:\/\/hoycordobaweb.com\/index.php\/wp-json\/wp\/v2\/types\/post"}],"author":[{"embeddable":true,"href":"http:\/\/hoycordobaweb.com\/index.php\/wp-json\/wp\/v2\/users\/1"}],"replies":[{"embeddable":true,"href":"http:\/\/hoycordobaweb.com\/index.php\/wp-json\/wp\/v2\/comments?post=31343"}],"version-history":[{"count":0,"href":"http:\/\/hoycordobaweb.com\/index.php\/wp-json\/wp\/v2\/posts\/31343\/revisions"}],"wp:attachment":[{"href":"http:\/\/hoycordobaweb.com\/index.php\/wp-json\/wp\/v2\/media?parent=31343"}],"wp:term":[{"taxonomy":"category","embeddable":true,"href":"http:\/\/hoycordobaweb.com\/index.php\/wp-json\/wp\/v2\/categories?post=31343"},{"taxonomy":"post_tag","embeddable":true,"href":"http:\/\/hoycordobaweb.com\/index.php\/wp-json\/wp\/v2\/tags?post=31343"}],"curies":[{"name":"wp","href":"https:\/\/api.w.org\/{rel}","templated":true}]}}