{"id":31293,"date":"2021-10-19T21:11:21","date_gmt":"2021-10-19T21:11:21","guid":{"rendered":"http:\/\/ladecimaweb.com\/?p=11650"},"modified":"2021-10-19T21:11:21","modified_gmt":"2021-10-19T21:11:21","slug":"schiaretti-volvio-a-reclamar-que-se-empiecen-a-bajar-las-retenciones-agroalimentarias","status":"publish","type":"post","link":"http:\/\/hoycordobaweb.com\/index.php\/2021\/10\/19\/schiaretti-volvio-a-reclamar-que-se-empiecen-a-bajar-las-retenciones-agroalimentarias\/","title":{"rendered":"Schiaretti volvi\u00f3 a reclamar que \u201cse empiecen a bajar las retenciones\u201d agroalimentarias"},"content":{"rendered":"<p>Este martes, el gobernador Juan Schiaretti, entreg\u00f3 escrituras de terrenos con infraestructura a 109 familias de General Deheza, en el departamento Ju\u00e1rez Celman, beneficiarias del programa Lo Tengo.<\/p>\n<p>Al finalizar el acto, el primer mandatario reiter\u00f3 el reclamo en contra de las retenciones agroalimentarias y sostuvo: \u201c<em><strong>Yo quiero que en C\u00f3rdoba se empiecen a bajar las retenciones<\/strong> y se pongan a cuenta del impuesto a las ganancias. Tambi\u00e9n es necesario plantear que se eliminen totalmente las retenciones al complejo manicero. Argentina castiga a su regi\u00f3n productiva\u201d.<\/em><\/p>\n<p><strong>\u201c<\/strong><em><strong>Nosotros estamos poniendo este a\u00f1o, en el Fisco Nacional, 270 mil millones de pesos en concepto de retenciones a las exportaciones.<\/strong> Con ese dinero podr\u00edamos hacer nueve veces una ruta que es imprescindible para la regi\u00f3n: la 158. Esto se tiene que acabar, porque ahora vamos a un congreso a negocias leyes y a procurar que no nos quiten m\u00e1s recursos\u201d,\u00a0<\/em>finaliz\u00f3 Schiaretti.<\/p>\n<p>La Provincia destin\u00f3 en General Deheza cerca de 78 millones de pesos, inversi\u00f3n que contempl\u00f3 los lotes y las obras de red vial (cord\u00f3n cuneta, badenes y calzadas), electricidad (red de baja tensi\u00f3n y alumbrado p\u00fablico) y agua potable (red de distribuci\u00f3n y conexiones domiciliarias).<\/p>\n<div class=\"ubm_banner\"><a href=\"https:\/\/youtu.be\/YAnjWjTh-xE\" target=\"_blank\" rel=\"dofollow noopener noreferrer\"><img src=\"http:\/\/hoycordobaweb.com\/wp-content\/uploads\/2021\/10\/schiaretti-volvio-a-reclamar-que-se-empiecen-a-bajar-las-retenciones-agroalimentarias.gif\" alt=\"\"><\/a><\/div>\n<p>La entrada <a rel=\"nofollow\" href=\"https:\/\/ladecimaweb.com\/schiaretti-volvio-a-reclamar-que-se-empiecen-a-bajar-las-retenciones-al-agro\/\">Schiaretti volvi\u00f3 a reclamar que &#8220;se empiecen a bajar las retenciones&#8221; agroalimentarias<\/a> se public\u00f3 primero en <a rel=\"nofollow\" href=\"https:\/\/ladecimaweb.com\">LaDecima<\/a>.<\/p>\n","protected":false},"excerpt":{"rendered":"<p>Este martes, el gobernador Juan Schiaretti, entreg\u00f3 escrituras de terrenos con infraestructura a 109 familias de General Deheza, en el departamento Ju\u00e1rez Celman, beneficiarias del programa Lo Tengo. Al finalizar el acto, el primer mandatario reiter\u00f3 el reclamo en contra de las retenciones agroalimentarias y sostuvo: \u201cYo quiero que en C\u00f3rdoba se empiecen a bajar [&hellip;]<\/p>\n","protected":false},"author":1,"featured_media":31294,"comment_status":"closed","ping_status":"closed","sticky":false,"template":"","format":"standard","meta":[],"categories":[19],"tags":[],"_links":{"self":[{"href":"http:\/\/hoycordobaweb.com\/index.php\/wp-json\/wp\/v2\/posts\/31293"}],"collection":[{"href":"http:\/\/hoycordobaweb.com\/index.php\/wp-json\/wp\/v2\/posts"}],"about":[{"href":"http:\/\/hoycordobaweb.com\/index.php\/wp-json\/wp\/v2\/types\/post"}],"author":[{"embeddable":true,"href":"http:\/\/hoycordobaweb.com\/index.php\/wp-json\/wp\/v2\/users\/1"}],"replies":[{"embeddable":true,"href":"http:\/\/hoycordobaweb.com\/index.php\/wp-json\/wp\/v2\/comments?post=31293"}],"version-history":[{"count":0,"href":"http:\/\/hoycordobaweb.com\/index.php\/wp-json\/wp\/v2\/posts\/31293\/revisions"}],"wp:featuredmedia":[{"embeddable":true,"href":"http:\/\/hoycordobaweb.com\/index.php\/wp-json\/wp\/v2\/media\/31294"}],"wp:attachment":[{"href":"http:\/\/hoycordobaweb.com\/index.php\/wp-json\/wp\/v2\/media?parent=31293"}],"wp:term":[{"taxonomy":"category","embeddable":true,"href":"http:\/\/hoycordobaweb.com\/index.php\/wp-json\/wp\/v2\/categories?post=31293"},{"taxonomy":"post_tag","embeddable":true,"href":"http:\/\/hoycordobaweb.com\/index.php\/wp-json\/wp\/v2\/tags?post=31293"}],"curies":[{"name":"wp","href":"https:\/\/api.w.org\/{rel}","templated":true}]}}