{"id":31291,"date":"2021-10-20T10:31:00","date_gmt":"2021-10-20T10:31:00","guid":{"rendered":"http:\/\/hoycordobaweb.com\/index.php\/2021\/10\/20\/murieron-14-personas-en-un-atentado-contra-un-colectivo-militar-en-siria\/"},"modified":"2021-10-20T10:31:00","modified_gmt":"2021-10-20T10:31:00","slug":"murieron-14-personas-en-un-atentado-contra-un-colectivo-militar-en-siria","status":"publish","type":"post","link":"http:\/\/hoycordobaweb.com\/index.php\/2021\/10\/20\/murieron-14-personas-en-un-atentado-contra-un-colectivo-militar-en-siria\/","title":{"rendered":"Murieron 14 personas en un atentado contra un colectivo militar en Siria"},"content":{"rendered":"<p><img src=\"http:\/\/hoycordobaweb.com\/wp-content\/uploads\/2021\/10\/murieron-14-personas-en-un-atentado-contra-un-colectivo-militar-en-siria.jpg\"><\/p>\n<div class=\"image\" id=\"image\" readability=\"7\"> <img src=\"http:\/\/hoycordobaweb.com\/wp-content\/uploads\/2021\/10\/murieron-14-personas-en-un-atentado-contra-un-colectivo-militar-en-siria-2.jpg\" alt=\"El ataque dej\u00f3 este mi\u00e9rcoles al menos 14 personas muertas. Foto: AFP.\" title=\"El ataque dej\u00f3 este mi\u00e9rcoles al menos 14 personas muertas. Foto: AFP.\"><\/p>\n<p>El ataque dej\u00f3 este mi\u00e9rcoles al menos 14 personas muertas. Foto: AFP.<\/p>\n<\/div>\n<p>Un atentado con explosivos contra un colectivo del Ej\u00e9rcito sirio dej\u00f3 este mi\u00e9rcoles al menos 14 personas muertas en Damasco, en el ataque m\u00e1s sangriento de este tipo en a\u00f1os en la capital de Siria, inform\u00f3 la agencia de noticias estatal Sana.<\/p>\n<p>Una hora despu\u00e9s, <strong>un bombardeo del Ej\u00e9rcito mat\u00f3 a 13 personas, entre ellas diez civiles, en la norte\u00f1a provincia de Idleb, el \u00faltimo gran basti\u00f3n yihadista y rebelde<\/strong> en el noroeste, seg\u00fan la ONG Observatorio Sirio por los Derechos Humanos (OSDH).<\/p>\n<p>Hacia las 7 de la ma\u00f1ana, <strong>un colectivo militar que circulaba en proximidades de un puente estrat\u00e9gico de la capital \u00abfue blanco de un ataque terrorista con dos aparatos explosivos pegados al bus, causando la muerte de 14 personas<\/strong> y dejando varios heridos\u00bb, dijo Sana, que cit\u00f3 fuentes militares.<\/p>\n<blockquote readability=\"10\">\n<p>El ataque, que todav\u00eda no ha sido reivindicado, es el m\u00e1s mort\u00edfero desde un atentado que se atribuy\u00f3 el grupo yihadista Estado Isl\u00e1mico contra el Palacio de Justicia en marzo de 2017, y que dej\u00f3 unas 30 v\u00edctimas mortales<span class=\"comilla\">\u201d<\/span><\/p>\n<\/blockquote>\n<p>Im\u00e1genes divulgadas por la agencia de noticias mostraron un colectivo en llamas y un equipo que se ocupaba de desactivar un tercer explosivo plantado en la misma zona.<\/p>\n<p><strong>Damasco no hab\u00eda sido tan golpeada por la violencia de la guerra siria, especialmente desde que militares y milicias aliadas tomaran en 2018 el \u00faltimo basti\u00f3n rebelde cerca de la capital.<\/strong><\/p>\n<p>El ataque, que todav\u00eda no ha sido reivindicado, es el m\u00e1s mort\u00edfero en Damasco desde un atentado que se atribuy\u00f3 el grupo yihadista Estado Isl\u00e1mico (EI) contra el Palacio de Justicia en marzo de 2017, y que dej\u00f3 unas 30 v\u00edctimas mortales.<\/p>\n<p>Aproximadamente una hora despu\u00e9s de la explosi\u00f3n, el ej\u00e9rcito bombarde\u00f3 la ciudad de Ariha, en la provincia de Idleb, severamente castigada por la guerra.<\/p>\n<blockquote readability=\"9\">\n<p>La acci\u00f3n, que provoc\u00f3 13 v\u00edctimas mortales, entre ellas al menos un combatiente, se produjo en un \u00e1rea concurrida de la ciudad en la hora punta de entrada a la escuela<span class=\"comilla\">\u201d<\/span><\/p>\n<\/blockquote>\n<p>La acci\u00f3n, que provoc\u00f3 13 v\u00edctimas mortales, entre ellas al menos un combatiente, se produjo en un \u00e1rea concurrida de la ciudad en la hora punta de entrada a la escuela, indic\u00f3 el OSDH. Tres de las v\u00edctimas eran ni\u00f1os, a\u00f1adi\u00f3 la ONG.<\/p>\n<p><strong>Se trata de uno de los ataques m\u00e1s sangrientos desde que entr\u00f3 en vigor una tregua en Idleb<\/strong>, en marzo de 2020, auspiciada por Rusia y Turqu\u00eda, los dos principales actores extranjeros en el conflicto sirio.<\/p>\n<p>Numerosos rebeldes y yihadistas procedentes de otras zonas se han reagrupado en esta provincia, dominada por el grupo yihadista Hayat Tahrir Al Sham (HTS), que integra a los l\u00edderes de la antigua franquicia siria de la red Al Qaeda.<\/p>\n<p>Ambos acontecimientos ponen en entredicho los mensajes del Gobierno conforme los diez a\u00f1os de guerra han quedado atr\u00e1s y la estabilidad est\u00e1 garantizada para iniciar cuanto antes los proyectos de reconstrucci\u00f3n e inversi\u00f3n.<\/p>\n<blockquote readability=\"8\">\n<p>El autoproclamado califato del Estado Isl\u00e1mico, que impuso su brutal ley en amplias partes de Siria e Irak, perdi\u00f3 terreno hasta desaparecer a principios de 2019<span class=\"comilla\">\u201d<\/span><\/p>\n<\/blockquote>\n<p>El Gobierno del presidente Bashar al Assad se esfuerza en salir del aislamiento internacional y hab\u00eda logrado algunos progresos recientemente.<\/p>\n<p>Hasta ahora, medio mill\u00f3n de personas han fallecido por este conflicto, estallado con la brutal represi\u00f3n de las protestas surgidas en 2011 en el marco de la Primavera \u00c1rabe, seg\u00fan datos el OSDH.<\/p>\n<p><strong>La guerra tambi\u00e9n provoc\u00f3 el mayor desplazamiento forzado por la violencia desde la Segunda Guerra Mundial<\/strong>. La mitad de los 22 millones de habitantes sirios de antes del conflicto se vieron forzados a dejar sus casas en alg\u00fan momento.<\/p>\n<p>La posici\u00f3n de Al Assad lleg\u00f3 a pender de un hilo cuando sus fuerzas apenas controlaban un quinto del territorio sirio, pero la intervenci\u00f3n militar de Rusia en 2015 le permiti\u00f3 iniciar una larga y sangrienta reconquista.<\/p>\n<p>Apoyado tambi\u00e9n por Ir\u00e1n y milicias aliadas, <strong>el Ej\u00e9rcito ha recuperado casi todas las ciudades principales de Siria, aunque las fuerzas kurdas apoyadas por Estados Unidas todav\u00eda controlan el noreste<\/strong>.<\/p>\n<p>El autoproclamado califato del Estado Isl\u00e1mico, que impuso su brutal ley en amplias partes de Siria e Irak, perdi\u00f3 terreno hasta desaparecer a principios de 2019.<\/p>\n<p>Los restos del EI en el este de Siria han pasado a la clandestinidad pero contin\u00faan acosando al Gobierno y sus fuerzas aliadas, especialmente en zonas des\u00e9rticas. <\/p>\n","protected":false},"excerpt":{"rendered":"<p>El ataque dej\u00f3 este mi\u00e9rcoles al menos 14 personas muertas. Foto: AFP. Un atentado con explosivos contra un colectivo del Ej\u00e9rcito sirio dej\u00f3 este mi\u00e9rcoles al menos 14 personas muertas en Damasco, en el ataque m\u00e1s sangriento de este tipo en a\u00f1os en la capital de Siria, inform\u00f3 la agencia de noticias estatal Sana. Una [&hellip;]<\/p>\n","protected":false},"author":1,"featured_media":31292,"comment_status":"open","ping_status":"closed","sticky":false,"template":"","format":"standard","meta":[],"categories":[24],"tags":[],"_links":{"self":[{"href":"http:\/\/hoycordobaweb.com\/index.php\/wp-json\/wp\/v2\/posts\/31291"}],"collection":[{"href":"http:\/\/hoycordobaweb.com\/index.php\/wp-json\/wp\/v2\/posts"}],"about":[{"href":"http:\/\/hoycordobaweb.com\/index.php\/wp-json\/wp\/v2\/types\/post"}],"author":[{"embeddable":true,"href":"http:\/\/hoycordobaweb.com\/index.php\/wp-json\/wp\/v2\/users\/1"}],"replies":[{"embeddable":true,"href":"http:\/\/hoycordobaweb.com\/index.php\/wp-json\/wp\/v2\/comments?post=31291"}],"version-history":[{"count":0,"href":"http:\/\/hoycordobaweb.com\/index.php\/wp-json\/wp\/v2\/posts\/31291\/revisions"}],"wp:featuredmedia":[{"embeddable":true,"href":"http:\/\/hoycordobaweb.com\/index.php\/wp-json\/wp\/v2\/media\/31292"}],"wp:attachment":[{"href":"http:\/\/hoycordobaweb.com\/index.php\/wp-json\/wp\/v2\/media?parent=31291"}],"wp:term":[{"taxonomy":"category","embeddable":true,"href":"http:\/\/hoycordobaweb.com\/index.php\/wp-json\/wp\/v2\/categories?post=31291"},{"taxonomy":"post_tag","embeddable":true,"href":"http:\/\/hoycordobaweb.com\/index.php\/wp-json\/wp\/v2\/tags?post=31291"}],"curies":[{"name":"wp","href":"https:\/\/api.w.org\/{rel}","templated":true}]}}