{"id":31284,"date":"2021-10-19T19:22:00","date_gmt":"2021-10-19T19:22:00","guid":{"rendered":"https:\/\/fm-comunicar.com.ar\/contenido\/18376\/el-indio-rojas-anticipo-su-actuacion-en-la-pena-del-deportivo-colon"},"modified":"2021-10-19T19:22:00","modified_gmt":"2021-10-19T19:22:00","slug":"el-indio-rojas-anticipo-su-actuacion-en-la-pena-del-deportivo-colon","status":"publish","type":"post","link":"http:\/\/hoycordobaweb.com\/index.php\/2021\/10\/19\/el-indio-rojas-anticipo-su-actuacion-en-la-pena-del-deportivo-colon\/","title":{"rendered":"El Indio Rojas anticip\u00f3 su actuaci\u00f3n en la Pe\u00f1a del Deportivo Col\u00f3n"},"content":{"rendered":"<p>Desde su casa en Anisacate, el salte\u00f1o se mostr\u00f3 feliz por el momento art\u00edstico que vive, su agradecimiento al Festival por consagrarlo en su etapa solista y el regreso a los escenarios tras la pandemia.<img src=\"http:\/\/hoycordobaweb.com\/wp-content\/uploads\/2021\/10\/el-indio-rojas-anticipo-su-actuacion-en-la-pena-del-deportivo-colon.jpg\"><\/p>\n","protected":false},"excerpt":{"rendered":"<p>Desde su casa en Anisacate, el salte\u00f1o se mostr\u00f3 feliz por el momento art\u00edstico que vive, su agradecimiento al Festival por consagrarlo en su etapa solista y el regreso a los escenarios tras la pandemia.<\/p>\n","protected":false},"author":1,"featured_media":31285,"comment_status":"closed","ping_status":"closed","sticky":false,"template":"","format":"standard","meta":[],"categories":[18],"tags":[],"_links":{"self":[{"href":"http:\/\/hoycordobaweb.com\/index.php\/wp-json\/wp\/v2\/posts\/31284"}],"collection":[{"href":"http:\/\/hoycordobaweb.com\/index.php\/wp-json\/wp\/v2\/posts"}],"about":[{"href":"http:\/\/hoycordobaweb.com\/index.php\/wp-json\/wp\/v2\/types\/post"}],"author":[{"embeddable":true,"href":"http:\/\/hoycordobaweb.com\/index.php\/wp-json\/wp\/v2\/users\/1"}],"replies":[{"embeddable":true,"href":"http:\/\/hoycordobaweb.com\/index.php\/wp-json\/wp\/v2\/comments?post=31284"}],"version-history":[{"count":0,"href":"http:\/\/hoycordobaweb.com\/index.php\/wp-json\/wp\/v2\/posts\/31284\/revisions"}],"wp:featuredmedia":[{"embeddable":true,"href":"http:\/\/hoycordobaweb.com\/index.php\/wp-json\/wp\/v2\/media\/31285"}],"wp:attachment":[{"href":"http:\/\/hoycordobaweb.com\/index.php\/wp-json\/wp\/v2\/media?parent=31284"}],"wp:term":[{"taxonomy":"category","embeddable":true,"href":"http:\/\/hoycordobaweb.com\/index.php\/wp-json\/wp\/v2\/categories?post=31284"},{"taxonomy":"post_tag","embeddable":true,"href":"http:\/\/hoycordobaweb.com\/index.php\/wp-json\/wp\/v2\/tags?post=31284"}],"curies":[{"name":"wp","href":"https:\/\/api.w.org\/{rel}","templated":true}]}}