{"id":31265,"date":"2021-10-19T12:49:00","date_gmt":"2021-10-19T12:49:00","guid":{"rendered":"http:\/\/hoycordobaweb.com\/index.php\/2021\/10\/19\/segundo-dia-de-acampe-en-reclamo-por-las-personas-en-situacion-de-calle\/"},"modified":"2021-10-19T12:49:00","modified_gmt":"2021-10-19T12:49:00","slug":"segundo-dia-de-acampe-en-reclamo-por-las-personas-en-situacion-de-calle","status":"publish","type":"post","link":"http:\/\/hoycordobaweb.com\/index.php\/2021\/10\/19\/segundo-dia-de-acampe-en-reclamo-por-las-personas-en-situacion-de-calle\/","title":{"rendered":"Segundo d\u00eda de acampe en reclamo por las personas en situaci\u00f3n de calle"},"content":{"rendered":"<p><img src=\"http:\/\/hoycordobaweb.com\/wp-content\/uploads\/2021\/10\/segundo-dia-de-acampe-en-reclamo-por-las-personas-en-situacion-de-calle.jpg\"><\/p>\n<div class=\"image\" id=\"image\" readability=\"9\"> <img src=\"http:\/\/hoycordobaweb.com\/wp-content\/uploads\/2021\/10\/segundo-dia-de-acampe-en-reclamo-por-las-personas-en-situacion-de-calle-2.jpg\" alt=\"Militantes y dirigentes de Proyecto 7, una organizaci\u00f3n social en defensa de los derechos de personas en situaci\u00f3n de calle.\" title=\"Militantes y dirigentes de Proyecto 7, una organizaci\u00f3n social en defensa de los derechos de personas en situaci\u00f3n de calle.\"><\/p>\n<p>Militantes y dirigentes de Proyecto 7, una organizaci\u00f3n social en defensa de los derechos de personas en situaci\u00f3n de calle.<\/p>\n<\/div>\n<p>Militantes y dirigentes de <a href=\"https:\/\/proyecto7.org\/\" target=\"_blank\" rel=\"noopener noreferrer\">Proyecto 7<\/a>, <a href=\"https:\/\/proyecto7.org\/\" target=\"_blank\" rel=\"noopener noreferrer\">una organizaci\u00f3n social en defensa de los derechos de personas en situaci\u00f3n de calle<\/a>, realizaban este martes su segunda jornada de acampe frente a la sede del Congreso Nacional, <strong>en reclamo de la sanci\u00f3n de un proyecto de ley<\/strong> que impulsan para proteger a las personas en situaci\u00f3n de calle y familias sin vivienda.<\/p>\n<p>Horacio \u00c1vila, coordinador nacional de Proyecto 7, dijo a T\u00e9lam que la protesta \u00abse mantendr\u00e1 por una semana\u00bb, en un campamento donde habr\u00e1 ollas populares, radio abierta durante todo el d\u00eda, y mesa de debates para explicar el proyecto de ley que reclaman a los diputados de los diversos bloques pol\u00edticos.<\/p>\n<p>\u00abNosotros seguimos diciendo que la calle no es un lugar para vivir\u00bb, dijo \u00c1vila y pidi\u00f3 \u00abel tratamiento ya del proyecto de ley de beneficios para la gente en situaci\u00f3n de calle y las familias sin techo\u00bb.<\/p>\n<p>En ese sentido, el referente social explic\u00f3: \u00abHasta el pr\u00f3ximo viernes, nos quedaremos en las puertas del Congreso Nacional, sobre la avenida Entre R\u00edos, para reclamar por el tratamiento de la ley para las personas en situaci\u00f3n de calle y para las familias sin techo. No podemos esperar m\u00e1s y la movilizaci\u00f3n es el camino\u00bb.<\/p>\n<p>\u00abNos quedaremos toda la semana -a\u00f1adi\u00f3 \u00c1vila- con desayunos y ollas populares por las noches y much\u00edsimas actividades, acompa\u00f1ados por una radio abierta, donde vamos a explicar durante todo el d\u00eda, los puntos principales de la ley\u00bb.<\/p>\n<p>A comienzo de octubre, la ausencia del bloque de diputados de Juntos por el Cambio (JxC) <strong>dej\u00f3 sin qu\u00f3rum la sesi\u00f3n donde se deb\u00eda tratar el proyecto para personas en situaci\u00f3n de calle.<\/strong> <\/p>\n","protected":false},"excerpt":{"rendered":"<p>Militantes y dirigentes de Proyecto 7, una organizaci\u00f3n social en defensa de los derechos de personas en situaci\u00f3n de calle. Militantes y dirigentes de Proyecto 7, una organizaci\u00f3n social en defensa de los derechos de personas en situaci\u00f3n de calle, realizaban este martes su segunda jornada de acampe frente a la sede del Congreso Nacional, [&hellip;]<\/p>\n","protected":false},"author":1,"featured_media":31266,"comment_status":"open","ping_status":"closed","sticky":false,"template":"","format":"standard","meta":[],"categories":[19],"tags":[],"_links":{"self":[{"href":"http:\/\/hoycordobaweb.com\/index.php\/wp-json\/wp\/v2\/posts\/31265"}],"collection":[{"href":"http:\/\/hoycordobaweb.com\/index.php\/wp-json\/wp\/v2\/posts"}],"about":[{"href":"http:\/\/hoycordobaweb.com\/index.php\/wp-json\/wp\/v2\/types\/post"}],"author":[{"embeddable":true,"href":"http:\/\/hoycordobaweb.com\/index.php\/wp-json\/wp\/v2\/users\/1"}],"replies":[{"embeddable":true,"href":"http:\/\/hoycordobaweb.com\/index.php\/wp-json\/wp\/v2\/comments?post=31265"}],"version-history":[{"count":0,"href":"http:\/\/hoycordobaweb.com\/index.php\/wp-json\/wp\/v2\/posts\/31265\/revisions"}],"wp:featuredmedia":[{"embeddable":true,"href":"http:\/\/hoycordobaweb.com\/index.php\/wp-json\/wp\/v2\/media\/31266"}],"wp:attachment":[{"href":"http:\/\/hoycordobaweb.com\/index.php\/wp-json\/wp\/v2\/media?parent=31265"}],"wp:term":[{"taxonomy":"category","embeddable":true,"href":"http:\/\/hoycordobaweb.com\/index.php\/wp-json\/wp\/v2\/categories?post=31265"},{"taxonomy":"post_tag","embeddable":true,"href":"http:\/\/hoycordobaweb.com\/index.php\/wp-json\/wp\/v2\/tags?post=31265"}],"curies":[{"name":"wp","href":"https:\/\/api.w.org\/{rel}","templated":true}]}}